{"id":35306,"date":"2015-01-12T14:44:40","date_gmt":"2015-01-12T11:44:40","guid":{"rendered":"https:\/\/www.enerjigazetesi.ist\/?p=35306"},"modified":"2015-01-12T14:44:40","modified_gmt":"2015-01-12T11:44:40","slug":"der-spiegel-esed-gizlice-nukleer-santral-insa-ediyor","status":"publish","type":"post","link":"https:\/\/www.enerjigazetesi.ist\/en\/der-spiegel-esed-gizlice-nukleer-santral-insa-ediyor\/","title":{"rendered":"(Turkish) Der Spiegel: \u201cEsed, Gizlice N\u00fckleer Santral \u0130n\u015fa Ediyor\u201d"},"content":{"rendered":"<p class=\"qtranxs-available-languages-message qtranxs-available-languages-message-en\">Sorry, this entry is only available in <a href=\"https:\/\/www.enerjigazetesi.ist\/tr\/wp-json\/wp\/v2\/posts\/35306\" class=\"qtranxs-available-language-link qtranxs-available-language-link-tr\" title=\"Turkish\">Turkish<\/a>. For the sake of viewer convenience, the content is shown below in the alternative language. You may click the link to switch the active language.<\/p><p><\/p>\n<p style=\"color: #000000;\"><strong>Almanya\u2019n\u0131n \u00f6nde gelen dergilerinden Der Spiegel, Suriye y\u00f6netiminin yer alt\u0131nda gizli bir n\u00fckleer santral in\u015fa etti\u011fini yazd\u0131.<\/strong><span id=\"more-69709\"><\/span><\/p>\n<p style=\"color: #000000;\">Derginin bug\u00fcn yay\u0131nlanan say\u0131s\u0131nda, Be\u015f\u015far Esed\u2019in \u00fclkenin do\u011fusunda L\u00fcbnan s\u0131n\u0131r\u0131na iki kilometre mesafedeki El Kuseyr b\u00f6lgesinde gizlice n\u00fckleer santral <a href=\"https:\/\/www.enerjigazetesi.ist\/wp-content\/uploads\/2015\/01\/suriye-esed-2387927983.jpg\"><img loading=\"lazy\" class=\"alignleft  wp-image-35307\" src=\"https:\/\/www.enerjigazetesi.ist\/wp-content\/uploads\/2015\/01\/suriye-esed-2387927983-300x156.jpg\" alt=\"suriye-esed-2387927983\" width=\"300\" height=\"182\" \/><\/a>in\u015fas\u0131n\u0131 s\u00fcrd\u00fcrd\u00fc\u011f\u00fcn\u00fc iddia etti. Dergi, n\u00fckleer santralle ilgili gizli belgeleri ve uydu foto\u011fraflar\u0131n\u0131 yay\u0131nlad\u0131. N\u00fckleer santralin yer alt\u0131nda kuruldu\u011fu ve su kaynaklar\u0131na yak\u0131n da\u011fl\u0131k bir alanda oldu\u011fu dikkat \u00e7ekildi.<\/p>\n<p style=\"color: #000000;\">Derginin haberinde, \u201cSava\u015f sebebiyle \u00fclkesinden ka\u00e7an insanlara ra\u011fmen Be\u015f\u015far Esed n\u00fckleer bomba \u00fcretme planlar\u0131ndan vazge\u00e7mi\u015f g\u00f6r\u00fcnm\u00fcyor\u201d de\u011ferlendirmesi yap\u0131ld\u0131.<\/p>\n<p style=\"color: #000000;\">Haberde ayr\u0131ca; belgeleri inceleyen Bat\u0131l\u0131 uzmanlar\u0131n bunun \u201cZemzem\u201d kod adl\u0131 n\u00fckleer reakt\u00f6r ve uranyum zenginle\u015ftirme projesinin par\u00e7as\u0131 olabilece\u011fi y\u00f6n\u00fcnde g\u00f6r\u00fc\u015f bildirdikleri belirtiliyor. Uzmanlar, Zemzem projesine Kuzey Koreli ve \u0130ranl\u0131 uzmanlar\u0131n da d\u00e2hil olabilece\u011fini ifade ediyor.<\/p>\n<p style=\"color: #000000;\">Kaynak: Enerji Enstit\u00fcs\u00fc<\/p>\n<p><\/p>","protected":false},"excerpt":{"rendered":"<p>Sorry, this entry is only available in Turkish. For the sake of viewer convenience, the content is shown below in the alternative language. You may click the link to switch the active language. Almanya\u2019n\u0131n \u00f6nde gelen dergilerinden Der Spiegel, Suriye y\u00f6netiminin yer alt\u0131nda gizli bir n\u00fckleer santral in\u015fa etti\u011fini yazd\u0131. Derginin bug\u00fcn yay\u0131nlanan say\u0131s\u0131nda, Be\u015f\u015far [&hellip;]<\/p>\n","protected":false},"author":1,"featured_media":35307,"comment_status":"open","ping_status":"open","sticky":false,"template":"","format":"standard","meta":[],"categories":[53,43],"tags":[20754,20755,20756,20757,20758,20759,3020,4731,10000],"views":675,"_links":{"self":[{"href":"https:\/\/www.enerjigazetesi.ist\/en\/wp-json\/wp\/v2\/posts\/35306"}],"collection":[{"href":"https:\/\/www.enerjigazetesi.ist\/en\/wp-json\/wp\/v2\/posts"}],"about":[{"href":"https:\/\/www.enerjigazetesi.ist\/en\/wp-json\/wp\/v2\/types\/post"}],"author":[{"embeddable":true,"href":"https:\/\/www.enerjigazetesi.ist\/en\/wp-json\/wp\/v2\/users\/1"}],"replies":[{"embeddable":true,"href":"https:\/\/www.enerjigazetesi.ist\/en\/wp-json\/wp\/v2\/comments?post=35306"}],"version-history":[{"count":1,"href":"https:\/\/www.enerjigazetesi.ist\/en\/wp-json\/wp\/v2\/posts\/35306\/revisions"}],"predecessor-version":[{"id":35308,"href":"https:\/\/www.enerjigazetesi.ist\/en\/wp-json\/wp\/v2\/posts\/35306\/revisions\/35308"}],"wp:featuredmedia":[{"embeddable":true,"href":"https:\/\/www.enerjigazetesi.ist\/en\/wp-json\/wp\/v2\/media\/35307"}],"wp:attachment":[{"href":"https:\/\/www.enerjigazetesi.ist\/en\/wp-json\/wp\/v2\/media?parent=35306"}],"wp:term":[{"taxonomy":"category","embeddable":true,"href":"https:\/\/www.enerjigazetesi.ist\/en\/wp-json\/wp\/v2\/categories?post=35306"},{"taxonomy":"post_tag","embeddable":true,"href":"https:\/\/www.enerjigazetesi.ist\/en\/wp-json\/wp\/v2\/tags?post=35306"}],"curies":[{"name":"wp","href":"https:\/\/api.w.org\/{rel}","templated":true}]}}