{"id":35295,"date":"2015-01-12T10:27:28","date_gmt":"2015-01-12T07:27:28","guid":{"rendered":"https:\/\/www.enerjigazetesi.ist\/?p=35295"},"modified":"2015-01-12T10:27:28","modified_gmt":"2015-01-12T07:27:28","slug":"trabzonda-hes-insaatina-cig-dustu","status":"publish","type":"post","link":"https:\/\/www.enerjigazetesi.ist\/en\/trabzonda-hes-insaatina-cig-dustu\/","title":{"rendered":"(Turkish) Trabzon\u2019da HES \u0130n\u015faat\u0131na \u00c7\u0131\u011f D\u00fc\u015ft\u00fc&#8230;"},"content":{"rendered":"<p class=\"qtranxs-available-languages-message qtranxs-available-languages-message-en\">Sorry, this entry is only available in <a href=\"https:\/\/www.enerjigazetesi.ist\/tr\/wp-json\/wp\/v2\/posts\/35295\" class=\"qtranxs-available-language-link qtranxs-available-language-link-tr\" title=\"Turkish\">Turkish<\/a>. For the sake of viewer convenience, the content is shown below in the alternative language. You may click the link to switch the active language.<\/p><p><\/p>\n<p style=\"color: #000000;\"><strong>Trabzon \u2018un \u00c7aykara \u0130l\u00e7esi\u2019nde yap\u0131m\u0131 devam eden Balkodu- 2 Hidroelektrik Santral\u0131 in\u015faat alan\u0131na \u00e7\u0131\u011f d\u00fc\u015ft\u00fc. \u0130lk belirlemelere g\u00f6re 1 i\u015f\u00e7i \u00f6l\u00fcrken, \u00e7\u0131\u011f alt\u0131ndaki 4 i\u015f\u00e7iyi kurtarma \u00e7al\u0131\u015fmas\u0131 ba\u015flat\u0131ld\u0131.<\/strong><\/p>\n<p style=\"color: #000000;\">Olay, Trabzon-Bayburt s\u0131n\u0131r\u0131ndaki b\u00f6lgede Balkodu Deresi \u00fczerine in\u015fa edilen Balkodu- 2 Hidroelektrik Santral\u0131 \u015fantiyesinde saat 13.00 s\u0131ralar\u0131<a href=\"https:\/\/www.enerjigazetesi.ist\/wp-content\/uploads\/2015\/01\/trabzon-hes-insaat-cig-dustu1.jpg\"><img loading=\"lazy\" class=\"alignright  wp-image-35296\" src=\"https:\/\/www.enerjigazetesi.ist\/wp-content\/uploads\/2015\/01\/trabzon-hes-insaat-cig-dustu1-300x136.jpg\" alt=\"trabzon-hes-insaat-cig-dustu1\" width=\"300\" height=\"199\" \/><\/a>nda meydana geldi. Tepeden kopan \u00e7\u0131\u011f, t\u00fcnel in\u015faat\u0131n\u0131n giri\u015finde \u00e7al\u0131\u015fan i\u015f\u00e7ilerin \u00fczerine d\u00fc\u015ft\u00fc.<span id=\"more-69691\"><\/span><\/p>\n<p style=\"color: #000000;\">Olay\u0131n duyulmas\u0131 \u00fczerine b\u00f6lgeye AFAD ekipleri sevk edildi. K\u00f6yl\u00fclerin de ula\u015ft\u0131\u011f\u0131 HES \u015fantiyesinde \u00e7\u0131\u011f alt\u0131ndaki i\u015f\u00e7ileri kurtarmak i\u00e7in \u00e7al\u0131\u015fma ba\u015flat\u0131ld\u0131.<\/p>\n<p style=\"color: #000000;\">\u00c7aykara Kaymakam\u0131 Mustafa G\u00fcl, \u00e7\u0131\u011f\u0131n meydana geldi\u011fi Balkodu-2 HES in\u015faat\u0131nda kurtarma \u00e7al\u0131\u015fmalar\u0131n\u0131n ba\u015flat\u0131ld\u0131\u011f\u0131n\u0131 s\u00f6yledi. Kaymakam G\u00fcl, ilk bilgilere g\u00f6re 1 i\u015f\u00e7inin \u00f6ld\u00fc\u011f\u00fcn\u00fc, 4 i\u015f\u00e7iyi kurtarma \u00e7al\u0131\u015fmas\u0131n\u0131n s\u00fcrd\u00fc\u011f\u00fcn\u00fc a\u00e7\u0131klad\u0131.<\/p>\n<p style=\"color: #000000;\">Balkodu-1 ve Balkodu-2 Hidroelektrik Santrallar\u0131n\u0131n yap\u0131m\u0131n\u0131 engellemek i\u00e7in \u00e7evreciler uzun s\u00fcre eylem yapm\u0131\u015f, sonunda HES in\u015faatlar\u0131 ba\u015flam\u0131\u015ft\u0131.<\/p>\n<p style=\"color: #000000;\">Kaynak: Enerji Enstit\u00fcs\u00fc<\/p>\n<p><\/p>","protected":false},"excerpt":{"rendered":"<p>Sorry, this entry is only available in Turkish. For the sake of viewer convenience, the content is shown below in the alternative language. You may click the link to switch the active language. Trabzon \u2018un \u00c7aykara \u0130l\u00e7esi\u2019nde yap\u0131m\u0131 devam eden Balkodu- 2 Hidroelektrik Santral\u0131 in\u015faat alan\u0131na \u00e7\u0131\u011f d\u00fc\u015ft\u00fc. \u0130lk belirlemelere g\u00f6re 1 i\u015f\u00e7i \u00f6l\u00fcrken, \u00e7\u0131\u011f [&hellip;]<\/p>\n","protected":false},"author":1,"featured_media":35296,"comment_status":"open","ping_status":"open","sticky":false,"template":"","format":"standard","meta":[],"categories":[53,47],"tags":[20744,20745,20746],"views":759,"_links":{"self":[{"href":"https:\/\/www.enerjigazetesi.ist\/en\/wp-json\/wp\/v2\/posts\/35295"}],"collection":[{"href":"https:\/\/www.enerjigazetesi.ist\/en\/wp-json\/wp\/v2\/posts"}],"about":[{"href":"https:\/\/www.enerjigazetesi.ist\/en\/wp-json\/wp\/v2\/types\/post"}],"author":[{"embeddable":true,"href":"https:\/\/www.enerjigazetesi.ist\/en\/wp-json\/wp\/v2\/users\/1"}],"replies":[{"embeddable":true,"href":"https:\/\/www.enerjigazetesi.ist\/en\/wp-json\/wp\/v2\/comments?post=35295"}],"version-history":[{"count":1,"href":"https:\/\/www.enerjigazetesi.ist\/en\/wp-json\/wp\/v2\/posts\/35295\/revisions"}],"predecessor-version":[{"id":35297,"href":"https:\/\/www.enerjigazetesi.ist\/en\/wp-json\/wp\/v2\/posts\/35295\/revisions\/35297"}],"wp:featuredmedia":[{"embeddable":true,"href":"https:\/\/www.enerjigazetesi.ist\/en\/wp-json\/wp\/v2\/media\/35296"}],"wp:attachment":[{"href":"https:\/\/www.enerjigazetesi.ist\/en\/wp-json\/wp\/v2\/media?parent=35295"}],"wp:term":[{"taxonomy":"category","embeddable":true,"href":"https:\/\/www.enerjigazetesi.ist\/en\/wp-json\/wp\/v2\/categories?post=35295"},{"taxonomy":"post_tag","embeddable":true,"href":"https:\/\/www.enerjigazetesi.ist\/en\/wp-json\/wp\/v2\/tags?post=35295"}],"curies":[{"name":"wp","href":"https:\/\/api.w.org\/{rel}","templated":true}]}}