{"id":35256,"date":"2015-01-11T13:40:10","date_gmt":"2015-01-11T10:40:10","guid":{"rendered":"https:\/\/www.enerjigazetesi.ist\/?p=35256"},"modified":"2015-01-11T13:40:10","modified_gmt":"2015-01-11T10:40:10","slug":"opec-petrol-uretimini-azaltmayacak","status":"publish","type":"post","link":"https:\/\/www.enerjigazetesi.ist\/en\/opec-petrol-uretimini-azaltmayacak\/","title":{"rendered":"(Turkish) OPEC Petrol \u00dcretimini Azaltmayacak!"},"content":{"rendered":"<p class=\"qtranxs-available-languages-message qtranxs-available-languages-message-en\">Sorry, this entry is only available in <a href=\"https:\/\/www.enerjigazetesi.ist\/tr\/wp-json\/wp\/v2\/posts\/35256\" class=\"qtranxs-available-language-link qtranxs-available-language-link-tr\" title=\"Turkish\">Turkish<\/a>. For the sake of viewer convenience, the content is shown below in the alternative language. You may click the link to switch the active language.<\/p><p><strong>Petrol \u0130hra\u00e7 Eden \u00dclkeler \u00d6rg\u00fct\u00fc (OPEC) 27 Kas\u0131m\u2019da yapt\u0131\u011f\u0131 son toplant\u0131s\u0131nda Arap yar\u0131madas\u0131nda bulunmayan \u00fclkelerin aksi y\u00f6ndeki tercihlerine ra\u011fmen petrol \u00fcretimini azaltmama karar\u0131 ald\u0131.<\/strong><\/p>\n<p>OPEC \u00fcyesi en b\u00fcy\u00fck petrol ihracat\u00e7\u0131s\u0131 Suudi Arabistan\u2019\u0131n Petrol Bakan\u0131 Ali el Naimi, OPEC\u2019in ald\u0131\u011f\u0131 bu karar\u0131n<a href=\"https:\/\/www.enerjigazetesi.ist\/wp-content\/uploads\/2015\/01\/opec-petrol-uretimini-azaltmayacak.jpg\"><img loading=\"lazy\" class=\"alignleft wp-image-35257 size-full\" src=\"https:\/\/www.enerjigazetesi.ist\/wp-content\/uploads\/2015\/01\/opec-petrol-uretimini-azaltmayacak.jpg\" alt=\"opec-petrol-uretimini-azaltmayacak\" width=\"300\" height=\"300\" srcset=\"https:\/\/www.enerjigazetesi.ist\/wp-content\/uploads\/2015\/01\/opec-petrol-uretimini-azaltmayacak.jpg 300w, https:\/\/www.enerjigazetesi.ist\/wp-content\/uploads\/2015\/01\/opec-petrol-uretimini-azaltmayacak-150x150.jpg 150w, https:\/\/www.enerjigazetesi.ist\/wp-content\/uploads\/2015\/01\/opec-petrol-uretimini-azaltmayacak-50x50.jpg 50w\" sizes=\"(max-width: 300px) 100vw, 300px\" \/><\/a> gerek\u00e7esini ABD\u2019li kaya petrol\u00fc \u00fcreticileri gibi alternatif kaynaklardan gelen rekabet kar\u015f\u0131s\u0131nda pazar paylar\u0131n\u0131 korumaya \u00e7al\u0131\u015fmak \u015feklinde a\u00e7\u0131klam\u0131\u015ft\u0131.<\/p>\n<p>Petrol fiyatlar\u0131n\u0131n haziran ay\u0131ndan bu yana neredeyse yar\u0131 yar\u0131ya d\u00fc\u015fmesi ve k\u00fc\u00e7\u00fck \u00fcreticilerin ekonomilerine verdi\u011fi zarar, Arap yar\u0131madas\u0131nda bulunmayan OPEC \u00fcyesi \u00fclkelerindeki endi\u015feleri art\u0131r\u0131yor. Brent petrol\u00fcn\u00fcn varil fiyat\u0131 \u00c7ar\u015famba g\u00fcn\u00fc 49.66 dolara kadar geriledikten sonra 51 dolar seviyesinde bulunuyor.<\/p>\n<p>OPEC\u2019in tahminlerine g\u00f6re OPEC \u00fcyesi olmayan \u00fclkelerin \u00fcretimi art\u0131rmalar\u0131 ve k\u00fcresel talepteki zay\u0131f art\u0131\u015f nedeniyle petrol piyasas\u0131ndaki arz fazlas\u0131 bu y\u0131l artacak.<\/p>\n<p>Buna kar\u015f\u0131l\u0131k OPEC\u2019in \u00fcretiminin yar\u0131s\u0131ndan fazlas\u0131n\u0131 olu\u015fturan Arap yar\u0131madas\u0131ndaki \u00fcyeler \u00fcretimin azalt\u0131lmayaca\u011f\u0131n\u0131 \u0131srarla tekrar ediyorlar. Buna g\u00f6re fiyatlardaki d\u00fc\u015f\u00fc\u015f rakip \u00fcretimi yava\u015flatacak ve ekonomik b\u00fcy\u00fcmeyi destekleyerek t\u00fcketimi art\u0131racak.<\/p>\n<p>Basra K\u00f6rfezi\u2019ne k\u0131y\u0131s\u0131 bulunan OPEC \u00fcyesi bir \u00fclkenin delegesi, \u00fcretim azaltmama karar\u0131n\u0131n yeniden de\u011ferlendirilmesinin \u201cihtimal dahilinde olmad\u0131\u011f\u0131n\u0131\u201d belirtirken, di\u011fer bir delege arz fazlas\u0131ndan OPEC d\u0131\u015f\u0131ndaki \u00fcreticileri sorumlu tuttu. \u0130kinci delege, \u201cNaimi a\u00e7\u0131k\u00e7a s\u00f6yledi. OPEC tek ba\u015f\u0131na \u00fcretim azaltmayacak\u201d dedi.<\/p>\n<p>OPEC \u00fclkelerinin bakanlar\u0131 ve delegeleri piyasadaki arz fazlas\u0131ndan Rusya, Meksika ve Kazakistan\u2019\u0131n yan\u0131 s\u0131ra ABD\u2019deki kaya petrol\u00fc \u00fcreticilerini sorumlu tutuyor.<\/p>\n<p>ABD\u2019nin petrol \u00fcretimi, Kuzey Dakota ve Teksas eyaletlerinde ortaya \u00e7\u0131kan ve ani b\u00fcy\u00fcme g\u00f6steren kaya petrol\u00fc sekt\u00f6r\u00fc sayesinde ge\u00e7en alt\u0131 y\u0131lda g\u00fcnde 5 milyon varilden 9 milyon varilin \u00fczerine \u00e7\u0131kt\u0131. S\u00f6z konusu rakam ABD\u2019deki \u00fcretimin neredeyse 30 y\u0131l\u0131n zirvesiney\u00fckseldi\u011fini g\u00f6steriyor.<\/p>\n<p>Petrol fiyat\u0131n\u0131n 50 dolar\u0131n alt\u0131na inmesinin ard\u0131ndan Reuters\u2019a bilgi veren delegeler, konu hakk\u0131nda a\u00e7\u0131klama yetkileri olmad\u0131\u011f\u0131 i\u00e7in isimlerinin kullan\u0131lmas\u0131n\u0131 istemediler.<\/p>\n<p>OPEC Kas\u0131m ay\u0131ndaki toplant\u0131s\u0131nda g\u00fcnde 30 milyon varil olan petrol \u00fcretim hedefini korudu. OPEC\u2019in Afrikal\u0131 \u00fcyeleri, Venez\u00fcella ve \u0130ran ise \u00fcretimin azalt\u0131lmas\u0131n\u0131 istiyorlard\u0131. Petrol fiyatlar\u0131nda devam eden d\u00fc\u015f\u00fc\u015fle birlikte Cezayir ve Libya da \u00fcretimin azalt\u0131lmas\u0131n\u0131 isteyen \u00fclkelere kat\u0131ld\u0131.<\/p>\n<p>Kaynak: <a href=\"http:\/\/energyworld.com.tr\/opec-petrol-uretimini-azaltmayacak.html\" target=\"_blank\" rel=\"nofollow\">Energy World<\/a><\/p>","protected":false},"excerpt":{"rendered":"<p>Sorry, this entry is only available in Turkish. For the sake of viewer convenience, the content is shown below in the alternative language. You may click the link to switch the active language.Petrol \u0130hra\u00e7 Eden \u00dclkeler \u00d6rg\u00fct\u00fc (OPEC) 27 Kas\u0131m\u2019da yapt\u0131\u011f\u0131 son toplant\u0131s\u0131nda Arap yar\u0131madas\u0131nda bulunmayan \u00fclkelerin aksi y\u00f6ndeki tercihlerine ra\u011fmen petrol \u00fcretimini azaltmama karar\u0131 [&hellip;]<\/p>\n","protected":false},"author":1,"featured_media":35257,"comment_status":"open","ping_status":"open","sticky":false,"template":"","format":"standard","meta":[],"categories":[53,44],"tags":[63,67,1009,165,1377,59,79,6790,1369,1854],"views":399,"_links":{"self":[{"href":"https:\/\/www.enerjigazetesi.ist\/en\/wp-json\/wp\/v2\/posts\/35256"}],"collection":[{"href":"https:\/\/www.enerjigazetesi.ist\/en\/wp-json\/wp\/v2\/posts"}],"about":[{"href":"https:\/\/www.enerjigazetesi.ist\/en\/wp-json\/wp\/v2\/types\/post"}],"author":[{"embeddable":true,"href":"https:\/\/www.enerjigazetesi.ist\/en\/wp-json\/wp\/v2\/users\/1"}],"replies":[{"embeddable":true,"href":"https:\/\/www.enerjigazetesi.ist\/en\/wp-json\/wp\/v2\/comments?post=35256"}],"version-history":[{"count":1,"href":"https:\/\/www.enerjigazetesi.ist\/en\/wp-json\/wp\/v2\/posts\/35256\/revisions"}],"predecessor-version":[{"id":35258,"href":"https:\/\/www.enerjigazetesi.ist\/en\/wp-json\/wp\/v2\/posts\/35256\/revisions\/35258"}],"wp:featuredmedia":[{"embeddable":true,"href":"https:\/\/www.enerjigazetesi.ist\/en\/wp-json\/wp\/v2\/media\/35257"}],"wp:attachment":[{"href":"https:\/\/www.enerjigazetesi.ist\/en\/wp-json\/wp\/v2\/media?parent=35256"}],"wp:term":[{"taxonomy":"category","embeddable":true,"href":"https:\/\/www.enerjigazetesi.ist\/en\/wp-json\/wp\/v2\/categories?post=35256"},{"taxonomy":"post_tag","embeddable":true,"href":"https:\/\/www.enerjigazetesi.ist\/en\/wp-json\/wp\/v2\/tags?post=35256"}],"curies":[{"name":"wp","href":"https:\/\/api.w.org\/{rel}","templated":true}]}}