{"id":35233,"date":"2015-01-10T14:28:56","date_gmt":"2015-01-10T11:28:56","guid":{"rendered":"https:\/\/www.enerjigazetesi.ist\/?p=35233"},"modified":"2015-01-10T14:28:56","modified_gmt":"2015-01-10T11:28:56","slug":"la-paz-sehrinin-elektriginin-tumu-gunesten-gelecek","status":"publish","type":"post","link":"https:\/\/www.enerjigazetesi.ist\/en\/la-paz-sehrinin-elektriginin-tumu-gunesten-gelecek\/","title":{"rendered":"(Turkish) La Paz \u015eehrinin Elektri\u011finin T\u00fcm\u00fc G\u00fcne\u015ften Gelecek&#8230;"},"content":{"rendered":"<p class=\"qtranxs-available-languages-message qtranxs-available-languages-message-en\">Sorry, this entry is only available in <a href=\"https:\/\/www.enerjigazetesi.ist\/tr\/wp-json\/wp\/v2\/posts\/35233\" class=\"qtranxs-available-language-link qtranxs-available-language-link-tr\" title=\"Turkish\">Turkish<\/a>. For the sake of viewer convenience, the content is shown below in the alternative language. You may click the link to switch the active language.<\/p><p><strong>Meksika`n\u0131n La Paz \u015fehri 2015 y\u0131l\u0131nda kurulacak yeni g\u00fcne\u015f santralleri ile birlikte elektri\u011fini tamamen g\u00fcne\u015ften kar\u015f\u0131layacak.<\/strong><a href=\"https:\/\/www.enerjigazetesi.ist\/wp-content\/uploads\/2015\/01\/la-paz-sehrinin-elektriginin-tumu-gunesten-gelecek.jpg\"><img loading=\"lazy\" class=\"alignright wp-image-35234 size-medium\" src=\"https:\/\/www.enerjigazetesi.ist\/wp-content\/uploads\/2015\/01\/la-paz-sehrinin-elektriginin-tumu-gunesten-gelecek-300x200.jpg\" alt=\"la-paz-sehrinin-elektriginin-tumu-gunesten-gelecek\" width=\"300\" height=\"200\" srcset=\"https:\/\/www.enerjigazetesi.ist\/wp-content\/uploads\/2015\/01\/la-paz-sehrinin-elektriginin-tumu-gunesten-gelecek-300x200.jpg 300w, https:\/\/www.enerjigazetesi.ist\/wp-content\/uploads\/2015\/01\/la-paz-sehrinin-elektriginin-tumu-gunesten-gelecek-74x50.jpg 74w, https:\/\/www.enerjigazetesi.ist\/wp-content\/uploads\/2015\/01\/la-paz-sehrinin-elektriginin-tumu-gunesten-gelecek.jpg 448w\" sizes=\"(max-width: 300px) 100vw, 300px\" \/><\/a><\/p>\n<p>200 binin biraz \u00fczerinde n\u00fcfusa sahip olan Meksika`n\u0131n La Paz \u015fehrinde ge\u00e7ti\u011fimiz y\u0131l i\u015fletmeye al\u0131nan Latin Amerika`n\u0131n en b\u00fcy\u00fck g\u00fcne\u015f enerjisi santrali30 MW`l\u0131k Aura Solar I`in \u015fehrin elektrik ihtiyac\u0131n\u0131n y\u00fczde 64`\u00fcn\u00fc (yakla\u015f\u0131k 164 bin insan) kar\u015f\u0131lamas\u0131n\u0131n ard\u0131ndan 2015 y\u0131l\u0131nda kurulacak olan Grupotec I Santrali ile \u015fehrin elektrik ihtiyac\u0131n\u0131n tamam\u0131 g\u00fcne\u015f enerjisinden kar\u015f\u0131lanacak.<\/p>\n<p>2015 y\u0131l\u0131nda tamamlanacak olan Grupotec I G\u00fcne\u015f Santrali 97 bin fotovoltaik panel ile 30 MW kurulum kapasitesine sahip olacak ve 11 MW depolama kapasitesine sahip olacak.<\/p>\n<p>Kaynak: <a href=\"http:\/\/enerjigunlugu.net\/la-paz-sehrinin-elektriginin-tumu-gunesten-gelecek_11691.html\" target=\"_blank\" rel=\"nofollow\">Enerji G\u00fcnl\u00fc\u011f\u00fc<\/a><\/p>","protected":false},"excerpt":{"rendered":"<p>Sorry, this entry is only available in Turkish. For the sake of viewer convenience, the content is shown below in the alternative language. You may click the link to switch the active language.Meksika`n\u0131n La Paz \u015fehri 2015 y\u0131l\u0131nda kurulacak yeni g\u00fcne\u015f santralleri ile birlikte elektri\u011fini tamamen g\u00fcne\u015ften kar\u015f\u0131layacak. 200 binin biraz \u00fczerinde n\u00fcfusa sahip olan [&hellip;]<\/p>\n","protected":false},"author":1,"featured_media":35234,"comment_status":"open","ping_status":"open","sticky":false,"template":"","format":"standard","meta":[],"categories":[53,49],"tags":[63,67,1009,165,2326,227,6014,13,2325,20715,11280],"views":892,"_links":{"self":[{"href":"https:\/\/www.enerjigazetesi.ist\/en\/wp-json\/wp\/v2\/posts\/35233"}],"collection":[{"href":"https:\/\/www.enerjigazetesi.ist\/en\/wp-json\/wp\/v2\/posts"}],"about":[{"href":"https:\/\/www.enerjigazetesi.ist\/en\/wp-json\/wp\/v2\/types\/post"}],"author":[{"embeddable":true,"href":"https:\/\/www.enerjigazetesi.ist\/en\/wp-json\/wp\/v2\/users\/1"}],"replies":[{"embeddable":true,"href":"https:\/\/www.enerjigazetesi.ist\/en\/wp-json\/wp\/v2\/comments?post=35233"}],"version-history":[{"count":1,"href":"https:\/\/www.enerjigazetesi.ist\/en\/wp-json\/wp\/v2\/posts\/35233\/revisions"}],"predecessor-version":[{"id":35235,"href":"https:\/\/www.enerjigazetesi.ist\/en\/wp-json\/wp\/v2\/posts\/35233\/revisions\/35235"}],"wp:featuredmedia":[{"embeddable":true,"href":"https:\/\/www.enerjigazetesi.ist\/en\/wp-json\/wp\/v2\/media\/35234"}],"wp:attachment":[{"href":"https:\/\/www.enerjigazetesi.ist\/en\/wp-json\/wp\/v2\/media?parent=35233"}],"wp:term":[{"taxonomy":"category","embeddable":true,"href":"https:\/\/www.enerjigazetesi.ist\/en\/wp-json\/wp\/v2\/categories?post=35233"},{"taxonomy":"post_tag","embeddable":true,"href":"https:\/\/www.enerjigazetesi.ist\/en\/wp-json\/wp\/v2\/tags?post=35233"}],"curies":[{"name":"wp","href":"https:\/\/api.w.org\/{rel}","templated":true}]}}