{"id":3523,"date":"2012-11-16T11:17:14","date_gmt":"2012-11-16T08:17:14","guid":{"rendered":"https:\/\/www.enerjigazetesi.ist\/?p=3523"},"modified":"2012-11-16T11:17:14","modified_gmt":"2012-11-16T08:17:14","slug":"japonyada-nukleer-reaktorlerin-yeniden-acilmasina-tepki","status":"publish","type":"post","link":"https:\/\/www.enerjigazetesi.ist\/en\/japonyada-nukleer-reaktorlerin-yeniden-acilmasina-tepki\/","title":{"rendered":"(Turkish) Japonya&#8217;da N\u00fckleer Reakt\u00f6rlerin Yeniden A\u00e7\u0131lmas\u0131na Tepki"},"content":{"rendered":"<p class=\"qtranxs-available-languages-message qtranxs-available-languages-message-en\">Sorry, this entry is only available in <a href=\"https:\/\/www.enerjigazetesi.ist\/tr\/wp-json\/wp\/v2\/posts\/3523\" class=\"qtranxs-available-language-link qtranxs-available-language-link-tr\" title=\"Turkish\">Turkish<\/a>. For the sake of viewer convenience, the content is shown below in the alternative language. You may click the link to switch the active language.<\/p><p><strong>Ge\u00e7ti\u011fimiz y\u0131l meydana gelen deprem ve tsunami felaketinde zarar g\u00f6ren Fukushima n\u00fckleer reakt\u00f6r\u00fcn\u00fcn ard\u0131ndan t\u00fcm n\u00fckleer reakt\u00f6rler\u00fcn kapat\u0131ld\u0131\u011f\u0131 Japonya&#8217;da, reakt\u00f6rlerden ikisinin yeniden a\u00e7\u0131lmas\u0131 protestolara neden oldu.<\/strong><\/p>\n<p><img loading=\"lazy\" class=\"alignright size-medium wp-image-3524\" title=\"nukleer-reaktor-japonya\" src=\"https:\/\/www.enerjigazetesi.ist\/wp-content\/uploads\/2012\/11\/nukleer-reaktor-japonya-300x168.jpg\" alt=\"\" width=\"300\" height=\"168\" srcset=\"https:\/\/www.enerjigazetesi.ist\/wp-content\/uploads\/2012\/11\/nukleer-reaktor-japonya-300x168.jpg 300w, https:\/\/www.enerjigazetesi.ist\/wp-content\/uploads\/2012\/11\/nukleer-reaktor-japonya-500x280.jpg 500w, https:\/\/www.enerjigazetesi.ist\/wp-content\/uploads\/2012\/11\/nukleer-reaktor-japonya-80x44.jpg 80w, https:\/\/www.enerjigazetesi.ist\/wp-content\/uploads\/2012\/11\/nukleer-reaktor-japonya.jpg 530w\" sizes=\"(max-width: 300px) 100vw, 300px\" \/>Y\u00fczlerce n\u00fckleer kar\u015f\u0131t\u0131 Japon, ba\u015fkent Tokyo&#8217;da parlamento binas\u0131 \u00f6n\u00fcnde toplanarak, h\u00fck\u00fcmetin karar\u0131n\u0131 protesto etti. \u00dclke \u00e7ap\u0131nda yakla\u015f\u0131k 100 bin ki\u015fi toplanarak ba\u015fkentin 9 farkl\u0131 noktas\u0131nda eylemlerini ger\u00e7ekle\u015ftirdi. &#8220;N\u00fckleer istemiyoruz&#8221; sloganlar\u0131 att\u0131.<\/p>\n<p>2011 y\u0131l\u0131nda meydana gelen depremde, Fukuhisma n\u00fckleer santralinin ard\u0131ndan, Japon h\u00fck\u00fcmeti \u00fclkede bulunan 50 n\u00fckleer santrali de kapatm\u0131\u015ft\u0131.<\/p>\n<p>Ancak h\u00fck\u00fcmet Ohi kentinde bulunan iki n\u00fckleer santralin testlerden ge\u00e7ti\u011fini ve g\u00fcvenli oldu\u011funu a\u00e7\u0131klayarak, tekrar \u00e7al\u0131\u015fmaya ba\u015flat\u0131laca\u011f\u0131n\u0131 duyurdu.<\/p>\n<p>\u00d6te yandan, iki n\u00fckleer reakt\u00f6r\u00fc a\u00e7man\u0131n haz\u0131rl\u0131klar\u0131nda olan T\u00fcrkiye&#8217;de de Fukushima&#8217;n\u0131n yaratt\u0131\u011f\u0131 etki, tepkilere neden olmu\u015ftu. Ba\u015fbakan Recep Tayyip Erdo\u011fan da 30 May\u0131s&#8217;ta, T\u00fcrkiye Atom Enerjisi Kurumu Proton H\u0131zland\u0131r\u0131c\u0131 Tesisi&#8217;ni a\u00e7arken yapt\u0131\u011f\u0131 konu\u015fmada iki n\u00fckleer reakt\u00f6r a\u00e7mak istediklerini duyurmu\u015f ve n\u00fckleer kar\u015f\u0131t\u0131 g\u00f6r\u00fc\u015fler i\u00e7in, &#8220;Japonya&#8217;da bir olay ya\u015fand\u0131 diye b\u00fct\u00fcn insanl\u0131\u011f\u0131 farkl\u0131 yerlere ta\u015f\u0131man\u0131n anlam\u0131 yok&#8221; demi\u015fti.<\/p>\n<p>Kaynak: <a href=\"http:\/\/www.cnnturk.com\/2012\/dunya\/11\/12\/japonyada.nukleer.reaktorlerin.yeniden.acilmasina.tepki\/684192.0\/index.html\" target=\"_blank\">CnnTurk<\/a><\/p>","protected":false},"excerpt":{"rendered":"<p>Sorry, this entry is only available in Turkish. For the sake of viewer convenience, the content is shown below in the alternative language. You may click the link to switch the active language.Ge\u00e7ti\u011fimiz y\u0131l meydana gelen deprem ve tsunami felaketinde zarar g\u00f6ren Fukushima n\u00fckleer reakt\u00f6r\u00fcn\u00fcn ard\u0131ndan t\u00fcm n\u00fckleer reakt\u00f6rler\u00fcn kapat\u0131ld\u0131\u011f\u0131 Japonya&#8217;da, reakt\u00f6rlerden ikisinin yeniden a\u00e7\u0131lmas\u0131 [&hellip;]<\/p>\n","protected":false},"author":1,"featured_media":3524,"comment_status":"open","ping_status":"open","sticky":false,"template":"","format":"standard","meta":[],"categories":[53,43],"tags":[1015,1016],"views":710,"_links":{"self":[{"href":"https:\/\/www.enerjigazetesi.ist\/en\/wp-json\/wp\/v2\/posts\/3523"}],"collection":[{"href":"https:\/\/www.enerjigazetesi.ist\/en\/wp-json\/wp\/v2\/posts"}],"about":[{"href":"https:\/\/www.enerjigazetesi.ist\/en\/wp-json\/wp\/v2\/types\/post"}],"author":[{"embeddable":true,"href":"https:\/\/www.enerjigazetesi.ist\/en\/wp-json\/wp\/v2\/users\/1"}],"replies":[{"embeddable":true,"href":"https:\/\/www.enerjigazetesi.ist\/en\/wp-json\/wp\/v2\/comments?post=3523"}],"version-history":[{"count":2,"href":"https:\/\/www.enerjigazetesi.ist\/en\/wp-json\/wp\/v2\/posts\/3523\/revisions"}],"predecessor-version":[{"id":3526,"href":"https:\/\/www.enerjigazetesi.ist\/en\/wp-json\/wp\/v2\/posts\/3523\/revisions\/3526"}],"wp:featuredmedia":[{"embeddable":true,"href":"https:\/\/www.enerjigazetesi.ist\/en\/wp-json\/wp\/v2\/media\/3524"}],"wp:attachment":[{"href":"https:\/\/www.enerjigazetesi.ist\/en\/wp-json\/wp\/v2\/media?parent=3523"}],"wp:term":[{"taxonomy":"category","embeddable":true,"href":"https:\/\/www.enerjigazetesi.ist\/en\/wp-json\/wp\/v2\/categories?post=3523"},{"taxonomy":"post_tag","embeddable":true,"href":"https:\/\/www.enerjigazetesi.ist\/en\/wp-json\/wp\/v2\/tags?post=3523"}],"curies":[{"name":"wp","href":"https:\/\/api.w.org\/{rel}","templated":true}]}}