{"id":35210,"date":"2015-01-10T09:43:05","date_gmt":"2015-01-10T06:43:05","guid":{"rendered":"https:\/\/www.enerjigazetesi.ist\/?p=35210"},"modified":"2015-01-10T09:43:05","modified_gmt":"2015-01-10T06:43:05","slug":"kayip-kacak-bedelinin-yasal-zemine-oturtulmasi-calismalari","status":"publish","type":"post","link":"https:\/\/www.enerjigazetesi.ist\/en\/kayip-kacak-bedelinin-yasal-zemine-oturtulmasi-calismalari\/","title":{"rendered":"(Turkish) Kay\u0131p \u2013 Ka\u00e7ak Bedelinin Yasal Zemine Oturtulmas\u0131 \u00c7al\u0131\u015fmalar\u0131&#8230;"},"content":{"rendered":"<p class=\"qtranxs-available-languages-message qtranxs-available-languages-message-en\">Sorry, this entry is only available in <a href=\"https:\/\/www.enerjigazetesi.ist\/tr\/wp-json\/wp\/v2\/posts\/35210\" class=\"qtranxs-available-language-link qtranxs-available-language-link-tr\" title=\"Turkish\">Turkish<\/a>. For the sake of viewer convenience, the content is shown below in the alternative language. You may click the link to switch the active language.<\/p><p><\/p>\n<p style=\"color: #000000;\"><em><strong>Mithat Yurdakul \/ Milliyet<\/strong><\/em><\/p>\n<p style=\"color: #000000;\"><strong>Kay\u0131p \u2013 Ka\u00e7ak bedelinin yasal zemine oturtulmas\u0131 ve bu bedellerin abonelere geri \u00f6denmesinin engellenmesi i\u00e7in yap\u0131lan \u00e7al\u0131\u015fmadan ba\u015fka ayr\u0131nt\u0131lar da ortaya \u00e7\u0131kt\u0131.<span id=\"more-69664\"><\/span>\u00a0Enerji Piyasas\u0131 Denetleme Kurumu\u2019nun (EPDK) haz\u0131rlad\u0131\u011f\u0131 tasar\u0131ya g\u00f6re, \u015firketlerinin de\u011fi\u015fmesini istedi\u011fi ka\u00e7ak oranlar\u0131ndaki de\u011fi\u015fimin faturas\u0131n\u0131 da t\u00fcketici \u00f6deyecek.<\/strong><\/p>\n<p style=\"color: #000000;\">Tasar\u0131yla, elektrik da\u011f\u0131t\u0131m \u015firketlerinin \u201cm\u00fc\u015fteri hizmetleri\u201d gibi harcamalar\u0131 da kanuna konarak bu kalemlerin t\u00fcketiciden tahsil edilmesi i\u00e7in hukuki altyap\u0131 haz\u0131rlan\u0131yor.<\/p>\n<h3 style=\"color: #232323;\">\u2018Sanal Maliyetler Var\u2019<img loading=\"lazy\" class=\"alignright  wp-image-35211\" src=\"https:\/\/www.enerjigazetesi.ist\/wp-content\/uploads\/2015\/01\/g\u00fcneydo\u011fu-ka\u00e7ak-elektrik-deda\u015f-23978323-300x168.jpg\" alt=\"g\u00fcneydo\u011fu-ka\u00e7ak-elektrik-deda\u015f-23978323\" width=\"300\" height=\"191\" \/><\/h3>\n<p style=\"color: #000000;\">Tasar\u0131, EPDK\u2019n\u0131n yeni maliyetleri tarifelere yans\u0131tmas\u0131n\u0131n da \u00f6n\u00fcn\u00fc a\u00e7\u0131yor. Elektrik M\u00fchendisleri Odas\u0131 Ba\u015fkan\u0131 H\u00fcseyin Ye\u015fil, Milliyet\u2019e yapt\u0131\u011f\u0131 a\u00e7\u0131klamada, \u201cTasar\u0131yla yaln\u0131zca kay\u0131p ve ka\u00e7ak bedelleri yasala\u015ft\u0131r\u0131lm\u0131yor; kullan\u0131c\u0131lar\u0131n faturalar\u0131n\u0131 kabartacak yeni kalemlerin de tarifeye eklenmesine y\u00f6nelik d\u00fczenleme yap\u0131l\u0131yor. Yeni yeni maliyet kalemleri icat ediliyor.<br \/>\nOrtada b\u00f6yle bir faaliyet yokken isim konularak yarat\u0131lan sanal maliyetlerle, farkl\u0131 isimler alt\u0131nda m\u00fckerrer tahsilatlarla elektrik kullan\u0131c\u0131lar\u0131ndan da\u011f\u0131t\u0131m \u015firketlerine yeni kaynak aktar\u0131m\u0131 sa\u011flanmak istendi\u011fi anla\u015f\u0131l\u0131yor\u201d dedi.<\/p>\n<h3 style=\"color: #232323;\">Kay\u0131p \u0130kiye Ayr\u0131l\u0131yor<\/h3>\n<p style=\"color: #000000;\">Elektrik Piyasas\u0131 Kanunu\u2019nda de\u011fi\u015fik \u00f6ng\u00f6ren tasar\u0131ya g\u00f6re, enerji y\u00f6netimi \u00f6ncelikli olarak kay\u0131p \u2013 ka\u00e7ak bedelinin yasalla\u015ft\u0131r\u0131lmas\u0131n\u0131 ama\u00e7l\u0131yor. Tasar\u0131da, teknik ve teknik olmayan kay\u0131p (ka\u00e7ak elektrik) ayr\u0131m\u0131 yap\u0131ld\u0131. EPDK\u2019n\u0131n altyap\u0131dan kaynaklanan teknik kay\u0131p ve ka\u00e7ak elektrik i\u00e7in hedef oran belirleyece\u011fi belirtilen tasar\u0131da, \u201cKurulca (EPDK) belirlenen hedef oranlar\u0131n\u0131 ge\u00e7memek kayd\u0131 ile teknik ve teknik olmayan kay\u0131plara ili\u015fkin maliyetler da\u011f\u0131t\u0131m tarifelerinde yer al\u0131r ve t\u00fcketicilere yans\u0131t\u0131l\u0131r\u201d denildi.<\/p>\n<p style=\"color: #000000;\">Tasar\u0131ya g\u00f6re, da\u011f\u0131t\u0131m \u015firketlerinin itiraz etti\u011fi kay\u0131p-ka\u00e7ak oranlar\u0131n\u0131n de\u011fi\u015fmesi de g\u00fcndemde. Tasar\u0131ya g\u00f6re, kay\u0131p-ka\u00e7ak hedeflerinin de\u011fi\u015ftirilmesinden do\u011facak maliyet de t\u00fcketicilere yans\u0131t\u0131lacak. Bu konudaki hedef oranlar ve di\u011fer esaslar ise y\u00f6netmelikle belirlenecek.<\/p>\n<h3 style=\"color: #232323;\">Ka\u00e7ak Oran\u0131na G\u00f6re Tarife\u2026<\/h3>\n<p style=\"color: #000000;\">Yeni d\u00fczenlemeyle, baz\u0131 maliyetler, \u2018perakende sat\u0131\u015f hizmet maliyeti\u2019nin d\u0131\u015f\u0131nda birer kalem olarak kanun metnine yerle\u015ftiriliyor. Tasar\u0131 metinde, sat\u0131\u015f tarifesini belirleyen unsurlar aras\u0131nda enerji maliyetinin yan\u0131 s\u0131ra \u2018fatura ve m\u00fc\u015fteri hizmetleri maliyeti\u2019 de say\u0131l\u0131yor. Bu d\u00fczenlemeyle, elektrik da\u011f\u0131t\u0131m \u015firketlerinin m\u00fc\u015fteri hizmetleri harcamalar\u0131n\u0131n do\u011frudan faturaya yans\u0131t\u0131lmas\u0131n\u0131n \u00f6ne a\u00e7\u0131l\u0131yor.<\/p>\n<p style=\"color: #000000;\">Tasar\u0131da, elektrik sat\u0131\u015f tarifelerinin, \u201csat\u0131\u015f faaliyetinin y\u00fcr\u00fct\u00fclmesi kapsam\u0131ndaki t\u00fcm maliyet ve hizmetleri kar\u015f\u0131layacak bedellerden olu\u015ftu\u011fu\u201d belirtiliyor. Bu ifade ile de daha sonra faturalara eklenebilecek ilave maliyet kalemleri ile ilgili yasal dayanak olu\u015fturuluyor. Tasar\u0131da t\u00fcketici \u00f6zelliklerine g\u00f6re abone gruplar\u0131n\u0131n belirlenmesi sa\u011flan\u0131yor. Bu da ka\u00e7ak oran\u0131na g\u00f6re tarife anlam\u0131na gelebilecek.<\/p>\n<p style=\"color: #000000;\">DEVAMI \u0130\u00c7\u0130N\u00a0<a style=\"color: #c75615;\" href=\"http:\/\/www.milliyet.com.tr\/faturayi-elektrik-carpacak-\/ekonomi\/detay\/1996035\/default.htm\" target=\"_blank\" rel=\"nofollow\">TIKLAYINIZ&gt;&gt;&gt;<\/a><\/p>\n<p style=\"color: #000000;\">Kaynak: Enerji Enstit\u00fcs\u00fc<\/p>\n<p><\/p>","protected":false},"excerpt":{"rendered":"<p>Sorry, this entry is only available in Turkish. For the sake of viewer convenience, the content is shown below in the alternative language. You may click the link to switch the active language. Mithat Yurdakul \/ Milliyet Kay\u0131p \u2013 Ka\u00e7ak bedelinin yasal zemine oturtulmas\u0131 ve bu bedellerin abonelere geri \u00f6denmesinin engellenmesi i\u00e7in yap\u0131lan \u00e7al\u0131\u015fmadan ba\u015fka [&hellip;]<\/p>\n","protected":false},"author":1,"featured_media":35211,"comment_status":"open","ping_status":"open","sticky":false,"template":"","format":"standard","meta":[],"categories":[51,53],"tags":[68,1229,1887,15465,20701,750,498,16020,20702,20703],"views":734,"_links":{"self":[{"href":"https:\/\/www.enerjigazetesi.ist\/en\/wp-json\/wp\/v2\/posts\/35210"}],"collection":[{"href":"https:\/\/www.enerjigazetesi.ist\/en\/wp-json\/wp\/v2\/posts"}],"about":[{"href":"https:\/\/www.enerjigazetesi.ist\/en\/wp-json\/wp\/v2\/types\/post"}],"author":[{"embeddable":true,"href":"https:\/\/www.enerjigazetesi.ist\/en\/wp-json\/wp\/v2\/users\/1"}],"replies":[{"embeddable":true,"href":"https:\/\/www.enerjigazetesi.ist\/en\/wp-json\/wp\/v2\/comments?post=35210"}],"version-history":[{"count":1,"href":"https:\/\/www.enerjigazetesi.ist\/en\/wp-json\/wp\/v2\/posts\/35210\/revisions"}],"predecessor-version":[{"id":35212,"href":"https:\/\/www.enerjigazetesi.ist\/en\/wp-json\/wp\/v2\/posts\/35210\/revisions\/35212"}],"wp:featuredmedia":[{"embeddable":true,"href":"https:\/\/www.enerjigazetesi.ist\/en\/wp-json\/wp\/v2\/media\/35211"}],"wp:attachment":[{"href":"https:\/\/www.enerjigazetesi.ist\/en\/wp-json\/wp\/v2\/media?parent=35210"}],"wp:term":[{"taxonomy":"category","embeddable":true,"href":"https:\/\/www.enerjigazetesi.ist\/en\/wp-json\/wp\/v2\/categories?post=35210"},{"taxonomy":"post_tag","embeddable":true,"href":"https:\/\/www.enerjigazetesi.ist\/en\/wp-json\/wp\/v2\/tags?post=35210"}],"curies":[{"name":"wp","href":"https:\/\/api.w.org\/{rel}","templated":true}]}}