{"id":35139,"date":"2015-01-07T10:07:29","date_gmt":"2015-01-07T07:07:29","guid":{"rendered":"https:\/\/www.enerjigazetesi.ist\/?p=35139"},"modified":"2015-01-07T11:59:19","modified_gmt":"2015-01-07T08:59:19","slug":"ingiltere-2-milyar-avroyu-bulacak-bir-hat-ile-norvecten-elektrik-ithal-edecek","status":"publish","type":"post","link":"https:\/\/www.enerjigazetesi.ist\/en\/ingiltere-2-milyar-avroyu-bulacak-bir-hat-ile-norvecten-elektrik-ithal-edecek\/","title":{"rendered":"(Turkish) \u0130ngiltere, 2 Milyar Avroluk Hat \u0130le Norve\u00e7\u2019ten Elektrik \u0130thal Edecek!"},"content":{"rendered":"<p class=\"qtranxs-available-languages-message qtranxs-available-languages-message-en\">Sorry, this entry is only available in <a href=\"https:\/\/www.enerjigazetesi.ist\/tr\/wp-json\/wp\/v2\/posts\/35139\" class=\"qtranxs-available-language-link qtranxs-available-language-link-tr\" title=\"Turkish\">Turkish<\/a>. For the sake of viewer convenience, the content is shown below in the alternative language. You may click the link to switch the active language.<\/p><p><\/p>\n<p style=\"color: #000000;\"><strong>\u0130ngiltere, yakla\u015f\u0131k yat\u0131r\u0131m maliyeti 2 milyar avroyu bulacak bir hat yoluyla Norve\u00e7\u2019ten elektrik ithal etmeye haz\u0131rlan\u0131yor.<\/strong><span id=\"more-69606\"><\/span><\/p>\n<p style=\"color: #000000;\">\u0130ngiltere\u00a0ve Norve\u00e7\u2019i birbirine ba\u011flayacak\u00a0elektrik\u00a0hatt\u0131 projesiyle\u00a0ilgili sorular\u0131\u00a0yan\u0131tlayan\u00a0Norve\u00e7\u00a0merkezli Statnett enerji \u015firketinin Kurumsal \u0130leti\u015fim Direkt\u00f6r\u00fc Christer Gilje, hatt\u0131n in\u015fas\u0131na y\u0131l i\u00e7inde\u00a0ba\u015flamay\u0131 hedeflediklerini kaydetti.<\/p>\n<p style=\"color: #000000;\">Elektrik\u00a0hatt\u0131n\u0131n d\u00f6\u015fenmesine bu y\u0131l <a href=\"https:\/\/www.enerjigazetesi.ist\/wp-content\/uploads\/2015\/01\/turkiye-romanya-enerji-elektrik-nakit-transfer-hatti-ticareti-bulgaristan-deniz-alti-kablo.jpg\"><img loading=\"lazy\" class=\"alignleft  wp-image-35140\" src=\"https:\/\/www.enerjigazetesi.ist\/wp-content\/uploads\/2015\/01\/turkiye-romanya-enerji-elektrik-nakit-transfer-hatti-ticareti-bulgaristan-deniz-alti-kablo-300x200.jpg\" alt=\"turkiye-romanya-enerji-elektrik-nakit-transfer-hatti-ticareti-bulgaristan-deniz-alti-kablo\" width=\"300\" height=\"189\" \/><\/a>ba\u015flay\u0131p, 2020\u2019de projeyi tamamlamak istediklerini belirten Gilje,\u00a0Norve\u00e7\u2019te hidro\u00a0elektrik\u00a0santrallerinden ba\u015flayacak elektrik\u00a0hatt\u0131n\u0131n 700 kilometrelik k\u0131sm\u0131n\u0131n deniz alt\u0131ndan \u0130ngiltere\u2019ye ula\u015fmas\u0131n\u0131n planland\u0131\u011f\u0131n\u0131 dile getirdi.<\/p>\n<p style=\"color: #000000;\">Gilje, \u201cToplamda yat\u0131r\u0131m miktar\u0131n\u0131n 1,5-2 milyar avro civar\u0131nda olmas\u0131 bekleniyor. Bu proje y\u00fczde 50 ortakl\u0131k yap\u0131s\u0131na dayan\u0131yor. Yat\u0131r\u0131m\u0131n y\u00fczde 50\u2019si bizim \u015firketimiz taraf\u0131ndan, di\u011fer yar\u0131s\u0131 ise \u0130ngiltere\u2019nin elektrik\u00a0idaresi (National Grid) taraf\u0131ndan ger\u00e7ekle\u015ftirilecek\u201d dedi.<\/p>\n<p style=\"color: #000000;\">\u0130ki \u00fclke aras\u0131nda kurulacak\u00a0elektrik\u00a0hatt\u0131n\u0131n son derece karl\u0131 bir yat\u0131r\u0131m olaca\u011f\u0131n\u0131 belirten Gilje, 2020 y\u0131l\u0131nda projenin tamamlanmas\u0131yla yakla\u015f\u0131k 1,400 megawatt\u00a0elektrik\u00a0enerjisinin bu hattan transfer edilebilece\u011fini belirtti.<\/p>\n<p style=\"color: #000000;\">\u0130ngiltere\u2019ye ihra\u00e7 edilmesi planlanan\u00a0elektrik\u00a0enerjisinin Norve\u00e7\u2019teki hidroelektrik\u00a0santrallerinden elde edilece\u011finin alt\u0131n\u0131 \u00e7izen Gilje, in\u015faat \u00e7al\u0131\u015fmalar\u0131na ba\u015flanmas\u0131 i\u00e7in \u0130ngiliz reg\u00fclat\u00f6rlerin onay\u0131n\u0131n beklendi\u011fini bildirdi.<\/p>\n<p style=\"color: #000000;\">DEVAMI \u0130\u00c7\u0130N\u00a0<a style=\"color: #c75615;\" href=\"http:\/\/www.yenisafak.com.tr\/ekonomi\/ingiltere-norvecten-elektrik-alacak-2058874\" target=\"_blank\" rel=\"nofollow\">TIKLAYINIZ&gt;&gt;&gt;<\/a><\/p>\n<p style=\"color: #000000;\">Kaynak: Enerji Enstit\u00fcs\u00fc<\/p>\n<p><\/p>","protected":false},"excerpt":{"rendered":"<p>Sorry, this entry is only available in Turkish. For the sake of viewer convenience, the content is shown below in the alternative language. You may click the link to switch the active language. \u0130ngiltere, yakla\u015f\u0131k yat\u0131r\u0131m maliyeti 2 milyar avroyu bulacak bir hat yoluyla Norve\u00e7\u2019ten elektrik ithal etmeye haz\u0131rlan\u0131yor. \u0130ngiltere\u00a0ve Norve\u00e7\u2019i birbirine ba\u011flayacak\u00a0elektrik\u00a0hatt\u0131 projesiyle\u00a0ilgili sorular\u0131\u00a0yan\u0131tlayan\u00a0Norve\u00e7\u00a0merkezli [&hellip;]<\/p>\n","protected":false},"author":1,"featured_media":35140,"comment_status":"open","ping_status":"open","sticky":false,"template":"","format":"standard","meta":[],"categories":[51,53],"tags":[68,61,20647,63,1092,20648,6331,20649],"views":677,"_links":{"self":[{"href":"https:\/\/www.enerjigazetesi.ist\/en\/wp-json\/wp\/v2\/posts\/35139"}],"collection":[{"href":"https:\/\/www.enerjigazetesi.ist\/en\/wp-json\/wp\/v2\/posts"}],"about":[{"href":"https:\/\/www.enerjigazetesi.ist\/en\/wp-json\/wp\/v2\/types\/post"}],"author":[{"embeddable":true,"href":"https:\/\/www.enerjigazetesi.ist\/en\/wp-json\/wp\/v2\/users\/1"}],"replies":[{"embeddable":true,"href":"https:\/\/www.enerjigazetesi.ist\/en\/wp-json\/wp\/v2\/comments?post=35139"}],"version-history":[{"count":2,"href":"https:\/\/www.enerjigazetesi.ist\/en\/wp-json\/wp\/v2\/posts\/35139\/revisions"}],"predecessor-version":[{"id":35142,"href":"https:\/\/www.enerjigazetesi.ist\/en\/wp-json\/wp\/v2\/posts\/35139\/revisions\/35142"}],"wp:featuredmedia":[{"embeddable":true,"href":"https:\/\/www.enerjigazetesi.ist\/en\/wp-json\/wp\/v2\/media\/35140"}],"wp:attachment":[{"href":"https:\/\/www.enerjigazetesi.ist\/en\/wp-json\/wp\/v2\/media?parent=35139"}],"wp:term":[{"taxonomy":"category","embeddable":true,"href":"https:\/\/www.enerjigazetesi.ist\/en\/wp-json\/wp\/v2\/categories?post=35139"},{"taxonomy":"post_tag","embeddable":true,"href":"https:\/\/www.enerjigazetesi.ist\/en\/wp-json\/wp\/v2\/tags?post=35139"}],"curies":[{"name":"wp","href":"https:\/\/api.w.org\/{rel}","templated":true}]}}