{"id":35131,"date":"2015-01-07T09:46:07","date_gmt":"2015-01-07T06:46:07","guid":{"rendered":"https:\/\/www.enerjigazetesi.ist\/?p=35131"},"modified":"2015-01-07T09:46:07","modified_gmt":"2015-01-07T06:46:07","slug":"kayip-kacagin-vatandasa-faturasi-50-milyar-tl","status":"publish","type":"post","link":"https:\/\/www.enerjigazetesi.ist\/en\/kayip-kacagin-vatandasa-faturasi-50-milyar-tl\/","title":{"rendered":"(Turkish) Kay\u0131p Ka\u00e7a\u011f\u0131n Vatanda\u015fa Faturas\u0131 50 Milyar TL"},"content":{"rendered":"<p class=\"qtranxs-available-languages-message qtranxs-available-languages-message-en\">Sorry, this entry is only available in <a href=\"https:\/\/www.enerjigazetesi.ist\/tr\/wp-json\/wp\/v2\/posts\/35131\" class=\"qtranxs-available-language-link qtranxs-available-language-link-tr\" title=\"Turkish\">Turkish<\/a>. For the sake of viewer convenience, the content is shown below in the alternative language. You may click the link to switch the active language.<\/p><p><\/p>\n<p style=\"color: #000000;\"><strong>T\u00fcketicilerin elektrik faturalar\u0131n\u0131n % 14\u2019\u00fcn\u00fc kay\u0131p ka\u00e7ak \u00fccreti olarak \u00f6dedi\u011fini belirten T\u00dcKODER (T\u00fcketiciyi Koruma Derne\u011fi) Ba\u015fkan\u0131 Ha\u015fmet Atahan, 30 milyon aboneden haks\u0131z yere al\u0131nan rakam\u0131n en az 25 milyar ile 50 milyar TL aras\u0131nda oldu\u011funu s\u00f6yledi.<\/strong><span id=\"more-69592\"><\/span><\/p>\n<p style=\"color: #000000;\">T\u00dcKODER Ba\u015fkan\u0131 Ha\u015fmet Atahan, \u201cDaha \u00f6nce, kay\u0131p Ka\u00e7ak konusunda t\u00fcketici \u00f6rg\u00fctleri olarak yapt\u0131\u011f\u0131m\u0131z itirazlar, kamuoyu bask\u0131s\u0131 ol<img loading=\"lazy\" class=\"wp-image-34947 alignright\" src=\"https:\/\/www.enerjigazetesi.ist\/wp-content\/uploads\/2014\/12\/elektrik-fatura-38902390231-300x224.jpg\" alt=\"elektrik-fatura-3890239023\" width=\"300\" height=\"252\" \/>u\u015fturdu.<br \/>\nT\u00fcketicilerimizin tepkisi nedeniyle, da\u011f\u0131t\u0131m \u015firketleri y\u00f6neticileri ve d\u00fczenleyiciler, faturalardan kay\u0131p ka\u00e7ak kalemini kald\u0131rd\u0131. Burada yap\u0131lan \u015fey tamamen bir aldatmacayd\u0131. Kay\u0131p ve ka\u00e7ak olarak faturalar\u0131m\u0131za yans\u0131t\u0131lan \u00e7al\u0131nt\u0131 elektrik bedeli yine eklenmeye devam edildi\u201d dedi.<\/p>\n<h3 style=\"color: #000000;\"><strong>\u2018Geri Alma Hakk\u0131 Var\u2019<\/strong><\/h3>\n<p style=\"color: #000000;\">\u201cBu sorun, daha \u00f6nceki hi\u00e7bir sorunla kar\u015f\u0131la\u015ft\u0131r\u0131lamayacak \u00f6l\u00e7\u00fcde b\u00fcy\u00fck, etkileri mali ve idari y\u00f6nden ola\u011fan\u00fcst\u00fc derin ve sars\u0131c\u0131d\u0131r\u201d diyen Atahan, \u201c2014 y\u0131l\u0131 itibariyle T\u00fcketici Hakem Heyetleri\u2019ne ba\u015fvuru say\u0131s\u0131 yakla\u015f\u0131k bir milyondur. Oysa T\u00fcrkiye genelinde 37 milyon (EPDK verilerine g\u00f6re tam say\u0131s\u0131, 36.861.757) abone bulunuyor. Resmi kurumlar d\u0131\u015f\u0131nda, kay\u0131p ka\u00e7ak bedeli kesintisi nedeniyle yakla\u015f\u0131k 30 milyon abone davac\u0131 \u00f6zelli\u011fi ta\u015f\u0131yor\u201d dedi.<\/p>\n<p style=\"color: #000000;\">Atahan kay\u0131p ka\u00e7ak elektrik bedelinin 25 ile 50 milyar TL aras\u0131nda oldu\u011funu a\u00e7\u0131klad\u0131. Atahan \u015f\u00f6yle konu\u015ftu:<\/p>\n<p style=\"color: #000000;\">\u201cKonut t\u00fcketiminde, abonelerin ayl\u0131k alt s\u0131n\u0131r\u0131 50, \u00fcst s\u0131n\u0131r\u0131 100 T\u00fcrk Liras\u0131 (TL) \u00f6dedi\u011fini ortalama veri kabul etti\u011fimizde t\u00fcketiciler y\u0131ll\u0131k olarak, ortalama en az 600 TL en \u00e7ok 1.200 TL \u00f6d\u00fcyorlar.<\/p>\n<p style=\"color: #000000;\">Abonelerin \u00f6dedi\u011fi bedelin yakla\u015f\u0131k % 14\u2019\u00fcn\u00fcn kay\u0131p ka\u00e7ak bedeli oldu\u011fu dikkate al\u0131n\u0131rsa, t\u00fcketiciler y\u0131lda ortalama en az 84 TL ile en \u00e7ok 168 TL kay\u0131p ka\u00e7ak bedeli \u00f6demek durumunda kalm\u0131\u015flar.\u00a0 Bu durumda t\u00fcketicilerimiz, ge\u00e7mi\u015f y\u0131llarda daha d\u00fc\u015f\u00fck \u00fccret tarifesine g\u00f6re \u00f6deme yapm\u0131\u015f olsa da \u00f6dedi\u011fi y\u0131l itibariyle, yasal faizini de isteme hakk\u0131 bulundu\u011fundan, 2014\u2019te \u00f6denen kay\u0131p ka\u00e7ak bedelini di\u011fer y\u0131llar i\u00e7in de emsal olarak alabiliriz. T\u00fcketicilerimizin, 10 y\u0131ll\u0131k s\u00fcre i\u00e7in (84\u00d710=) 840 TL ile (168\u00d7100=) 1.680 TL aras\u0131ndaki bir bedelin geri \u00f6denmesini isteme hakk\u0131 var.<\/p>\n<p style=\"color: #000000;\">30 milyon abonenin dava a\u00e7mas\u0131 ve hakk\u0131n\u0131 aramas\u0131 durumunda, toplam \u00f6denecek olan miktar en az 25 milyar 200 milyon ile 50 milyar\u00a0 400 milyon TL aras\u0131nda bir rakam. Elektrik da\u011f\u0131t\u0131m \u015firketleri, on y\u0131l i\u00e7inde haks\u0131z bir \u015fekilde t\u00fcketicilerin 25 milyar ile 50 milyar TL aras\u0131ndaki \u00e7ok ciddi b\u00fcy\u00fckl\u00fckte bir paras\u0131n\u0131 gasp etmi\u015ftir.\u201d<\/p>\n<h3 style=\"color: #000000;\"><strong>Vatanda\u015f Paras\u0131n\u0131 Nas\u0131l Geri Alabilir?<\/strong><\/h3>\n<p style=\"color: #000000;\">Dava konusu alacak tutarlar\u0131 2.000 TL alt\u0131nda olmas\u0131 nedeniyle, T\u00fcketici Hakem heyetlerine ba\u015fvurmalar\u0131 gerekiyor. E\u011fer\u00a0\u00a0 2.000 TL \u00fczerinde bir dava s\u00f6z konusuysa T\u00fcketici Mahkemesi\u2019ne dava a\u00e7\u0131lmas\u0131 gerekecek. Da\u011f\u0131t\u0131m \u015firketlerinden 10 y\u0131ll\u0131k \u00f6dedi\u011fi bedeli ve kay\u0131p ka\u00e7ak bedelini g\u00f6sterir bir belgeyi alarak T\u00fcketici Hakem Heyeti\u2019ne bir dilek\u00e7e ile ba\u015fvurmal\u0131lar. En yak\u0131n t\u00fcketici derne\u011fine ba\u015fvurarak, gerekli hukuki yard\u0131m\u0131 ve deste\u011fi almas\u0131n\u0131 \u00f6neririm.<\/p>\n<h3 style=\"color: #000000;\"><strong>Ne Olacak?<\/strong><\/h3>\n<p style=\"color: #000000;\">Sadece 2014 y\u0131l\u0131 i\u00e7in 6 milyar TL olan haks\u0131z kesinti, 10 y\u0131ll\u0131k s\u00fcrede, 25-50 milyar aras\u0131 bir b\u00fcy\u00fckl\u00fc\u011fe ula\u015f\u0131yor. Bu bedellerin t\u00fcketicilere \u00f6denmesi durumunda, iflasa s\u00fcr\u00fckleyece\u011fi gerek\u00e7esiyle, da\u011f\u0131t\u0131m \u015firketleri siyasi iradeye bask\u0131 yap\u0131yor. T\u00fcketiciler kay\u0131p ka\u00e7ak bedeli olarak 10 y\u0131l boyunca kendilerinden kesilen bedellerin kay\u0131tlar\u0131n\u0131 almak i\u00e7in da\u011f\u0131t\u0131m \u015firketlerine ba\u015fvuruyor. Da\u011f\u0131t\u0131m \u015firketlerinde kuyruklar olu\u015fuyor. T\u00fcketici Hakem Heyetleri\u2019nde verilecek kararlara yap\u0131lacak itirazlarla t\u0131kan\u0131kl\u0131k T\u00fcketici Mahkemeleri\u2019ne yans\u0131yacak. Temyiz yoluna gidilmesiyle Yarg\u0131tay da t\u0131kanacak.<\/p>\n<p style=\"color: #000000;\">DEVAMI \u0130\u00c7\u0130N\u00a0<a style=\"color: #c75615;\" href=\"http:\/\/www.milliyet.com.tr\/kayip-kacagin-vatandasa-faturasi\/ekonomi\/detay\/1994570\/default.htm\" target=\"_blank\" rel=\"nofollow\">TIKLAYINIZ&gt;&gt;&gt;<\/a><\/p>\n<p style=\"color: #000000;\">Kaynak: Enerji Enstit\u00fcs\u00fc<\/p>\n<p><\/p>","protected":false},"excerpt":{"rendered":"<p>Sorry, this entry is only available in Turkish. For the sake of viewer convenience, the content is shown below in the alternative language. You may click the link to switch the active language. T\u00fcketicilerin elektrik faturalar\u0131n\u0131n % 14\u2019\u00fcn\u00fc kay\u0131p ka\u00e7ak \u00fccreti olarak \u00f6dedi\u011fini belirten T\u00dcKODER (T\u00fcketiciyi Koruma Derne\u011fi) Ba\u015fkan\u0131 Ha\u015fmet Atahan, 30 milyon aboneden haks\u0131z [&hellip;]<\/p>\n","protected":false},"author":1,"featured_media":34947,"comment_status":"open","ping_status":"open","sticky":false,"template":"","format":"standard","meta":[],"categories":[51,53],"tags":[68,63,750,20641,4237,20515,20642,20643],"views":763,"_links":{"self":[{"href":"https:\/\/www.enerjigazetesi.ist\/en\/wp-json\/wp\/v2\/posts\/35131"}],"collection":[{"href":"https:\/\/www.enerjigazetesi.ist\/en\/wp-json\/wp\/v2\/posts"}],"about":[{"href":"https:\/\/www.enerjigazetesi.ist\/en\/wp-json\/wp\/v2\/types\/post"}],"author":[{"embeddable":true,"href":"https:\/\/www.enerjigazetesi.ist\/en\/wp-json\/wp\/v2\/users\/1"}],"replies":[{"embeddable":true,"href":"https:\/\/www.enerjigazetesi.ist\/en\/wp-json\/wp\/v2\/comments?post=35131"}],"version-history":[{"count":1,"href":"https:\/\/www.enerjigazetesi.ist\/en\/wp-json\/wp\/v2\/posts\/35131\/revisions"}],"predecessor-version":[{"id":35132,"href":"https:\/\/www.enerjigazetesi.ist\/en\/wp-json\/wp\/v2\/posts\/35131\/revisions\/35132"}],"wp:featuredmedia":[{"embeddable":true,"href":"https:\/\/www.enerjigazetesi.ist\/en\/wp-json\/wp\/v2\/media\/34947"}],"wp:attachment":[{"href":"https:\/\/www.enerjigazetesi.ist\/en\/wp-json\/wp\/v2\/media?parent=35131"}],"wp:term":[{"taxonomy":"category","embeddable":true,"href":"https:\/\/www.enerjigazetesi.ist\/en\/wp-json\/wp\/v2\/categories?post=35131"},{"taxonomy":"post_tag","embeddable":true,"href":"https:\/\/www.enerjigazetesi.ist\/en\/wp-json\/wp\/v2\/tags?post=35131"}],"curies":[{"name":"wp","href":"https:\/\/api.w.org\/{rel}","templated":true}]}}