{"id":34999,"date":"2015-01-02T12:37:41","date_gmt":"2015-01-02T09:37:41","guid":{"rendered":"https:\/\/www.enerjigazetesi.ist\/?p=34999"},"modified":"2015-01-02T12:37:41","modified_gmt":"2015-01-02T09:37:41","slug":"yargitay-trtnin-elektrik-faturasindan-aldigi-yuzde-2lik-payda-da-kacak-buldu","status":"publish","type":"post","link":"https:\/\/www.enerjigazetesi.ist\/en\/yargitay-trtnin-elektrik-faturasindan-aldigi-yuzde-2lik-payda-da-kacak-buldu\/","title":{"rendered":"(Turkish) Yarg\u0131tay, TRT\u2019nin Elektrik Faturas\u0131ndan Ald\u0131\u011f\u0131 Y\u00fczde 2\u2019lik Payda Da Ka\u00e7ak Buldu&#8230;"},"content":{"rendered":"<p class=\"qtranxs-available-languages-message qtranxs-available-languages-message-en\">Sorry, this entry is only available in <a href=\"https:\/\/www.enerjigazetesi.ist\/tr\/wp-json\/wp\/v2\/posts\/34999\" class=\"qtranxs-available-language-link qtranxs-available-language-link-tr\" title=\"Turkish\">Turkish<\/a>. For the sake of viewer convenience, the content is shown below in the alternative language. You may click the link to switch the active language.<\/p><p><strong>Yarg\u0131tay 3. Hukuk Dairesi, elektrik faturas\u0131nda TRT\u2019ye \u00f6denen y\u00fczde 2\u2019lik pay\u0131n hesaplanmas\u0131nda kay\u0131p-ka\u00e7ak bedelinin hesaba dahil edilemeyece\u011fine karar verdi.<span id=\"more-69528\"><\/span>\u00a0Kararda, \u201cAsl\u0131n\u0131n al\u0131nmamas\u0131na karar verilen kay\u0131p-ka\u00e7ak bedelinin y\u00fczde 2 TRT pay\u0131n\u0131n <a href=\"https:\/\/www.enerjigazetesi.ist\/wp-content\/uploads\/2015\/01\/kayip-kacak-bedeli-trt-payi-2012-epdk-elektrik-faturasi.jpg\"><img loading=\"lazy\" class=\"alignright  wp-image-35000\" src=\"https:\/\/www.enerjigazetesi.ist\/wp-content\/uploads\/2015\/01\/kayip-kacak-bedeli-trt-payi-2012-epdk-elektrik-faturasi-300x168.jpg\" alt=\"kayip-kacak-bedeli-trt-payi-2012-epdk-elektrik-faturasi\" width=\"300\" height=\"180\" \/><\/a>hesaplanmas\u0131nda matraha dahil edilmesi m\u00fcmk\u00fcn de\u011fildir\u201d denildi.<\/strong><\/p>\n<p style=\"color: #000000;\">Millet Gazetesi\u2019nin haberine g\u00f6re, Yarg\u0131tay\u2019\u0131n karar\u0131 sonras\u0131 TRT\u2019nin elektrik faturalar\u0131 \u00fczerinden tahsil etti\u011fi y\u0131ll\u0131k 760 milyon liran\u0131n 15 milyon TL\u2019sinin kay\u0131p ka\u00e7a\u011fa ili\u015fkin oldu\u011fu hesapland\u0131. Vatanda\u015flar, geriye d\u00f6n\u00fck 10 y\u0131ll\u0131k alacaklar\u0131na ili\u015fkin da\u011f\u0131t\u0131m \u015firketlerine kar\u015f\u0131 t\u00fcketici hakim heyetlerine ba\u015fvurabilecek. TRT\u2019nin geriye d\u00f6n\u00fck yakla\u015f\u0131k 150 milyon TL\u2019yi elektrik \u015firketleri \u00fczerinden abonelere iade etmesi gerekecek.<\/p>\n<p style=\"color: #000000;\">Yarg\u0131tay 3. Hukuk Dairesi, verdi\u011fi kararda, Yarg\u0131tay Hukuk Genel Kurulu\u2019nun kay\u0131p ka\u00e7ak bedelinin abonelerden tahsili yoluna gidilmesinin hukuk devleti ve adalet d\u00fc\u015f\u00fcnceleri ile ba\u011fda\u015fmayaca\u011f\u0131, kay\u0131p-ka\u00e7ak bedelinin faturalara yans\u0131t\u0131lamayaca\u011f\u0131na karar verdi\u011fi hat\u0131rlatt\u0131.<\/p>\n<p style=\"color: #000000;\">Kararda \u201cYarg\u0131tay Hukuk Genel Kurulu\u2019nun ve Dairenin uygulamas\u0131na g\u00f6re asl\u0131n\u0131n al\u0131nmamas\u0131na karar verilen bir bedelin (kay\u0131p-ka\u00e7ak) y\u00fczde 2 TRT pay\u0131n\u0131n hesaplanmas\u0131nda nazara al\u0131nmas\u0131(matraha dahil edilmesi) m\u00fcmk\u00fcn de\u011fildir\u201d tespiti yap\u0131ld\u0131. Kay\u0131p ka\u00e7ak bedeli \u00fczerinden y\u00fczde 2 TRT pay\u0131 al\u0131namayaca\u011f\u0131n\u0131 belirten Daire, elektrik da\u011f\u0131t\u0131m \u015firketinin, aboneden yapt\u0131\u011f\u0131 tahakkukun yerinde olmad\u0131\u011f\u0131 tespit etti. Daire, bilirki\u015finin bu y\u00f6nde haz\u0131rlayaca\u011f\u0131 rapor \u00fczerine yeni bir karar verilmesi gerekti\u011fini vurgulad\u0131.<\/p>\n<p style=\"color: #000000;\">Kaynak: Enerji Enstit\u00fcs\u00fc<\/p>\n<p><\/p>","protected":false},"excerpt":{"rendered":"<p>Sorry, this entry is only available in Turkish. For the sake of viewer convenience, the content is shown below in the alternative language. You may click the link to switch the active language.Yarg\u0131tay 3. Hukuk Dairesi, elektrik faturas\u0131nda TRT\u2019ye \u00f6denen y\u00fczde 2\u2019lik pay\u0131n hesaplanmas\u0131nda kay\u0131p-ka\u00e7ak bedelinin hesaba dahil edilemeyece\u011fine karar verdi.\u00a0Kararda, \u201cAsl\u0131n\u0131n al\u0131nmamas\u0131na karar verilen [&hellip;]<\/p>\n","protected":false},"author":1,"featured_media":35000,"comment_status":"open","ping_status":"open","sticky":false,"template":"","format":"standard","meta":[],"categories":[51,53],"tags":[68,4257,1229,19590,19638,498,4237,2381,16416,20516],"views":721,"_links":{"self":[{"href":"https:\/\/www.enerjigazetesi.ist\/en\/wp-json\/wp\/v2\/posts\/34999"}],"collection":[{"href":"https:\/\/www.enerjigazetesi.ist\/en\/wp-json\/wp\/v2\/posts"}],"about":[{"href":"https:\/\/www.enerjigazetesi.ist\/en\/wp-json\/wp\/v2\/types\/post"}],"author":[{"embeddable":true,"href":"https:\/\/www.enerjigazetesi.ist\/en\/wp-json\/wp\/v2\/users\/1"}],"replies":[{"embeddable":true,"href":"https:\/\/www.enerjigazetesi.ist\/en\/wp-json\/wp\/v2\/comments?post=34999"}],"version-history":[{"count":1,"href":"https:\/\/www.enerjigazetesi.ist\/en\/wp-json\/wp\/v2\/posts\/34999\/revisions"}],"predecessor-version":[{"id":35001,"href":"https:\/\/www.enerjigazetesi.ist\/en\/wp-json\/wp\/v2\/posts\/34999\/revisions\/35001"}],"wp:featuredmedia":[{"embeddable":true,"href":"https:\/\/www.enerjigazetesi.ist\/en\/wp-json\/wp\/v2\/media\/35000"}],"wp:attachment":[{"href":"https:\/\/www.enerjigazetesi.ist\/en\/wp-json\/wp\/v2\/media?parent=34999"}],"wp:term":[{"taxonomy":"category","embeddable":true,"href":"https:\/\/www.enerjigazetesi.ist\/en\/wp-json\/wp\/v2\/categories?post=34999"},{"taxonomy":"post_tag","embeddable":true,"href":"https:\/\/www.enerjigazetesi.ist\/en\/wp-json\/wp\/v2\/tags?post=34999"}],"curies":[{"name":"wp","href":"https:\/\/api.w.org\/{rel}","templated":true}]}}