{"id":34892,"date":"2014-12-29T17:53:21","date_gmt":"2014-12-29T14:53:21","guid":{"rendered":"https:\/\/www.enerjigazetesi.ist\/?p=34892"},"modified":"2014-12-29T17:53:21","modified_gmt":"2014-12-29T14:53:21","slug":"der-spiegel-dusuk-petrol-almanyayi-destekleyecek","status":"publish","type":"post","link":"https:\/\/www.enerjigazetesi.ist\/en\/der-spiegel-dusuk-petrol-almanyayi-destekleyecek\/","title":{"rendered":"(Turkish) Der Spiegel: D\u00fc\u015f\u00fck Petrol Almanya\u2019y\u0131 Destekleyecek&#8230;"},"content":{"rendered":"<p class=\"qtranxs-available-languages-message qtranxs-available-languages-message-en\">Sorry, this entry is only available in <a href=\"https:\/\/www.enerjigazetesi.ist\/tr\/wp-json\/wp\/v2\/posts\/34892\" class=\"qtranxs-available-language-link qtranxs-available-language-link-tr\" title=\"Turkish\">Turkish<\/a>. For the sake of viewer convenience, the content is shown below in the alternative language. You may click the link to switch the active language.<\/p><p><\/p>\n<p style=\"color: #000000;\"><strong>Alman Der Spiegel Dergisi, gerileyen petrol fiyatlar\u0131n\u0131n Almanya\u2019n\u0131n b\u00fcy\u00fcmesine gelecek y\u0131l 0,2 ile 0,3 puan katk\u0131da bulunaca\u011f\u0131n\u0131 \u00f6ng\u00f6rd\u00fc.<\/strong><span id=\"more-69449\"><\/span><\/p>\n<p style=\"color: #000000;\">Alman Der Spiegel Dergisi, Alman H\u00fck\u00fc<img loading=\"lazy\" class=\"alignleft  wp-image-34893\" src=\"https:\/\/www.enerjigazetesi.ist\/wp-content\/uploads\/2014\/12\/petrol-pppp-233283-300x199.jpg\" alt=\"petrol-pppp-233283\" width=\"300\" height=\"181\" \/>meti\u2019nin d\u00fc\u015f\u00fck petrol fiyatlar\u0131n\u0131 ekonomiye destek olan bir unsur olarak g\u00f6rd\u00fc\u011f\u00fcn\u00fc bildirdi.<\/p>\n<p style=\"color: #000000;\">Gerileyen petrol\u00fcn Almanya\u2019n\u0131n b\u00fcy\u00fcmesine gelecek y\u0131l 0,2 ile 0,3 puan katk\u0131da bulunaca\u011f\u0131 belirtilen haberde, Almanya Ekonomi Bakanl\u0131\u011f\u0131\u2019n\u0131n petrol fiyatlar\u0131n\u0131n uzun vadede d\u00fc\u015f\u00fck seyredece\u011fi g\u00f6r\u00fc\u015f\u00fcn\u00fc benimsedi\u011fi ifade edildi.<\/p>\n<p style=\"color: #000000;\">Buna g\u00f6re Almanya Maliye Bakanl\u0131\u011f\u0131, petrol fiyatlar\u0131n\u0131n 80 dolar civar\u0131na ancak 2018 y\u0131l\u0131nda ula\u015fmas\u0131n\u0131 bekliyor.<\/p>\n<p style=\"color: #000000;\">Kaynak: Enerji Enstit\u00fcs\u00fc<\/p>\n<p><\/p>","protected":false},"excerpt":{"rendered":"<p>Sorry, this entry is only available in Turkish. For the sake of viewer convenience, the content is shown below in the alternative language. You may click the link to switch the active language. Alman Der Spiegel Dergisi, gerileyen petrol fiyatlar\u0131n\u0131n Almanya\u2019n\u0131n b\u00fcy\u00fcmesine gelecek y\u0131l 0,2 ile 0,3 puan katk\u0131da bulunaca\u011f\u0131n\u0131 \u00f6ng\u00f6rd\u00fc. Alman Der Spiegel Dergisi, [&hellip;]<\/p>\n","protected":false},"author":1,"featured_media":34893,"comment_status":"open","ping_status":"open","sticky":false,"template":"","format":"standard","meta":[],"categories":[53,44],"tags":[20504,20505,20506,19799,63,3136,20338,20339,1009],"views":582,"_links":{"self":[{"href":"https:\/\/www.enerjigazetesi.ist\/en\/wp-json\/wp\/v2\/posts\/34892"}],"collection":[{"href":"https:\/\/www.enerjigazetesi.ist\/en\/wp-json\/wp\/v2\/posts"}],"about":[{"href":"https:\/\/www.enerjigazetesi.ist\/en\/wp-json\/wp\/v2\/types\/post"}],"author":[{"embeddable":true,"href":"https:\/\/www.enerjigazetesi.ist\/en\/wp-json\/wp\/v2\/users\/1"}],"replies":[{"embeddable":true,"href":"https:\/\/www.enerjigazetesi.ist\/en\/wp-json\/wp\/v2\/comments?post=34892"}],"version-history":[{"count":1,"href":"https:\/\/www.enerjigazetesi.ist\/en\/wp-json\/wp\/v2\/posts\/34892\/revisions"}],"predecessor-version":[{"id":34894,"href":"https:\/\/www.enerjigazetesi.ist\/en\/wp-json\/wp\/v2\/posts\/34892\/revisions\/34894"}],"wp:featuredmedia":[{"embeddable":true,"href":"https:\/\/www.enerjigazetesi.ist\/en\/wp-json\/wp\/v2\/media\/34893"}],"wp:attachment":[{"href":"https:\/\/www.enerjigazetesi.ist\/en\/wp-json\/wp\/v2\/media?parent=34892"}],"wp:term":[{"taxonomy":"category","embeddable":true,"href":"https:\/\/www.enerjigazetesi.ist\/en\/wp-json\/wp\/v2\/categories?post=34892"},{"taxonomy":"post_tag","embeddable":true,"href":"https:\/\/www.enerjigazetesi.ist\/en\/wp-json\/wp\/v2\/tags?post=34892"}],"curies":[{"name":"wp","href":"https:\/\/api.w.org\/{rel}","templated":true}]}}