{"id":34837,"date":"2014-12-27T12:35:01","date_gmt":"2014-12-27T09:35:01","guid":{"rendered":"https:\/\/www.enerjigazetesi.ist\/?p=34837"},"modified":"2014-12-27T12:37:35","modified_gmt":"2014-12-27T09:37:35","slug":"led-aydinlatma-fuari-ile-sektorun-en-buyuk-bulusmasi-gerceklesti","status":"publish","type":"post","link":"https:\/\/www.enerjigazetesi.ist\/en\/led-aydinlatma-fuari-ile-sektorun-en-buyuk-bulusmasi-gerceklesti\/","title":{"rendered":"(Turkish) Led Ayd\u0131nlatma Fuar\u0131 \u0130le Sekt\u00f6r\u00fcn En B\u00fcy\u00fck Bulu\u015fmas\u0131 Ger\u00e7ekle\u015fti&#8230;"},"content":{"rendered":"<p class=\"qtranxs-available-languages-message qtranxs-available-languages-message-en\">Sorry, this entry is only available in <a href=\"https:\/\/www.enerjigazetesi.ist\/tr\/wp-json\/wp\/v2\/posts\/34837\" class=\"qtranxs-available-language-link qtranxs-available-language-link-tr\" title=\"Turkish\">Turkish<\/a>. For the sake of viewer convenience, the content is shown below in the alternative language. You may click the link to switch the active language.<\/p><p><strong>25-28 Eyl\u00fcl 2014 tarihleri aras\u0131nda d\u00fczenlenen 10. Uluslararas\u0131 Led&amp;Led Ayd\u0131nlatma Fuar\u0131 b\u00f6lgede markala\u015farak, sekt\u00f6r\u00fcn tek fuar\u0131 olma \u00f6zelli\u011fini her y\u0131l b\u00fcy\u00fcyerek s\u00fcrd\u00fcr\u00fcyor. En \u00f6nemli ve en son geli\u015ftirilmi\u015f \u00fcr\u00fcnlerin potansiyel al\u0131c\u0131lar ve hedef kitle ile birebir ba\u011flant\u0131 kurmalar\u0131na zemin haz\u0131rlayan 2014 Led&amp;Led Ayd\u0131nlatma Fuar\u0131, kat\u0131l\u0131mc\u0131lar\u0131n ise y\u0131ll\u0131k hedeflerini ge\u00e7tikleri ba\u015far\u0131l\u0131 bir fuar organizasyonu oldu.<\/strong><\/p>\n<p>G\u00fcn\u00fcm\u00fczde t\u00fcketiciye ula\u015fmak, bilin\u00e7lenen ve alternatifleri \u00e7o\u011falan t\u00fcketiciyi \u00fcretti\u011fimiz \u00fcr\u00fcne\/hizmete y\u00f6nlendirmek zorla\u015fm\u0131\u015ft\u0131r. \u0130\u015fte bu noktada en \u00f6nem kazanan y\u00f6ntem, dokunma mesafesinde olman\u0131z\u0131 sa\u011flayan fuarlard\u0131r.<a href=\"https:\/\/www.enerjigazetesi.ist\/wp-content\/uploads\/2014\/12\/DSC_4725.jpg\"><img loading=\"lazy\" class=\"alignright size-medium wp-image-34838\" src=\"https:\/\/www.enerjigazetesi.ist\/wp-content\/uploads\/2014\/12\/DSC_4725-300x199.jpg\" alt=\"DSC_4725\" width=\"300\" height=\"199\" srcset=\"https:\/\/www.enerjigazetesi.ist\/wp-content\/uploads\/2014\/12\/DSC_4725-300x199.jpg 300w, https:\/\/www.enerjigazetesi.ist\/wp-content\/uploads\/2014\/12\/DSC_4725-1024x680.jpg 1024w, https:\/\/www.enerjigazetesi.ist\/wp-content\/uploads\/2014\/12\/DSC_4725-500x332.jpg 500w, https:\/\/www.enerjigazetesi.ist\/wp-content\/uploads\/2014\/12\/DSC_4725-75x50.jpg 75w\" sizes=\"(max-width: 300px) 100vw, 300px\" \/><\/a><\/p>\n<p>LED ayd\u0131nlatma teknoloji sistemleri, sekt\u00f6rel olarak t\u00fcm d\u00fcnyada h\u0131zl\u0131 bir y\u00fckseli\u015f g\u00f6steriyor. Bu y\u00fckseli\u015fe T\u00fcrkiye\u2019de \u00f6nc\u00fcl\u00fck eden ve sekt\u00f6r\u00fcn tek ortak bulu\u015fma noktas\u0131 halini alan Led&amp;Led Ayd\u0131nlatma Fuar\u0131, bu y\u0131l da yurti\u00e7i ve yurtd\u0131\u015f\u0131 kat\u0131l\u0131mc\u0131lar\u0131n\u0131n yer ald\u0131\u011f\u0131 uluslararas\u0131 bir fuar olarak ad\u0131n\u0131 duyurdu. LED teknolojileri, sistemleri, global pazarda, geli\u015fim s\u00fcrecinin hemen ba\u015flar\u0131nda T\u00fcrkiye\u2019de de hen\u00fcz \u00e7ok az bir kesimin ilgi alan\u0131 iken Marmara Fuarc\u0131l\u0131k LED \u00fcreticisi olmayan bir \u00fclkede adeta gelece\u011fi g\u00f6rerek, \u00fclkemizi bu alanda b\u00f6lgenin merkezi haline getirecek, \u00fclkemizde sekt\u00f6r\u00fcn ilk ve tek etkinli\u011fi olan Led&amp;Led Ayd\u0131nlatma Fuar\u0131\u2019n\u0131 ger\u00e7ekle\u015ftirdi. Bu fikri hayata ge\u00e7irmi\u015f olman\u0131n hakl\u0131 gururu ve motivasyonu etkisiyle yapt\u0131\u011f\u0131m\u0131z \u00e7al\u0131\u015fmalar\u0131 her y\u0131l daha fazla geli\u015ftiriyoruz.<\/p>\n<p>\u00d6zellikle LED Ayd\u0131nlatma \u00fcr\u00fcnlerinin yo\u011fun olarak sergilendi\u011fi LedLed Ayd\u0131nlatma Fuar\u0131\u2019nda her t\u00fcrl\u00fc LED yar\u0131 mam\u00fcl\/komponent \u00fcr\u00fcnleri tan\u0131t\u0131l\u0131yor. Her \u00f6l\u00e7\u00fcdeki LED ekran ile reklam end\u00fcstrisinde, d\u0131\u015f alan \u0131\u015f\u0131kland\u0131rmada, mimaride ve sanayide kullan\u0131lan LED \u00fcr\u00fcnler gibi her t\u00fcrl\u00fc LED\u2019li \u00fcr\u00fcn\u00fcn bir arada sergilendi\u011fi Led&amp;Led Ayd\u0131nlatma Fuar\u0131, sekt\u00f6r\u00fcn\u00fcn tek fuar\u0131 olma \u00f6zelli\u011fini elinde bulunduruyor.<\/p>\n<p>LED ve LED\u2019li \u00fcr\u00fcnlerdeki geli\u015fmeler ile pazardaki geni\u015flemenin tamam\u0131n\u0131n bir arada g\u00f6r\u00fclebildi\u011fi yurti\u00e7indeki tek etkinlik olan Led&amp;Led Ayd\u0131nlatma Fuar\u0131, her ge\u00e7en y\u0131l bu alandaki t\u00fcm ticaretin ger\u00e7ekle\u015fti\u011fi alan olma \u00f6zelli\u011fini de peki\u015ftirip b\u00fcy\u00fcyerek yoluna devam ediyor. LED \u00fcr\u00fcnler ile ilgisi olan t\u00fcm kesimlerin dikkatle takip etti\u011fi ve mutlaka kat\u0131l\u0131m ve\/veya ziyaret programlar\u0131na ekledikleri Led&amp;Led Ayd\u0131nlatma Fuar\u0131\u2019n\u0131n bu alandaki geli\u015fmesi, her y\u0131l artan ziyaret\u00e7i say\u0131s\u0131 ve kalitesinden de net bir \u015fekilde anla\u015f\u0131lmaktad\u0131r.<\/p>\n<p>7 y\u0131ld\u0131r b\u00fcy\u00fcyerek yoluna devam eden Led&amp;Led Ayd\u0131nlatma Fuar\u0131, 2014 y\u0131l\u0131nda kat\u0131l\u0131mc\u0131 say\u0131s\u0131n\u0131 %42 art\u0131rarak \u00f6nemli bir ba\u015far\u0131 yakalad\u0131.<\/p>\n<p>10. y\u0131l\u0131nda da T\u00fcrkiye ve 16 \u00fclkeden en \u00f6nemli ve en son geli\u015ftirilmi\u015f \u00fcr\u00fcnlerin sergilendi\u011fi fuara, toplam 15\u2019si yabanc\u0131 olmak \u00fczere 259 firma stand a\u00e7t\u0131, 309 firman\u0131n \u00fcr\u00fcnleri sergilendi. 10. Led&amp;Led Ayd\u0131nlatma Fuar\u0131\u2019na 4 g\u00fcn s\u00fcresince 62 \u00fclkeden 18.476 profesyonel taraf\u0131ndan gezildi. T.C. Enerji ve Tabii Kaynaklar Bakanl\u0131\u011f\u0131 ba\u015fta olmak \u00fczere yurti\u00e7inde \u00e7e\u015fitli Sivil Toplum Kurulu\u015flar\u0131 ve sekt\u00f6rel yay\u0131nlar taraf\u0131ndan desteklenen Led&amp;Led Ayd\u0131nlatma Fuar\u0131 yurtd\u0131\u015f\u0131ndaki Sivil Toplum Kurulu\u015flar\u0131 ve yay\u0131nlar\u0131n da deste\u011fini alarak uluslararas\u0131 arenada \u00f6nemle takip ediliyor.<\/p>\n<p><strong>T\u00dcRK\u0130YE\u2019N\u0130N TEK LED KONFERANSI 6. KEZ \u0130STANBUL FUAR MERKEZ\u0130\u2019NDE GER\u00c7EKLE\u015eT\u0130<\/strong><\/p>\n<p>2009\u2019dan bu yana T.C. Enerji ve Tabii Kaynaklar Bakanl\u0131\u011f\u0131 koordinasyonunda ger\u00e7ekle\u015fen T\u00fcrkiye\u2019nin ilk ve tek LED Konferans\u0131, 10. Led&amp;Led Ayd\u0131nlatma kapsam\u0131nda, Vestel Platin Sponsorlu\u011funda, Kaftan Teknoloji (Okvolight) ve Forest Lighting Alt\u0131n Sponsorlu\u011funda d\u00fczenlendi. Her y\u0131l ilgi g\u00f6ren T\u00fcrkiye\u2019nin ilk LED Konferans\u0131, LED teknolojisini hem akademik hem de \u00f6zel sekt\u00f6r taraf\u0131ndan daha \u00f6nemli hale getirdi. T\u00fcrkiye\u2019de Ayd\u0131nlatma ve LED denince akla gelen en \u00f6nemli firmalar\u0131n sunular\u0131 ile kat\u0131l\u0131m g\u00f6sterdikleri konferansta, 6 oturum ve 34 bildiriden olu\u015fuyor.<\/p>\n<p><strong>5. LED YARI\u015eMASI \u00d6D\u00dcLLER\u0130 SAH\u0130PLER\u0130N\u0130 BULDU<\/strong><\/p>\n<p>Pelsan Ayd\u0131nlatma Sponsorlu\u011funda d\u00fczenlenen 5. LED Yar\u0131\u015fmas\u0131, LED teknolojisinin ve LED\u2019li ayd\u0131nlatma \u00fcr\u00fcnlerinin yayg\u0131nla\u015fmas\u0131 neticesinde bu konuda bilincin daha da artt\u0131r\u0131lmas\u0131, yeni projelerin ve fikirlerin desteklenmesi amac\u0131yla ger\u00e7ekle\u015ftirildi. \u00dcretim ve Ar&amp;Ge \u00e7al\u0131\u015fmalar\u0131n\u0131n artmas\u0131na katk\u0131 sa\u011flanmas\u0131n\u0131n yan\u0131 s\u0131ra sekt\u00f6re ilgi duyan \u00fcniversite \u00f6\u011frencileri ile sekt\u00f6r profesyonellerini bir araya getiren yar\u0131\u015fmaya, \u00f6zel sekt\u00f6rden ve \u00fcniversite \u00f6\u011frencilerinden olu\u015fan 50\u2019nin \u00fczerinde proje \u00f6n ba\u015fvuru yapt\u0131. Yap\u0131lan ilk de\u011ferlendirmelerin ard\u0131ndan finale kalan toplam 15 proje sunum yapmaya hak kazand\u0131. Bu projeler, Proje Sergisi\u2019nde LED ile ilgilenen t\u00fcm sanayicilere ve akademisyenlere fuar s\u00fcresi boyunca sunuldu. LED yar\u0131\u015fmas\u0131 ve yar\u0131\u015fma kapsam\u0131nda ger\u00e7ekle\u015fen Proje Sergisi, proje sahibi \u00f6\u011frencileri sanayicilerle ve sekt\u00f6r temsilcileri ile bulu\u015fturman\u0131n yan\u0131 s\u0131ra akademisyenleri, ara\u015ft\u0131rmac\u0131lar\u0131, i\u015f adamlar\u0131n\u0131 ve \u00fcniversite \u00f6\u011frencilerini bir araya getirerek \u00fcniversitelerde ve end\u00fcstride yap\u0131lan \u00e7al\u0131\u015fmalar\u0131 tart\u0131\u015fmalar\u0131na ve kurumlar\u0131n bilgi birikimini uygulay\u0131c\u0131lar ve bilimsel \u00e7evreler ile payla\u015fmalar\u0131na olanak sa\u011flam\u0131\u015ft\u0131r.<\/p>\n<p><strong>10. ULUSLARARASI LED&amp;LED AYDINLATMA FUARI<\/strong><\/p>\n<p><strong>Temel Ziyaret\u00e7i Bilgileri<\/strong><\/p>\n<p><span style=\"font-size: xx-small;\"><b>Yerli Ziyaret\u00e7i <\/b><\/span><span style=\"font-family: Calibri,Calibri; font-size: xx-small;\"><span style=\"font-family: Calibri,Calibri; font-size: xx-small;\">%93,82 <\/span><\/span><\/p>\n<p>B\u00f6lgesel<\/p>\n<p>Marmara B\u00f6lgesi %38<\/p>\n<p>\u0130\u00e7 Anadolu B\u00f6lgesi %19<\/p>\n<p>Ege B\u00f6lgesi %15<\/p>\n<p>Akdeniz B\u00f6lgesi %10<\/p>\n<p>Karadeniz B\u00f6lgesi %6<\/p>\n<p>Do\u011fu Anadolu B\u00f6lgesi %7<\/p>\n<p>G\u00fcneydo\u011fu Anadolu B\u00f6lgesi %5<\/p>\n<p><span style=\"font-size: xx-small;\"><b>Yabanc\u0131 Ziyaret\u00e7i <\/b><\/span><span style=\"font-family: Calibri,Calibri; font-size: xx-small;\"><span style=\"font-family: Calibri,Calibri; font-size: xx-small;\">%6,18 <\/span><\/span><\/p>\n<p>B\u00f6lgesel<\/p>\n<p>Avrupa %29<\/p>\n<p>Ortado\u011fu, Kuzey Afrika %46<\/p>\n<p>Asya %17<\/p>\n<p>Di\u011fer %8<\/p>\n<p><strong>En \u00c7ok Ziyaret Eden \u0130ller<\/strong><\/p>\n<p>1- \u0130stanbul 6- Bursa<\/p>\n<p>2- Ankara 7- Kayseri<\/p>\n<p>3- \u0130zmir 8- Tekirda\u011f<\/p>\n<p>4- Kocaeli 9- Konya<\/p>\n<p>5- Antalya 10- Manisa<\/p>\n<p><strong>Faaliyet Alan\u0131na G\u00f6re Ziyaret\u00e7i Bilgisi<\/strong><\/p>\n<p>LED Firmalar\u0131 %25<\/p>\n<p>Ayd\u0131nlatma, Avize, Reklam, Tabela, Y\u00f6nlendirme %17<\/p>\n<p>Organizasyon, Ses-I\u015f\u0131k, G\u00f6r\u00fcnt\u00fc %1<\/p>\n<p>Elektrik-elektronik, Otomotiv %5<\/p>\n<p>Mobilya %1<\/p>\n<p>G\u00fcvenlik, Yang\u0131n, Acil Durum Arama-Kurtarma %2<\/p>\n<p>Mimarl\u0131k, Dekorasyon, Peyzaj %9<\/p>\n<p>Yap\u0131, \u0130n\u015faat, Taahh\u00fct, M\u00fcteahhit %6<\/p>\n<p>Kamu, Belediye , E\u011fitim Kurumlar\u0131 %4<\/p>\n<p>Havaliman\u0131 \u0130\u015fletme, Karayollar\u0131 %2<\/p>\n<p>\u00dcretim, Sanayi, Fabrika %8<\/p>\n<p>Banka %1<\/p>\n<p>Hastane, Medikal Elektronik \u00dcreticileri %3<\/p>\n<p>Turizm, E\u011flence, Otel, Kongre %5<\/p>\n<p>Kuyumcular %3<\/p>\n<p>\u0130\u015f Merkezleri, Al\u0131\u015f-Veri\u015f Merkezleri, Zincir Ma\u011fazalar %7<\/p>\n<p>Di\u011fer %1<\/p>\n<p>Meslek Gruplar\u0131na G\u00f6re Ziyaret\u00e7i Bilgisi<\/p>\n<p>Firma Sahibi \/ Orta\u011f\u0131 %21<\/p>\n<p>Y\u00f6netim \/ Y\u00f6netici %15<\/p>\n<p>Teknik Yetkili \/ Personel %10<\/p>\n<p>Mimar, \u0130\u00e7 Mimar, Ayd\u0131nlatma Tasar\u0131mc\u0131s\u0131 %11<\/p>\n<p>M\u00fcteahhit %7<\/p>\n<p>Kuyumcu %5<\/p>\n<p>M\u00fchendis %11<\/p>\n<p>Pazarlama %5<\/p>\n<p>Kamu Kurumu Personeli %4<\/p>\n<p>Sat\u0131n Alma %8<\/p>\n<p>Di\u011fer %3<\/p>\n<p><span style=\"color: #993300;\"><strong>10. Uluslararas\u0131 Led&amp;Led Ayd\u0131nlatma Fuar\u0131<\/strong> <\/span>\u0130lgili\u00a0<span style=\"color: #993300;\">T\u00fcm Rapor<\/span> ve <span style=\"color: #993300;\"><a href=\"https:\/\/www.enerjigazetesi.ist\/ledsonucraporu2014.pdf\" target=\"_blank\"><span style=\"color: #993300;\">\u0130statistikler \u0130\u00e7in TIKLAYINIZ&gt;&gt;&gt;<\/span><\/a><\/span><\/p>\n<p>Yay\u0131nc\u0131: <a href=\"https:\/\/www.enerjigazetesi.ist\" target=\"_blank\">Enerji Gazetesi<\/a><\/p>\n<p>&nbsp;<\/p>\n<p>&nbsp;<\/p>\n<p>&nbsp;<\/p>\n<p>&nbsp;<\/p>\n<p>&nbsp;<\/p>","protected":false},"excerpt":{"rendered":"<p>Sorry, this entry is only available in Turkish. For the sake of viewer convenience, the content is shown below in the alternative language. You may click the link to switch the active language.25-28 Eyl\u00fcl 2014 tarihleri aras\u0131nda d\u00fczenlenen 10. Uluslararas\u0131 Led&amp;Led Ayd\u0131nlatma Fuar\u0131 b\u00f6lgede markala\u015farak, sekt\u00f6r\u00fcn tek fuar\u0131 olma \u00f6zelli\u011fini her y\u0131l b\u00fcy\u00fcyerek s\u00fcrd\u00fcr\u00fcyor. En [&hellip;]<\/p>\n","protected":false},"author":1,"featured_media":34838,"comment_status":"open","ping_status":"open","sticky":false,"template":"","format":"standard","meta":[],"categories":[53,52],"tags":[20463,63,67,1009,165,1155,20464],"views":973,"_links":{"self":[{"href":"https:\/\/www.enerjigazetesi.ist\/en\/wp-json\/wp\/v2\/posts\/34837"}],"collection":[{"href":"https:\/\/www.enerjigazetesi.ist\/en\/wp-json\/wp\/v2\/posts"}],"about":[{"href":"https:\/\/www.enerjigazetesi.ist\/en\/wp-json\/wp\/v2\/types\/post"}],"author":[{"embeddable":true,"href":"https:\/\/www.enerjigazetesi.ist\/en\/wp-json\/wp\/v2\/users\/1"}],"replies":[{"embeddable":true,"href":"https:\/\/www.enerjigazetesi.ist\/en\/wp-json\/wp\/v2\/comments?post=34837"}],"version-history":[{"count":4,"href":"https:\/\/www.enerjigazetesi.ist\/en\/wp-json\/wp\/v2\/posts\/34837\/revisions"}],"predecessor-version":[{"id":34842,"href":"https:\/\/www.enerjigazetesi.ist\/en\/wp-json\/wp\/v2\/posts\/34837\/revisions\/34842"}],"wp:featuredmedia":[{"embeddable":true,"href":"https:\/\/www.enerjigazetesi.ist\/en\/wp-json\/wp\/v2\/media\/34838"}],"wp:attachment":[{"href":"https:\/\/www.enerjigazetesi.ist\/en\/wp-json\/wp\/v2\/media?parent=34837"}],"wp:term":[{"taxonomy":"category","embeddable":true,"href":"https:\/\/www.enerjigazetesi.ist\/en\/wp-json\/wp\/v2\/categories?post=34837"},{"taxonomy":"post_tag","embeddable":true,"href":"https:\/\/www.enerjigazetesi.ist\/en\/wp-json\/wp\/v2\/tags?post=34837"}],"curies":[{"name":"wp","href":"https:\/\/api.w.org\/{rel}","templated":true}]}}