{"id":34834,"date":"2014-12-26T15:55:06","date_gmt":"2014-12-26T12:55:06","guid":{"rendered":"https:\/\/www.enerjigazetesi.ist\/?p=34834"},"modified":"2014-12-26T15:55:06","modified_gmt":"2014-12-26T12:55:06","slug":"libyanin-en-buyuk-petrol-limanina-roket-saldirisi-duzenlendi","status":"publish","type":"post","link":"https:\/\/www.enerjigazetesi.ist\/en\/libyanin-en-buyuk-petrol-limanina-roket-saldirisi-duzenlendi\/","title":{"rendered":"(Turkish) Libya\u2019n\u0131n En B\u00fcy\u00fck Petrol Liman\u0131na Roket Sald\u0131r\u0131s\u0131 D\u00fczenlendi!"},"content":{"rendered":"<p class=\"qtranxs-available-languages-message qtranxs-available-languages-message-en\">Sorry, this entry is only available in <a href=\"https:\/\/www.enerjigazetesi.ist\/tr\/wp-json\/wp\/v2\/posts\/34834\" class=\"qtranxs-available-language-link qtranxs-available-language-link-tr\" title=\"Turkish\">Turkish<\/a>. For the sake of viewer convenience, the content is shown below in the alternative language. You may click the link to switch the active language.<\/p><p><\/p>\n<p style=\"color: #000000;\"><strong>Libya\u2019da, \u00fclkenin en b\u00fcy\u00fck petrol ihra\u00e7 liman\u0131na s\u00fcrat teknelerinden roket sald\u0131r\u0131s\u0131 d\u00fczenlendi. \u00dclkede d\u00fcnden bu yana \u00f6nemli petrol tesislerine d\u00fczenlenen sald\u0131r\u0131larda 20\u2019den fazla askerin \u00f6ld\u00fc\u011f\u00fc bildiriliyor.<\/strong><span id=\"more-69409\"><\/span><\/p>\n<p style=\"color: #000000;\">Frans\u0131z Haber Ajans\u0131 (AFP)\u2019ye g\u00f6re Libyal\u0131 yetkililer, Libya \u015eafak Hareketi mensuplar\u0131n\u0131n gece El Sidra Liman\u0131\u2019na yakla\u015farak roket att\u0131klar\u0131n\u0131, bir petrol tank\u0131n\u0131n <a href=\"https:\/\/www.enerjigazetesi.ist\/wp-content\/uploads\/2014\/12\/libya-petrol-liman-232378323.jpg\"><img loading=\"lazy\" class=\"alignleft size-medium wp-image-34835\" src=\"https:\/\/www.enerjigazetesi.ist\/wp-content\/uploads\/2014\/12\/libya-petrol-liman-232378323-300x168.jpg\" alt=\"libya-petrol-liman-232378323\" width=\"300\" height=\"168\" srcset=\"https:\/\/www.enerjigazetesi.ist\/wp-content\/uploads\/2014\/12\/libya-petrol-liman-232378323-300x168.jpg 300w, https:\/\/www.enerjigazetesi.ist\/wp-content\/uploads\/2014\/12\/libya-petrol-liman-232378323-500x280.jpg 500w, https:\/\/www.enerjigazetesi.ist\/wp-content\/uploads\/2014\/12\/libya-petrol-liman-232378323-80x44.jpg 80w, https:\/\/www.enerjigazetesi.ist\/wp-content\/uploads\/2014\/12\/libya-petrol-liman-232378323.jpg 788w\" sizes=\"(max-width: 300px) 100vw, 300px\" \/><\/a>sald\u0131r\u0131da alev ald\u0131\u011f\u0131n\u0131 s\u00f6yledi.<\/p>\n<p style=\"color: #000000;\">Grubun amac\u0131n\u0131n Libya\u2019n\u0131n en b\u00fcy\u00fck petrol ihra\u00e7 liman\u0131n\u0131 ele ge\u00e7irmek oldu\u011fu s\u00f6ylenirken, \u015eafak Hareketi sald\u0131r\u0131n\u0131n sorumlulu\u011funu \u00fcstlenmedi.<\/p>\n<p style=\"color: #000000;\">Libya\u2019da b\u00f6lgenin y\u00f6netiminden sorumlu yetkililerden Ali El Hessi, \u201cS\u00fcrat teknelerinden Ras Lanuf ve El Sidra terminallerine bir\u00e7ok roket at\u0131ld\u0131 ve bunlardan biri El Sidre Liman\u0131\u2019n\u0131n g\u00fcneyindeki tanklardan birine isabet etti. Limanda yang\u0131n \u00e7\u0131kt\u0131\u201d dedi.<br \/>\nYetkililer Libya askerlerinin botlardan \u00fc\u00e7\u00fcn\u00fc vurdu\u011funu, \u00e7at\u0131\u015fmalar\u0131n sonunda da militanlar\u0131n geri \u00e7ekildi\u011fini s\u00f6yledi.<br \/>\nAmerikan Associated Press (AP) haber ajans\u0131 da sald\u0131r\u0131 s\u0131ras\u0131nda tesisin \u00e7al\u0131\u015fmad\u0131\u011f\u0131n\u0131, liman\u0131n \u00e7at\u0131\u015fmalar nedeni ile haftalar \u00f6ncesinden kapat\u0131ld\u0131\u011f\u0131n\u0131 bildirdi.<\/p>\n<p style=\"color: #000000;\">El Sidre Liman\u0131\u2019n\u0131n bat\u0131s\u0131ndaki Sirte \u015fehrinde de bir petrol rafinerisine roket sald\u0131r\u0131s\u0131 d\u00fczenlendi. Sald\u0131r\u0131da en az 19 askerin \u00f6ld\u00fc\u011f\u00fc s\u00f6yleniyor.<\/p>\n<p style=\"color: #000000;\">\u015eafak Hareketi A\u011fustos ay\u0131nda Libya\u2019n\u0131n ba\u015fkenti Trablus\u2019u ele ge\u00e7irmi\u015fti. Libya\u2019da o d\u00f6nemden bu yana iki ayr\u0131 y\u00f6netim ve parlamento var. Biri Libya \u015eafak hareketinin de ba\u011fl\u0131 oldu\u011fu Trablus merkezli olan h\u00fck\u00fcmet. Di\u011feri ise Tobruk kentini merkez alan ve uluslararas\u0131 alanda da tan\u0131nan h\u00fck\u00fcmet.<\/p>\n<p style=\"color: #000000;\">Bu iki sald\u0131r\u0131da \u00f6len askerlerin ise Tobruk merkezli y\u00f6netime ba\u011fl\u0131 olduklar\u0131 bildirildi.<\/p>\n<h3 style=\"color: #232323;\">Petrol Fiyatlar\u0131 Etkilendi<\/h3>\n<p style=\"color: #000000;\">AFP\u2019ye g\u00f6re, 13 Aral\u0131k\u2019tan bu yana devam eden \u00e7at\u0131\u015fmalar nedeni ile Libya\u2019da g\u00fcnl\u00fck petrol \u00fcretimi 800 bin varilden yakla\u015f\u0131k 350 bin varile d\u00fc\u015ft\u00fc.<\/p>\n<p style=\"color: #000000;\">Son \u00e7at\u0131\u015fmalar petrol fiyatlar\u0131n\u0131 da etkiledi. Cuma itibar\u0131 ile Asya\u2019da petrol fiyatlar\u0131 y\u00fckseldi.<\/p>\n<p style=\"color: #000000;\">Kaynak: Enerji Enstit\u00fcs\u00fc<\/p>\n<p><\/p>","protected":false},"excerpt":{"rendered":"<p>Sorry, this entry is only available in Turkish. For the sake of viewer convenience, the content is shown below in the alternative language. You may click the link to switch the active language. Libya\u2019da, \u00fclkenin en b\u00fcy\u00fck petrol ihra\u00e7 liman\u0131na s\u00fcrat teknelerinden roket sald\u0131r\u0131s\u0131 d\u00fczenlendi. \u00dclkede d\u00fcnden bu yana \u00f6nemli petrol tesislerine d\u00fczenlenen sald\u0131r\u0131larda 20\u2019den [&hellip;]<\/p>\n","protected":false},"author":1,"featured_media":34835,"comment_status":"open","ping_status":"open","sticky":false,"template":"","format":"standard","meta":[],"categories":[53,44],"tags":[20458,63,3136,20339,1009,20459,347,20460,20461,20462],"views":899,"_links":{"self":[{"href":"https:\/\/www.enerjigazetesi.ist\/en\/wp-json\/wp\/v2\/posts\/34834"}],"collection":[{"href":"https:\/\/www.enerjigazetesi.ist\/en\/wp-json\/wp\/v2\/posts"}],"about":[{"href":"https:\/\/www.enerjigazetesi.ist\/en\/wp-json\/wp\/v2\/types\/post"}],"author":[{"embeddable":true,"href":"https:\/\/www.enerjigazetesi.ist\/en\/wp-json\/wp\/v2\/users\/1"}],"replies":[{"embeddable":true,"href":"https:\/\/www.enerjigazetesi.ist\/en\/wp-json\/wp\/v2\/comments?post=34834"}],"version-history":[{"count":1,"href":"https:\/\/www.enerjigazetesi.ist\/en\/wp-json\/wp\/v2\/posts\/34834\/revisions"}],"predecessor-version":[{"id":34836,"href":"https:\/\/www.enerjigazetesi.ist\/en\/wp-json\/wp\/v2\/posts\/34834\/revisions\/34836"}],"wp:featuredmedia":[{"embeddable":true,"href":"https:\/\/www.enerjigazetesi.ist\/en\/wp-json\/wp\/v2\/media\/34835"}],"wp:attachment":[{"href":"https:\/\/www.enerjigazetesi.ist\/en\/wp-json\/wp\/v2\/media?parent=34834"}],"wp:term":[{"taxonomy":"category","embeddable":true,"href":"https:\/\/www.enerjigazetesi.ist\/en\/wp-json\/wp\/v2\/categories?post=34834"},{"taxonomy":"post_tag","embeddable":true,"href":"https:\/\/www.enerjigazetesi.ist\/en\/wp-json\/wp\/v2\/tags?post=34834"}],"curies":[{"name":"wp","href":"https:\/\/api.w.org\/{rel}","templated":true}]}}