{"id":34816,"date":"2014-12-26T10:05:41","date_gmt":"2014-12-26T07:05:41","guid":{"rendered":"https:\/\/www.enerjigazetesi.ist\/?p=34816"},"modified":"2014-12-26T10:05:41","modified_gmt":"2014-12-26T07:05:41","slug":"teias-gunes-enerjisinde-2-ve-3-yarisma-paketlerini-duyurdu","status":"publish","type":"post","link":"https:\/\/www.enerjigazetesi.ist\/en\/teias-gunes-enerjisinde-2-ve-3-yarisma-paketlerini-duyurdu\/","title":{"rendered":"(Turkish) TE\u0130A\u015e G\u00fcne\u015f Enerjisinde 2. ve 3. Yar\u0131\u015fma Paketlerini Duyurdu!"},"content":{"rendered":"<p class=\"qtranxs-available-languages-message qtranxs-available-languages-message-en\">Sorry, this entry is only available in <a href=\"https:\/\/www.enerjigazetesi.ist\/tr\/wp-json\/wp\/v2\/posts\/34816\" class=\"qtranxs-available-language-link qtranxs-available-language-link-tr\" title=\"Turkish\">Turkish<\/a>. For the sake of viewer convenience, the content is shown below in the alternative language. You may click the link to switch the active language.<\/p><p><\/p>\n<p style=\"color: #000000;\"><strong>T\u00fcrkiye Elektrik \u0130letim A.\u015e. (TE\u0130A\u015e), g\u00fcne\u015f enerjisinde \u00f6n lians i\u00e7in yar\u0131\u015fma program\u0131n\u0131 a\u00e7\u0131klad\u0131. G\u00fcne\u015f enerjisine dayal\u0131 \u00fcretim tesisi kurmak \u00fczere yap\u0131lan \u00f6nlisans ba\u015fvurular\u0131na ili\u015fkin 2. ve 3. yar\u0131\u015fma paketleri bug\u00fcn duyuruldu<\/strong>.<a href=\"https:\/\/www.enerjigazetesi.ist\/wp-content\/uploads\/2014\/12\/teias-gunes-enerjisi-onlisans-solar-yarisma-2015.jpg\"><img loading=\"lazy\" class=\"aligncenter  wp-image-34817\" src=\"https:\/\/www.enerjigazetesi.ist\/wp-content\/uploads\/2014\/12\/teias-gunes-enerjisi-onlisans-solar-yarisma-2015-300x157.jpg\" alt=\"teias-gunes-enerjisi-onlisans-solar-yarisma-2015\" width=\"445\" height=\"227\" \/><\/a><\/p>\n<p style=\"color: #000000;\">Duyurulara g\u00f6re, g\u00fcne\u015f enerjisine dayal\u0131 \u00fcretim tesisi kurmak \u00fczere yap\u0131lm\u0131\u015f lisans ba\u015fvurular\u0131ndan ayn\u0131 sahada ve ayn\u0131 ba\u011flant\u0131 noktas\u0131na ve ayn\u0131 ba\u011flant\u0131 b\u00f6lgesine ba\u011flanmak i\u00e7in birden fazla ba\u015fvurunun bulunmas\u0131 durumunda, sisteme ba\u011flanacak olanlar\u0131 belirlemek i\u00e7in, Paket 2 kapsam\u0131nda\u00a0<span class=\"Gvdemetni3Kaln\">29.01.2015 g\u00fcn\u00fc saat 10:00\u2019da ve Paket 3 kapsam\u0131nda 30.01.2015 g\u00fcn\u00fc saat 10:00\u2019da belirlenen<\/span>\u00a0ba\u011flant\u0131 b\u00f6lgeleri i\u00e7in ve \u015firketler aras\u0131nda bir yar\u0131\u015fma yap\u0131lacak.<span id=\"more-69377\"><\/span><\/p>\n<p style=\"color: #000000;\"><strong>Paket 2<\/strong><\/p>\n<ul>\n<li>Siirt-Batman-Mardin<\/li>\n<li>\u015eanl\u0131urfa-Diyarbak\u0131r<\/li>\n<li>Antalya<\/li>\n<li>Mu\u011fla-Ayd\u0131n<\/li>\n<li>Denizli<\/li>\n<li>Burdur<\/li>\n<\/ul>\n<h3 style=\"color: #232323;\">Paket 3<\/h3>\n<ul>\n<li>Konya 1<\/li>\n<li>Konya 2<\/li>\n<\/ul>\n<blockquote style=\"color: #000000;\"><p>Yar\u0131\u015fma Duyurular\u0131TE\u0130A\u015e Paket 2 duyurusu i\u00e7in\u00a0<a style=\"color: #c75615;\" title=\"teia\u015f yar\u0131\u015fma 2015\" href=\"http:\/\/www.teias.gov.tr\/\/Duyurular\/Yar%c4%b1%c5%9fma%20Duyurusu%202%20%20Paket.pdf\" target=\"_blank\" rel=\"nofollow\">t\u0131klay\u0131n\u0131z<\/a>.<\/p>\n<p>TE\u0130A\u015e Paket 3 duyurusu i\u00e7in\u00a0<a style=\"color: #c75615;\" title=\"teia\u015f yar\u0131\u015fma 2015\" href=\"http:\/\/www.teias.gov.tr\/\/Duyurular\/Yar%c4%b1%c5%9fma%20Duyurusu%203%20%20Paket.pdf\" target=\"_blank\" rel=\"nofollow\">t\u0131klay\u0131n\u0131z<\/a>.<\/p>\n<p>TE\u0130A\u015e Duyuru sayfas\u0131na eri\u015fmek i\u00e7in\u00a0<a style=\"color: #c75615;\" title=\"teia\u015f\" href=\"http:\/\/www.teias.gov.tr\/Duyurular.aspx\" target=\"_blank\" rel=\"nofollow\">t\u0131klay\u0131n\u0131z<\/a>.<\/p>\n<p>Kaynak: Enerji Enstit\u00fcs\u00fc<\/p><\/blockquote>\n<p><\/p>","protected":false},"excerpt":{"rendered":"<p>Sorry, this entry is only available in Turkish. For the sake of viewer convenience, the content is shown below in the alternative language. You may click the link to switch the active language. T\u00fcrkiye Elektrik \u0130letim A.\u015e. (TE\u0130A\u015e), g\u00fcne\u015f enerjisinde \u00f6n lians i\u00e7in yar\u0131\u015fma program\u0131n\u0131 a\u00e7\u0131klad\u0131. G\u00fcne\u015f enerjisine dayal\u0131 \u00fcretim tesisi kurmak \u00fczere yap\u0131lan \u00f6nlisans [&hellip;]<\/p>\n","protected":false},"author":1,"featured_media":34817,"comment_status":"open","ping_status":"open","sticky":false,"template":"","format":"standard","meta":[],"categories":[53,49],"tags":[20439,20440,20441,13,20442,20443,20444,275,20445,20446,20447],"views":1056,"_links":{"self":[{"href":"https:\/\/www.enerjigazetesi.ist\/en\/wp-json\/wp\/v2\/posts\/34816"}],"collection":[{"href":"https:\/\/www.enerjigazetesi.ist\/en\/wp-json\/wp\/v2\/posts"}],"about":[{"href":"https:\/\/www.enerjigazetesi.ist\/en\/wp-json\/wp\/v2\/types\/post"}],"author":[{"embeddable":true,"href":"https:\/\/www.enerjigazetesi.ist\/en\/wp-json\/wp\/v2\/users\/1"}],"replies":[{"embeddable":true,"href":"https:\/\/www.enerjigazetesi.ist\/en\/wp-json\/wp\/v2\/comments?post=34816"}],"version-history":[{"count":1,"href":"https:\/\/www.enerjigazetesi.ist\/en\/wp-json\/wp\/v2\/posts\/34816\/revisions"}],"predecessor-version":[{"id":34818,"href":"https:\/\/www.enerjigazetesi.ist\/en\/wp-json\/wp\/v2\/posts\/34816\/revisions\/34818"}],"wp:featuredmedia":[{"embeddable":true,"href":"https:\/\/www.enerjigazetesi.ist\/en\/wp-json\/wp\/v2\/media\/34817"}],"wp:attachment":[{"href":"https:\/\/www.enerjigazetesi.ist\/en\/wp-json\/wp\/v2\/media?parent=34816"}],"wp:term":[{"taxonomy":"category","embeddable":true,"href":"https:\/\/www.enerjigazetesi.ist\/en\/wp-json\/wp\/v2\/categories?post=34816"},{"taxonomy":"post_tag","embeddable":true,"href":"https:\/\/www.enerjigazetesi.ist\/en\/wp-json\/wp\/v2\/tags?post=34816"}],"curies":[{"name":"wp","href":"https:\/\/api.w.org\/{rel}","templated":true}]}}