{"id":34813,"date":"2014-12-26T10:00:52","date_gmt":"2014-12-26T07:00:52","guid":{"rendered":"https:\/\/www.enerjigazetesi.ist\/?p=34813"},"modified":"2014-12-26T10:00:52","modified_gmt":"2014-12-26T07:00:52","slug":"turkiye-elektrik-sebekesi-uzunlugunda-avrupa-ucuncusu","status":"publish","type":"post","link":"https:\/\/www.enerjigazetesi.ist\/en\/turkiye-elektrik-sebekesi-uzunlugunda-avrupa-ucuncusu\/","title":{"rendered":"(Turkish) T\u00fcrkiye Elektrik \u015eebekesi Uzunlu\u011funda Avrupa \u00dc\u00e7\u00fcnc\u00fcs\u00fc&#8230;"},"content":{"rendered":"<p class=\"qtranxs-available-languages-message qtranxs-available-languages-message-en\">Sorry, this entry is only available in <a href=\"https:\/\/www.enerjigazetesi.ist\/tr\/wp-json\/wp\/v2\/posts\/34813\" class=\"qtranxs-available-language-link qtranxs-available-language-link-tr\" title=\"Turkish\">Turkish<\/a>. For the sake of viewer convenience, the content is shown below in the alternative language. You may click the link to switch the active language.<\/p><p><\/p>\n<p style=\"color: #000000;\"><strong>T\u00fcrkiye 1,2 milyon kilometrelik toplam elektrik \u015febekesi uzunlu\u011fuyla Avrupa\u2019da \u00fc\u00e7\u00fcnc\u00fc s\u0131rada yer al\u0131yor.\u00a0<\/strong><strong>Avrupa Elektrik Sanayi Birli\u011fi (Euroelectric) verilerinden derlenen bilgiye g\u00f6re, Avrupa\u2019n\u0131n toplam elektrik \u015febekesi 10 milyon kilometreyi a\u015f\u0131yor. T\u00fcrkiye, 1,2 milyon kilometrelik elektrik \u015febekesi uzunlu\u011fuyla Almanya ve Fransa\u2019dan sonra \u00fc\u00e7\u00fcnc\u00fc s\u0131rada yer al\u0131yor.<br \/>\n<\/strong><\/p>\n<p style=\"color: #000000;\">Avrupa Elektrik Sanayi Birli\u011fi Ba\u015fkan\u0131 Susanne Nies, konuyla ilgili yapt\u0131\u011f\u0131 a\u00e7\u0131klamada, T\u00fcrkiye\u2019nin 2013\u2019ten beri Avrupa \u0130letim Hatt\u0131 Sis<img loading=\"lazy\" class=\"alignright  wp-image-34814\" src=\"https:\/\/www.enerjigazetesi.ist\/wp-content\/uploads\/2014\/12\/elektrik-\u015febekesi-2398398233232323-300x173.jpg\" alt=\"elektrik-\u015febekesi-2398398233232323\" width=\"300\" height=\"200\" \/>temi\u2019ne entegre oldu\u011funu belirterek, \u201dBu da T\u00fcrkiye\u2019yi Avrupa k\u0131tas\u0131n\u0131n bir par\u00e7as\u0131 yap\u0131yor. Bu \u00e7ok \u00f6nemli bir ad\u0131m. Kilometrelerce \u015febeke hatlar\u0131 elbette bir \u015fey ifade ediyor fakat bunun modern ve internet teknolojileriyle uyumlu bir \u015fekilde geli\u015ftirilmesi gerekiyor\u201d dedi.<\/p>\n<p style=\"color: #000000;\">Daha modern teknolojiler ve ak\u0131ll\u0131 \u015febekeler i\u00e7in en \u00f6nemli ad\u0131m\u0131n T\u00fcrkiye\u2019nin AB ile Enerji Fasl\u0131\u2019n\u0131 a\u00e7mas\u0131 oldu\u011funu ifade eden Nies, \u201cAncak bu \u015fekilde ortak yasalar, standartlar olu\u015fturabilir ve i\u015fbirli\u011fimizi daha da g\u00fc\u00e7lendirebiliriz. T\u00fcrkiye y\u00fcksek voltajl\u0131 \u015febekelere yat\u0131r\u0131mlar yap\u0131yor ve AB de da\u011f\u0131t\u0131m \u015febekeleri i\u00e7in ayr\u0131 bir \u00f6zen g\u00f6steriyor. Bu \u015febekeler yenilenebilir hedefleri i\u00e7in \u00f6nem arz ediyor\u201d diye konu\u015ftu.<\/p>\n<h3 style=\"color: #232323;\">10 Y\u0131l \u0130\u00e7erisinde \u0130letim Hatlar\u0131 Da Y\u00fczde 43 Uzayacak<\/h3>\n<p style=\"color: #000000;\">TE\u0130A\u015e\u2019a g\u00f6re, T\u00fcrkiye\u2019nin 53 bin kilometre olan elektrik iletim hatlar\u0131na, 2024 y\u0131l\u0131na kadar 23 bin kilometre daha eklenerek y\u00fczde 43 art\u0131\u015f<br \/>\nolacak.<\/p>\n<p style=\"color: #000000;\">Kurum, \u201c2024 Master Plan\u0131\u201d kapsam\u0131nda T\u00fcrkiye\u2019deki elektrik iletim hatlar\u0131na 22 bin 906 kilometrelik bir ekleme daha yapacak. Bu miktar\u0131n 12 bin 270 kilometresi 380 kV, 10 bin 636 kilometresi ise 154kV gerilime sahip olacak.<\/p>\n<p style=\"color: #000000;\">TE\u0130A\u015e\u2019a g\u00f6re Akkuyu NGS, Karap\u0131nar, Af\u015fin Elbistan ve Trakya b\u00f6lgelerindeki k\u00f6m\u00fcr santralleri ile yakla\u015f\u0131k 20 bin megavat ilave santralin iletim sistemine ba\u011flant\u0131s\u0131 i\u00e7in 380kV seviyesinde yakla\u015f\u0131k 2 bin 25 kilometre iletim hatt\u0131n\u0131n tesisi gerekiyor.<\/p>\n<p style=\"color: #000000;\">DEVAMI \u0130\u00c7\u0130N <a style=\"color: #c75615;\" href=\"http:\/\/www.sabah.com.tr\/ekonomi\/2014\/12\/25\/turkiye-elektrikte-sebekesinde-avrupa-ucuncusu\" target=\"_blank\" rel=\"nofollow\">TIKLAYINIZ&gt;&gt;&gt;<\/a><\/p>\n<p style=\"color: #000000;\">Kaynak: Enerji Enstit\u00fcs\u00fc<\/p>\n<p><\/p>","protected":false},"excerpt":{"rendered":"<p>Sorry, this entry is only available in Turkish. For the sake of viewer convenience, the content is shown below in the alternative language. You may click the link to switch the active language. T\u00fcrkiye 1,2 milyon kilometrelik toplam elektrik \u015febekesi uzunlu\u011fuyla Avrupa\u2019da \u00fc\u00e7\u00fcnc\u00fc s\u0131rada yer al\u0131yor.\u00a0Avrupa Elektrik Sanayi Birli\u011fi (Euroelectric) verilerinden derlenen bilgiye g\u00f6re, Avrupa\u2019n\u0131n [&hellip;]<\/p>\n","protected":false},"author":1,"featured_media":34814,"comment_status":"open","ping_status":"open","sticky":false,"template":"","format":"standard","meta":[],"categories":[51,53],"tags":[20434,68,19590,19638,20435,63,20436,1582,20437,20438],"views":547,"_links":{"self":[{"href":"https:\/\/www.enerjigazetesi.ist\/en\/wp-json\/wp\/v2\/posts\/34813"}],"collection":[{"href":"https:\/\/www.enerjigazetesi.ist\/en\/wp-json\/wp\/v2\/posts"}],"about":[{"href":"https:\/\/www.enerjigazetesi.ist\/en\/wp-json\/wp\/v2\/types\/post"}],"author":[{"embeddable":true,"href":"https:\/\/www.enerjigazetesi.ist\/en\/wp-json\/wp\/v2\/users\/1"}],"replies":[{"embeddable":true,"href":"https:\/\/www.enerjigazetesi.ist\/en\/wp-json\/wp\/v2\/comments?post=34813"}],"version-history":[{"count":1,"href":"https:\/\/www.enerjigazetesi.ist\/en\/wp-json\/wp\/v2\/posts\/34813\/revisions"}],"predecessor-version":[{"id":34815,"href":"https:\/\/www.enerjigazetesi.ist\/en\/wp-json\/wp\/v2\/posts\/34813\/revisions\/34815"}],"wp:featuredmedia":[{"embeddable":true,"href":"https:\/\/www.enerjigazetesi.ist\/en\/wp-json\/wp\/v2\/media\/34814"}],"wp:attachment":[{"href":"https:\/\/www.enerjigazetesi.ist\/en\/wp-json\/wp\/v2\/media?parent=34813"}],"wp:term":[{"taxonomy":"category","embeddable":true,"href":"https:\/\/www.enerjigazetesi.ist\/en\/wp-json\/wp\/v2\/categories?post=34813"},{"taxonomy":"post_tag","embeddable":true,"href":"https:\/\/www.enerjigazetesi.ist\/en\/wp-json\/wp\/v2\/tags?post=34813"}],"curies":[{"name":"wp","href":"https:\/\/api.w.org\/{rel}","templated":true}]}}