{"id":34785,"date":"2014-12-25T17:23:48","date_gmt":"2014-12-25T14:23:48","guid":{"rendered":"https:\/\/www.enerjigazetesi.ist\/?p=34785"},"modified":"2014-12-25T17:23:48","modified_gmt":"2014-12-25T14:23:48","slug":"kayip-kacak-elektrikte-iade-kararina-cozum-bulunmali","status":"publish","type":"post","link":"https:\/\/www.enerjigazetesi.ist\/en\/kayip-kacak-elektrikte-iade-kararina-cozum-bulunmali\/","title":{"rendered":"(Turkish) \u201cKay\u0131p-Ka\u00e7ak Elektrikte \u0130ade Karar\u0131na \u00c7\u00f6z\u00fcm Bulunmal\u0131\u201d"},"content":{"rendered":"<p class=\"qtranxs-available-languages-message qtranxs-available-languages-message-en\">Sorry, this entry is only available in <a href=\"https:\/\/www.enerjigazetesi.ist\/tr\/wp-json\/wp\/v2\/posts\/34785\" class=\"qtranxs-available-language-link qtranxs-available-language-link-tr\" title=\"Turkish\">Turkish<\/a>. For the sake of viewer convenience, the content is shown below in the alternative language. You may click the link to switch the active language.<\/p><p><\/p>\n<p style=\"color: #000000;\"><strong>T\u00fcketiciler Derne\u011fi (T\u00dcDER) Genel Ba\u015fkan\u0131 Levent K\u00fc\u00e7\u00fck, Yarg\u0131tay\u2019\u0131n \u201celektrik abonesinden kay\u0131p-ka\u00e7ak paras\u0131 al\u0131namayaca\u011f\u0131na\u201d dair verdi\u011fi karar\u0131n kamuoyunda b\u00fcy\u00fck yank\u0131 uyand\u0131rd\u0131\u011f\u0131n\u0131, hak sahiplerinin t\u00fcketici hakem heyetlerine ve t\u00fcketici mahkemelerine ba\u015fvurmadan geriye d\u00f6n\u00fck 10 y\u0131ll\u0131k kesintilerini geri almalar\u0131 i\u00e7in EPDK\u2019n\u0131n d\u00fczenleme yapmas\u0131 gerekti\u011fini s\u00f6yledi.<a href=\"https:\/\/www.enerjigazetesi.ist\/wp-content\/uploads\/2014\/12\/elektrik-faturas\u0131-982373231.jpg\"><img loading=\"lazy\" class=\"alignleft  wp-image-34786\" src=\"https:\/\/www.enerjigazetesi.ist\/wp-content\/uploads\/2014\/12\/elektrik-faturas\u0131-982373231-300x193.jpg\" alt=\"elektrik-faturas\u0131-98237323\" width=\"300\" height=\"257\" \/><\/a><\/strong><span id=\"more-69371\"><\/span><\/p>\n<p style=\"color: #000000;\">K\u00fc\u00e7\u00fck, bir elektrik abonesinin, faturada kay\u0131p-ka\u00e7ak bedeli ad\u0131 alt\u0131nda \u00f6denen \u00fccrete ili\u015fkin a\u00e7t\u0131\u011f\u0131 davada Yarg\u0131tay Hukuk Dairesi\u2019nin verdi\u011fi karar\u0131 de\u011ferlendirdi.<\/p>\n<p style=\"color: #000000;\">\u00c7\u0131kan karar\u0131n aboneler i\u00e7in emsal niteli\u011finde oldu\u011funu bildiren K\u00fc\u00e7\u00fck, bu karara dayanarak elektrik abonelerinin geriye d\u00f6n\u00fck 10 y\u0131ll\u0131k kay\u0131p ka\u00e7ak kesintilerini geri alma hakk\u0131na kavu\u015ftu\u011funu ifade etti.<\/p>\n<p style=\"color: #000000;\">Yarg\u0131tay Hukuk Genel Kurulu\u2019nun karar\u0131 ba\u011flay\u0131c\u0131 olmas\u0131na ra\u011fmen her bir t\u00fcketicinin kendisinden yap\u0131lan kesintiyi geri almas\u0131 i\u00e7in ya mahkemeye ya da t\u00fcketici hakem heyetlerine ba\u015fvurmas\u0131 gerekti\u011fini bildiren Levent K\u00fc\u00e7\u00fck, 36 milyona yakla\u015fan abonenin \u201ciade\u201d talebiyle t\u00fcketici hakem heyetleri ve t\u00fcketici mahkemelerine ba\u015fvurmas\u0131 halinde olu\u015facak i\u015f yo\u011funlu\u011funa dikkati \u00e7ekti.<br \/>\nBankalar\u0131n dosya masraflar\u0131ndan yapt\u0131\u011f\u0131 kesintileri geri alma ba\u015fvurular\u0131 sebebiyle t\u00fcketici hakem heyetleri ve mahkemelerin i\u015f y\u00fck\u00fcn\u00fcn bir hayli fazla oldu\u011funu, bu kurumlar\u0131n yo\u011funluk sebebiyle \u00e7al\u0131\u015famaz hale geldi\u011fini vurgulayan K\u00fc\u00e7\u00fck, \u201cZaten t\u0131kanan bu kurumlar, yeni bir yo\u011funlu\u011fu kald\u0131ramaz\u201d dedi.<\/p>\n<p style=\"color: #000000;\">\u201cEPDK d\u00fczenleme yapmal\u0131d\u0131r\u201d<\/p>\n<p style=\"color: #000000;\">EPDK\u2019n\u0131n elektrik faturalar\u0131ndaki kay\u0131p-ka\u00e7ak bedelini kald\u0131rmas\u0131n\u0131, ayr\u0131ca her bir abonenin geriye do\u011fru 10 y\u0131ll\u0131k hakk\u0131n\u0131 almas\u0131na sa\u011flayacak d\u00fczenlemenin yap\u0131lmas\u0131 gerekti\u011fini ifade eden K\u00fc\u00e7\u00fck, geri \u00f6demenin elektrik aboneli\u011fi devam t\u00fcketicilerde \u201cmahsupla\u015fma\u201d \u015feklinde olabilece\u011fini belirtti.<\/p>\n<p style=\"color: #000000;\">K\u00fc\u00e7\u00fck, \u015funlar\u0131 s\u00f6yledi:<\/p>\n<p style=\"color: #000000;\">\u201cYarg\u0131tay\u2019\u0131n elektrik abonesinden kay\u0131p-ka\u00e7ak paras\u0131 al\u0131namayaca\u011f\u0131na dair verdi\u011fi karar kamuoyunda b\u00fcy\u00fck yank\u0131 uyand\u0131rd\u0131. Hak sahipleri, t\u00fcketici hakem heyetlerine ve t\u00fcketici mahkemelerine ba\u015fvurmadan geriye d\u00f6n\u00fck 10 y\u0131ll\u0131k kesintilerini geri almalar\u0131 i\u00e7in EPDK d\u00fczenleme yapmal\u0131d\u0131r.\u201d<\/p>\n<p style=\"color: #000000;\">DEVAMI \u0130\u00c7\u0130N\u00a0<a style=\"color: #c75615;\" href=\"http:\/\/www.radikal.com.tr\/izmir_haber\/elektrik_kayip_kacakta_iade_kararina_cozum_bulunmali-1258590\" target=\"_blank\" rel=\"nofollow\">TIKLAYINIZ&gt;&gt;&gt;<\/a><\/p>\n<p style=\"color: #000000;\">Kaynak: Enerji Enstit\u00fcs\u00fc<\/p>\n<p><\/p>","protected":false},"excerpt":{"rendered":"<p>Sorry, this entry is only available in Turkish. For the sake of viewer convenience, the content is shown below in the alternative language. You may click the link to switch the active language. T\u00fcketiciler Derne\u011fi (T\u00dcDER) Genel Ba\u015fkan\u0131 Levent K\u00fc\u00e7\u00fck, Yarg\u0131tay\u2019\u0131n \u201celektrik abonesinden kay\u0131p-ka\u00e7ak paras\u0131 al\u0131namayaca\u011f\u0131na\u201d dair verdi\u011fi karar\u0131n kamuoyunda b\u00fcy\u00fck yank\u0131 uyand\u0131rd\u0131\u011f\u0131n\u0131, hak sahiplerinin [&hellip;]<\/p>\n","protected":false},"author":1,"featured_media":34786,"comment_status":"open","ping_status":"open","sticky":false,"template":"","format":"standard","meta":[],"categories":[51,53],"tags":[68,5939,1229,19590,19638,750,20415,1215,4237,16416],"views":903,"_links":{"self":[{"href":"https:\/\/www.enerjigazetesi.ist\/en\/wp-json\/wp\/v2\/posts\/34785"}],"collection":[{"href":"https:\/\/www.enerjigazetesi.ist\/en\/wp-json\/wp\/v2\/posts"}],"about":[{"href":"https:\/\/www.enerjigazetesi.ist\/en\/wp-json\/wp\/v2\/types\/post"}],"author":[{"embeddable":true,"href":"https:\/\/www.enerjigazetesi.ist\/en\/wp-json\/wp\/v2\/users\/1"}],"replies":[{"embeddable":true,"href":"https:\/\/www.enerjigazetesi.ist\/en\/wp-json\/wp\/v2\/comments?post=34785"}],"version-history":[{"count":1,"href":"https:\/\/www.enerjigazetesi.ist\/en\/wp-json\/wp\/v2\/posts\/34785\/revisions"}],"predecessor-version":[{"id":34787,"href":"https:\/\/www.enerjigazetesi.ist\/en\/wp-json\/wp\/v2\/posts\/34785\/revisions\/34787"}],"wp:featuredmedia":[{"embeddable":true,"href":"https:\/\/www.enerjigazetesi.ist\/en\/wp-json\/wp\/v2\/media\/34786"}],"wp:attachment":[{"href":"https:\/\/www.enerjigazetesi.ist\/en\/wp-json\/wp\/v2\/media?parent=34785"}],"wp:term":[{"taxonomy":"category","embeddable":true,"href":"https:\/\/www.enerjigazetesi.ist\/en\/wp-json\/wp\/v2\/categories?post=34785"},{"taxonomy":"post_tag","embeddable":true,"href":"https:\/\/www.enerjigazetesi.ist\/en\/wp-json\/wp\/v2\/tags?post=34785"}],"curies":[{"name":"wp","href":"https:\/\/api.w.org\/{rel}","templated":true}]}}