{"id":3477,"date":"2012-11-15T10:06:33","date_gmt":"2012-11-15T07:06:33","guid":{"rendered":"https:\/\/www.enerjigazetesi.ist\/?p=3477"},"modified":"2012-11-15T10:06:33","modified_gmt":"2012-11-15T07:06:33","slug":"gaziantep-1-enerji-zirvesi-yapilacak","status":"publish","type":"post","link":"https:\/\/www.enerjigazetesi.ist\/en\/gaziantep-1-enerji-zirvesi-yapilacak\/","title":{"rendered":"(Turkish) Gaziantep 1. Enerji Zirvesi Yap\u0131lacak"},"content":{"rendered":"<p class=\"qtranxs-available-languages-message qtranxs-available-languages-message-en\">Sorry, this entry is only available in <a href=\"https:\/\/www.enerjigazetesi.ist\/tr\/wp-json\/wp\/v2\/posts\/3477\" class=\"qtranxs-available-language-link qtranxs-available-language-link-tr\" title=\"Turkish\">Turkish<\/a>. For the sake of viewer convenience, the content is shown below in the alternative language. You may click the link to switch the active language.<\/p><p><\/p>\n<div align=\"justify\"><strong>Gaziantep B\u00fcy\u00fck\u015fehir Belediyesi taraf\u0131ndan &#8216;S\u00fcrd\u00fcr\u00fclebilirlik Akademisi&#8217; i\u015fbirli\u011fiyle b\u00f6lgede ilki d\u00fczenlenen ve bundan b\u00f6yle her y\u0131l tekrarlanacak olan &#8220;Gaziantep Enerji Zirvesi&#8221;, 14 Aral\u0131k 2012 Cuma g\u00fcn\u00fc \u015eehitkamil K\u00fclt\u00fcr ve Kongre Merkezi\u2019nde yap\u0131lacak.<\/strong><img loading=\"lazy\" class=\"alignright size-medium wp-image-3478\" title=\"gaziantep-enerji-zirvesi\" src=\"https:\/\/www.enerjigazetesi.ist\/wp-content\/uploads\/2012\/11\/gaziantep-enerji-zirvesi-300x208.jpg\" alt=\"\" width=\"300\" height=\"208\" srcset=\"https:\/\/www.enerjigazetesi.ist\/wp-content\/uploads\/2012\/11\/gaziantep-enerji-zirvesi-300x208.jpg 300w, https:\/\/www.enerjigazetesi.ist\/wp-content\/uploads\/2012\/11\/gaziantep-enerji-zirvesi-71x50.jpg 71w, https:\/\/www.enerjigazetesi.ist\/wp-content\/uploads\/2012\/11\/gaziantep-enerji-zirvesi.jpg 500w\" sizes=\"(max-width: 300px) 100vw, 300px\" \/>Enerji Zirvesi ile s\u00fcrd\u00fcr\u00fclebilir kalk\u0131nma yolunda Gaziantep\u2019in yeni yat\u0131r\u0131mlar i\u00e7in potansiyel olanaklar\u0131, gelece\u011fe y\u00f6nelik vizyonu ve b\u00f6lgedeki rol\u00fcn\u00fcn payla\u015f\u0131lmas\u0131 hedefleniyor. Zirvede Gaziantep&#8217;teki k\u00fc\u00e7\u00fck ve orta \u00f6l\u00e7ekte i\u015fletmeler i\u00e7in yol haritalar\u0131, enerji verimlili\u011finde karl\u0131l\u0131k konusu, te\u015fvikler, d\u00fczenlemeler, yat\u0131r\u0131m ve yapt\u0131r\u0131mlar yer alacak.<\/p>\n<p>Gaziantep B\u00fcy\u00fck\u015fehir Belediye Ba\u015fkan\u0131 Dr. As\u0131m G\u00fczelbey, zirve hakk\u0131nda bilgi vererek, &#8220;Enerji Zirvesi, geli\u015fen kentimizin enerji dal\u0131nda ger\u00e7ekle\u015ftirdi\u011fi Ekolojik Kent Projesi, \u0130klim Eylem Plan\u0131 ve daha bir\u00e7ok ba\u015far\u0131l\u0131 projenin tan\u0131t\u0131m\u0131n\u0131 yapmak, bu projeleri enerji konusundaki sekt\u00f6r temsilcileri ile bulu\u015fturmak, Gaziantep&#8217;in enerji hedeflerini olu\u015fturmak ve konuyla ilgili yeni te\u015fvikler hakk\u0131nda bilgi vermek amac\u0131yla d\u00fczenleniyor&#8221; \u015feklinde konu\u015ftu.<\/p>\n<p>K\u0131rsal alan\u0131n karakterini koruyan ve g\u00fc\u00e7lendiren, \u00e7a\u011fda\u015f, \u00f6nc\u00fc ve \u00f6rnek bir kent planlamas\u0131 olu\u015fturaca\u011f\u0131n\u0131 ifade eden G\u00fczelbey, Gaziantep B\u00fcy\u00fck\u015fehir Belediyesi&#8217;nin yapt\u0131\u011f\u0131 ve T\u00fcrkiye&#8217;de ilk olarak Gaziantep&#8217;te hayata ge\u00e7irilecek olan \u2018ekolojik kent\u2019in \u00e7evreye katk\u0131lar\u0131n\u0131n yan\u0131nda sunaca\u011f\u0131 imkanlar\u0131n ve olu\u015fturaca\u011f\u0131 f\u0131rsatlar\u0131n ele al\u0131naca\u011f\u0131 zirvede, kat\u0131l\u0131mc\u0131larla ekolojik kentin \u00f6nemi ve bu alanda yenilenebilir enerji kaynaklar\u0131n\u0131n kullan\u0131m\u0131, do\u011fal yap\u0131ya zarar vermeyen y\u00fcksek yal\u0131t\u0131m de\u011ferine sahip binalar\u0131n yap\u0131m\u0131ndaki te\u015fvik ve desteklerin de kat\u0131l\u0131mc\u0131larla payla\u015f\u0131laca\u011f\u0131n\u0131 aktard\u0131.<\/p>\n<p>Ye\u015fil Ev Mekanik Kontrol M\u00fchendisi ve Enerji Zirvesi sorumlusu Ay\u015feg\u00fcl Tekereko\u011flu, zirvede yer alacak firmalarla g\u00f6r\u00fc\u015fmelerin s\u00fcrd\u00fcr\u00fcld\u00fc\u011f\u00fcn\u00fc, kat\u0131l\u0131m\u0131n yo\u011fun olmas\u0131n\u0131n beklendi\u011fini s\u00f6yledi. Tekereko\u011flu, zirvede yer almak isteyen firmalar\u0131n Gaziantep B\u00fcy\u00fck\u015fehir Belediyesi \u0130mar ve \u015eehircilik Daire Ba\u015fkanl\u0131\u011f\u0131\u2019na ba\u015fvuru yapabileceklerini dile getirdi.<\/p>\n<p>Zirveye, enerji konusunda bakanl\u0131klar, \u00f6zel sekt\u00f6r ve derneklerden karar vericiler, uzmanlar ve ilgili t\u00fcm taraflar kat\u0131l\u0131yor. B\u00f6lgesel g\u00fc\u00e7 olarak Gaziantep\u2019in s\u00fcrd\u00fcr\u00fclebilir kalk\u0131nma yolunda liderlik yapt\u0131\u011f\u0131 Ekolojik Kent Projesi ile alt yap\u0131 ve i\u015f f\u0131rsatlar\u0131n\u0131n da payla\u015f\u0131lacak oldu\u011fu zirvede; &#8216;Enerji Y\u00f6netimi, Enerji Yat\u0131r\u0131mlar\u0131, Binalarda Enerji Verimlili\u011fi, Karbon Sicili\/Uygulamalar\u0131 ve bu alandaki Te\u015fvikler ve Yasal D\u00fczenlemeler&#8217; gibi konular ele al\u0131nacak. Enerji Zirvesi\u2019ne b\u00f6lgede \u00f6zel sekt\u00f6r, sivil toplum kurulu\u015flar\u0131 ve \u00fcniversitelerin yo\u011fun ilgisinin olaca\u011f\u0131 bekleniyor. Zirve S\u00fcrd\u00fcr\u00fclebilirlik Akademisi i\u015fbirli\u011finde karbon n\u00f6tr olarak ger\u00e7ekle\u015ftirilecektir.<\/p>\n<p>Kaynak: <a href=\"http:\/\/www.guncelgazete.com\/detay.php?id=51920\" target=\"_blank\">G\u00fcncel Gazete<\/a><\/p>\n<\/div>\n<p><\/p>","protected":false},"excerpt":{"rendered":"<p>Sorry, this entry is only available in Turkish. For the sake of viewer convenience, the content is shown below in the alternative language. You may click the link to switch the active language. Gaziantep B\u00fcy\u00fck\u015fehir Belediyesi taraf\u0131ndan &#8216;S\u00fcrd\u00fcr\u00fclebilirlik Akademisi&#8217; i\u015fbirli\u011fiyle b\u00f6lgede ilki d\u00fczenlenen ve bundan b\u00f6yle her y\u0131l tekrarlanacak olan &#8220;Gaziantep Enerji Zirvesi&#8221;, 14 Aral\u0131k [&hellip;]<\/p>\n","protected":false},"author":1,"featured_media":3478,"comment_status":"open","ping_status":"open","sticky":false,"template":"","format":"standard","meta":[],"categories":[53],"tags":[67,996,984],"views":1018,"_links":{"self":[{"href":"https:\/\/www.enerjigazetesi.ist\/en\/wp-json\/wp\/v2\/posts\/3477"}],"collection":[{"href":"https:\/\/www.enerjigazetesi.ist\/en\/wp-json\/wp\/v2\/posts"}],"about":[{"href":"https:\/\/www.enerjigazetesi.ist\/en\/wp-json\/wp\/v2\/types\/post"}],"author":[{"embeddable":true,"href":"https:\/\/www.enerjigazetesi.ist\/en\/wp-json\/wp\/v2\/users\/1"}],"replies":[{"embeddable":true,"href":"https:\/\/www.enerjigazetesi.ist\/en\/wp-json\/wp\/v2\/comments?post=3477"}],"version-history":[{"count":2,"href":"https:\/\/www.enerjigazetesi.ist\/en\/wp-json\/wp\/v2\/posts\/3477\/revisions"}],"predecessor-version":[{"id":3480,"href":"https:\/\/www.enerjigazetesi.ist\/en\/wp-json\/wp\/v2\/posts\/3477\/revisions\/3480"}],"wp:featuredmedia":[{"embeddable":true,"href":"https:\/\/www.enerjigazetesi.ist\/en\/wp-json\/wp\/v2\/media\/3478"}],"wp:attachment":[{"href":"https:\/\/www.enerjigazetesi.ist\/en\/wp-json\/wp\/v2\/media?parent=3477"}],"wp:term":[{"taxonomy":"category","embeddable":true,"href":"https:\/\/www.enerjigazetesi.ist\/en\/wp-json\/wp\/v2\/categories?post=3477"},{"taxonomy":"post_tag","embeddable":true,"href":"https:\/\/www.enerjigazetesi.ist\/en\/wp-json\/wp\/v2\/tags?post=3477"}],"curies":[{"name":"wp","href":"https:\/\/api.w.org\/{rel}","templated":true}]}}