{"id":34737,"date":"2014-12-24T09:58:07","date_gmt":"2014-12-24T06:58:07","guid":{"rendered":"https:\/\/www.enerjigazetesi.ist\/?p=34737"},"modified":"2014-12-24T09:58:07","modified_gmt":"2014-12-24T06:58:07","slug":"turk-sanayicisi-28-ab-ulkesinden-daha-ucuz-dogalgaz-kullaniyor","status":"publish","type":"post","link":"https:\/\/www.enerjigazetesi.ist\/en\/turk-sanayicisi-28-ab-ulkesinden-daha-ucuz-dogalgaz-kullaniyor\/","title":{"rendered":"(Turkish) \u201cT\u00fcrk Sanayicisi 28 AB \u00dclkesinden Daha Ucuz Do\u011falgaz Kullan\u0131yor\u201d"},"content":{"rendered":"<p class=\"qtranxs-available-languages-message qtranxs-available-languages-message-en\">Sorry, this entry is only available in <a href=\"https:\/\/www.enerjigazetesi.ist\/tr\/wp-json\/wp\/v2\/posts\/34737\" class=\"qtranxs-available-language-link qtranxs-available-language-link-tr\" title=\"Turkish\">Turkish<\/a>. For the sake of viewer convenience, the content is shown below in the alternative language. You may click the link to switch the active language.<\/p><p><\/p>\n<p style=\"color: #000000;\"><strong>Do\u011falgazda indirim olup olmayaca\u011f\u0131 sorusu g\u00fcndemi me\u015fgul etmeye devam ediyor. Konuyla ilgili Enerji Bakan\u0131 Taner Y\u0131ld\u0131z\u2019dan bir a\u00e7\u0131klama daha geldi.<\/strong><span id=\"more-69274\"><\/span><\/p>\n<p style=\"color: #000000;\">D\u00fcnya genelinde d\u00fc\u015fen d<img loading=\"lazy\" class=\"alignleft  wp-image-34738\" src=\"https:\/\/www.enerjigazetesi.ist\/wp-content\/uploads\/2014\/12\/bota\u015f-do\u011falgaz-29789738231-300x150.jpg\" alt=\"bota\u015f-do\u011falgaz-2978973823\" width=\"300\" height=\"177\" \/>o\u011falgaz fiyatlar\u0131n\u0131 de\u011ferlendiren Y\u0131ld\u0131z, gazdaki indirimlerin halka yans\u0131y\u0131p yans\u0131mayaca\u011f\u0131na y\u00f6nelik soruya \u201cD\u00fc\u015fen fiyatlar, BOTA\u015e\u2019\u0131n<br \/>\nzarar\u0131n\u0131n kapanmas\u0131na yard\u0131mc\u0131 olacak\u201d yan\u0131t\u0131n\u0131 verdi.<\/p>\n<p style=\"color: #000000;\">T\u00fcrk sanayicisinin 28 Avrupa Birli\u011fi \u00fcyesi \u00fclkeden daha ucuza do\u011falgaz kulland\u0131\u011f\u0131n\u0131 da ifade eden Y\u0131ld\u0131z \u015funlar\u0131 kaydetti:<\/p>\n<p style=\"color: #000000;\">\u201c\u00d6zellikle AB \u00fcyesi \u00fclkelerle kar\u015f\u0131la\u015ft\u0131rd\u0131\u011f\u0131m\u0131zda sanayimiz i\u00e7in en ucuz do\u011falgaz\u0131 sa\u011flayan \u00fclke olduk. \u015eu anda fiili rakamlarla 28 AB \u00fcyesi olan \u00fclke aras\u0131nda do\u011falgaz\u0131 en ucuz satan \u00fclke. Elektrikte de ilk 3 \u00fclke aras\u0131na giriyoruz. Elektri\u011fi en ucuz satan Bulgaristan gibi \u00fclkeler \u00f6n\u00fcm\u00fczde.\u201d<\/p>\n<p style=\"color: #000000;\">G\u00fcney Ak\u0131m projesini de\u011ferlendiren Bakan Y\u0131ld\u0131z, T\u00fcrkiye-Rusya ili\u015fkilerinin \u00f6nemini vurgulad\u0131.<\/p>\n<p style=\"color: #000000;\">Y\u0131ld\u0131z, \u201cT\u00fcrkiye ne AB \u00fcyesi \u00fclke olma ile ilgili girdi\u011fi ser\u00fcvenden vazge\u00e7er ne de Rusya gibi \u00f6nemli bir kom\u015fusundan vazge\u00e7er. Tt\u00fcrkiye Rusya, Rusya T\u00fcrkiye i\u00e7in \u00f6nemlidir\u201d diye konu\u015ftu.<\/p>\n<p style=\"color: #000000;\">Petrol fiyatlar\u0131ndaki d\u00fc\u015f\u00fc\u015f\u00fcn ise vatanda\u015f\u0131n cebine yans\u0131d\u0131\u011f\u0131n\u0131 s\u00f6yleyen Y\u0131ld\u0131z, t\u00fcketicinin benzine 6 ayda 6 milyar dolar daha az para harcad\u0131\u011f\u0131n\u0131 vurgulad\u0131.<\/p>\n<p style=\"color: #000000;\">Kaynak: Enerji Enstit\u00fcs\u00fc<\/p>\n<p><\/p>","protected":false},"excerpt":{"rendered":"<p>Sorry, this entry is only available in Turkish. For the sake of viewer convenience, the content is shown below in the alternative language. You may click the link to switch the active language. Do\u011falgazda indirim olup olmayaca\u011f\u0131 sorusu g\u00fcndemi me\u015fgul etmeye devam ediyor. Konuyla ilgili Enerji Bakan\u0131 Taner Y\u0131ld\u0131z\u2019dan bir a\u00e7\u0131klama daha geldi. D\u00fcnya genelinde [&hellip;]<\/p>\n","protected":false},"author":1,"featured_media":34738,"comment_status":"open","ping_status":"open","sticky":false,"template":"","format":"standard","meta":[],"categories":[46,53],"tags":[20375,13155,63,3136,20338,20339,1009,667,14326,6094],"views":546,"_links":{"self":[{"href":"https:\/\/www.enerjigazetesi.ist\/en\/wp-json\/wp\/v2\/posts\/34737"}],"collection":[{"href":"https:\/\/www.enerjigazetesi.ist\/en\/wp-json\/wp\/v2\/posts"}],"about":[{"href":"https:\/\/www.enerjigazetesi.ist\/en\/wp-json\/wp\/v2\/types\/post"}],"author":[{"embeddable":true,"href":"https:\/\/www.enerjigazetesi.ist\/en\/wp-json\/wp\/v2\/users\/1"}],"replies":[{"embeddable":true,"href":"https:\/\/www.enerjigazetesi.ist\/en\/wp-json\/wp\/v2\/comments?post=34737"}],"version-history":[{"count":1,"href":"https:\/\/www.enerjigazetesi.ist\/en\/wp-json\/wp\/v2\/posts\/34737\/revisions"}],"predecessor-version":[{"id":34739,"href":"https:\/\/www.enerjigazetesi.ist\/en\/wp-json\/wp\/v2\/posts\/34737\/revisions\/34739"}],"wp:featuredmedia":[{"embeddable":true,"href":"https:\/\/www.enerjigazetesi.ist\/en\/wp-json\/wp\/v2\/media\/34738"}],"wp:attachment":[{"href":"https:\/\/www.enerjigazetesi.ist\/en\/wp-json\/wp\/v2\/media?parent=34737"}],"wp:term":[{"taxonomy":"category","embeddable":true,"href":"https:\/\/www.enerjigazetesi.ist\/en\/wp-json\/wp\/v2\/categories?post=34737"},{"taxonomy":"post_tag","embeddable":true,"href":"https:\/\/www.enerjigazetesi.ist\/en\/wp-json\/wp\/v2\/tags?post=34737"}],"curies":[{"name":"wp","href":"https:\/\/api.w.org\/{rel}","templated":true}]}}