{"id":34634,"date":"2014-12-21T15:47:06","date_gmt":"2014-12-21T12:47:06","guid":{"rendered":"https:\/\/www.enerjigazetesi.ist\/?p=34634"},"modified":"2014-12-24T09:40:30","modified_gmt":"2014-12-24T06:40:30","slug":"gunes-enerjisi-santralleri-garanti-kosullari","status":"publish","type":"post","link":"https:\/\/www.enerjigazetesi.ist\/en\/gunes-enerjisi-santralleri-garanti-kosullari\/","title":{"rendered":"(Turkish) G\u00fcne\u015f Enerjisi Santralleri Garanti Ko\u015fullar\u0131!"},"content":{"rendered":"<p class=\"qtranxs-available-languages-message qtranxs-available-languages-message-en\">Sorry, this entry is only available in <a href=\"https:\/\/www.enerjigazetesi.ist\/tr\/wp-json\/wp\/v2\/posts\/34634\" class=\"qtranxs-available-language-link qtranxs-available-language-link-tr\" title=\"Turkish\">Turkish<\/a>. For the sake of viewer convenience, the content is shown below in the alternative language. You may click the link to switch the active language.<\/p><p><strong>Fazlas\u0131yla kafa kar\u0131\u015ft\u0131r\u0131c\u0131 \u015fekilde anlat\u0131ld\u0131\u011f\u0131na inand\u0131\u011f\u0131m konuda yapm\u0131\u015f oldu\u011fum \u00e7al\u0131\u015fmay\u0131 sizlerle payla\u015fmak isterim. Umar\u0131m yar\u0131\u015fmalar\u0131n \u00f6ncesinde bu bilgiler sizlerin dikkatini \u00e7eker ve i\u015finize yarar.<\/strong><\/p>\n<p>G\u00fcne\u015f Enerjisi Santralleri i\u00e7in \u00fc\u00e7 \u00e7e\u015fit garanti bulunmaktad\u0131r. Bunlar;<\/p>\n<ul>\n<li>EPC Garantisi,<\/li>\n<li>Temel Ekipman \u00dcr\u00fcn Garantileri (Bu yaz\u0131da sadece Fotovoltaik mod\u00fcller anlat\u0131lacakt\u0131r),<\/li>\n<li>\u00dcretim Garantisi dir.<a href=\"https:\/\/www.enerjigazetesi.ist\/wp-content\/uploads\/2014\/12\/gunes-enerjisi-santralleri-garanti-kosullari.jpg\"><img loading=\"lazy\" class=\"alignright size-medium wp-image-34635\" src=\"https:\/\/www.enerjigazetesi.ist\/wp-content\/uploads\/2014\/12\/gunes-enerjisi-santralleri-garanti-kosullari-300x171.jpg\" alt=\"gunes-enerjisi-santralleri-garanti-kosullari\" width=\"300\" height=\"171\" srcset=\"https:\/\/www.enerjigazetesi.ist\/wp-content\/uploads\/2014\/12\/gunes-enerjisi-santralleri-garanti-kosullari-300x171.jpg 300w, https:\/\/www.enerjigazetesi.ist\/wp-content\/uploads\/2014\/12\/gunes-enerjisi-santralleri-garanti-kosullari-500x286.jpg 500w, https:\/\/www.enerjigazetesi.ist\/wp-content\/uploads\/2014\/12\/gunes-enerjisi-santralleri-garanti-kosullari-80x45.jpg 80w, https:\/\/www.enerjigazetesi.ist\/wp-content\/uploads\/2014\/12\/gunes-enerjisi-santralleri-garanti-kosullari.jpg 698w\" sizes=\"(max-width: 300px) 100vw, 300px\" \/><\/a><\/li>\n<\/ul>\n<p><strong>EPC Garantisi;<\/strong> anahtar teslim anla\u015fma yap\u0131lm\u0131\u015f Al\u0131c\u0131 firma\u2019ya (Al\u0131c\u0131) \u201cG\u00fcne\u015f Enerjisi Santrali (GES) Kurulumu yapacak olan firma (Y\u00fcklenici) \u201cG\u00fcne\u015f Enerjisi Santrali\u201d nin kabul tarihinde \u201cTemel Ekipman \u0130malat\u00e7\u0131lar\u0131n\u0131n\u201d <strong>Garanti Belgeleri<\/strong>\u2019ni Al\u0131c\u0131 firma\u2019ya teslim etmek zorundad\u0131r. Bu tarihtan itibaren Al\u0131c\u0131 ve Y\u00fcklenici aras\u0131nda ba\u015fka bir garanti anla\u015fmas\u0131 yap\u0131lmam\u0131\u015fsa Y\u00fcklenici sadece <strong>24 ay<\/strong>boyunca Yard\u0131mc\u0131 Ekipmanlar\u2019\u0131n tasdiki ve GES Montaj\u0131na ili\u015fkin olarak <em>sorumlu olacakt\u0131r<\/em>.<\/p>\n<p><strong>Temel Ekipman \u00dcr\u00fcn Garantileri; <\/strong>Ana ak\u0131m fotovoltaik mod\u00fcllerin 10 ve 25 y\u0131ll\u0131k periyodlar\u0131n\u0131 kapsayan iki farkl\u0131 garantisi tek ve b\u00fct\u00fcnle\u015fik bir \u00fcr\u00fcn garantisi alt\u0131nda toplanm\u0131\u015ft\u0131r. Fotovoltaik mod\u00fcllerin, normal uygulama, kullan\u0131m ve hizmet ko\u015fullar\u0131 alt\u0131nda malzeme ve i\u015fcilik ay\u0131plar\u0131 (E<em>PC Garantisi \u2013 GES Montaj\u0131 klozu) <\/em>hari\u00e7 Fotovoltaik mod\u00fcllerin ilk <strong>10 y\u0131ll\u0131k<\/strong> kullan\u0131m\u0131 i\u00e7erisinde orijinal \u00fcr\u00fcn etiketinde yazan g\u00fc\u00e7 \u00e7\u0131k\u0131\u015f\u0131n\u0131n <strong>%91,2<\/strong>\u2019sinden daha d\u00fc\u015f\u00fck bir g\u00fc\u00e7 \u00e7\u0131k\u0131\u015f\u0131 vermesi halinde ge\u00e7erlidir. Ayn\u0131 \u00fcr\u00fcn garantisi 10~25 y\u0131llar\u0131 aras\u0131nda ki kullan\u0131m d\u00f6nemi i\u00e7in <strong>%80.7<\/strong>\u2019sinden daha d\u00fc\u015f\u00fck bir g\u00fc\u00e7 \u00e7\u0131k\u0131\u015f\u0131 vermesi halinde ge\u00e7erli olacakt\u0131r. (Burda bahsedilen de\u011ferler <strong>standart test ko\u015fullarda<\/strong> yani 1000W\/m2 \u0131\u015f\u0131n\u0131m alt\u0131nda, 25 0C h\u00fccre s\u0131cakl\u0131\u011f\u0131nda ve 1.5 Atmosfer durumunda elde edilen sonu\u00e7lard\u0131r)<\/p>\n<p>\u0130nvert\u00f6r\u2019e ba\u011fl\u0131 ve onunla senkron olarak \u00fcretim takibini g\u00f6zlemlemeye yarayan \u201c\u0130zleme Sistemi\u201d GES \u00fczerine gelen \u0131\u015f\u0131n\u0131m miktar\u0131n\u0131 ve panel serilerileri \u00fczerinden invert\u00f6re gelen DC g\u00fcc\u00fc g\u00f6stermektedir. GES i\u015fletimi esnas\u0131nda iki de\u011fer aras\u0131nda g\u00f6zlemlenen fark\u0131n takibi ile bir sorun olup olmad\u0131\u011f\u0131 anla\u015f\u0131labilmektedir. Baz\u0131 invert\u00f6rlerin kendilerine has izleme sistemleri sayesinde her panel\u2019in \u00e7al\u0131\u015fma performans\u0131n\u0131 g\u00f6sterebilmektedir. (B\u00fcy\u00fck santraller i\u00e7in maliyet artt\u0131r\u0131c\u0131 oldu\u011fundan kullan\u0131m\u0131 yayg\u0131n de\u011fildir ama k\u00fc\u00e7\u00fck sistemler i\u00e7in \u00e7ok kullan\u0131\u015fl\u0131 oldu\u011fu bilinmektedir)<\/p>\n<p>GES i\u015fletimi esnas\u0131nda farkedilen \u00fcretim farkl\u0131l\u0131\u011f\u0131 sonras\u0131nda \u00fcretici firma ile temasa ge\u00e7ilmesi gerekmektedir. \u00dcretici firma panellerini standart test ko\u015fullar\u0131 alt\u0131ndaki performas\u0131n\u0131 belirlenmesini isteyerek, ba\u011f\u0131ms\u0131z bir test laboratuar\u0131n da incelenmesini talep edecektir.<\/p>\n<p><strong>\u00dcretim Garantisi; <\/strong>Y\u00fcklenici firma ile de yap\u0131labilinece\u011fi gibi ba\u011f\u0131ms\u0131z bir sigorta \u015firketi ile de yap\u0131labilmektedir. \u0130zleme sistemi ile GES \u00fczerine gelen \u0131\u015f\u0131n\u0131m miktar\u0131 ve sistemin ulusal a\u011fa verdi\u011fi elektirik enerjisi incelenerek belirlenmektedir. Teorik olarak al\u0131nan GES \u00fczerine gelen \u0131\u015f\u0131n\u0131m miktar\u0131 ile sistemin k\u00fcm\u00fclatif kay\u0131plar\u0131 sonras\u0131 beklenen elektrik \u00fcretim miktar\u0131 ile s\u0131kca kar\u0131\u015ft\u0131r\u0131lmaktad\u0131r. G\u00fcne\u015f enerjisi de\u011fi\u015fken bir kaynak oldu\u011fu i\u00e7in \u00fczerine gelen \u0131\u015f\u0131n\u0131m miktar\u0131 oran\u0131nda elektrik \u00fcretebilmektedir. Burada ba\u011flay\u0131c\u0131 olan sistemin ulusal a\u011fa verdi\u011fi elektirik i\u00e7in vaadedilen k\u00fcm\u00fclatif sistem performans\u0131n\u0131 g\u00f6sterip g\u00f6steremedi\u011fidir. \u00dcretim garantisi ayr\u0131ca Temel Ekipman<br \/>\n\u00dcr\u00fcn Garantileri ile de kar\u0131\u015ft\u0131r\u0131lmaktad\u0131r. %99 verimli bir invert\u00f6r kullanmak toplam \u00e7evirimi pozitif etkilese bile k\u00fcm\u00fclatif sistem veriminde %98 verimli bir invert\u00f6r kullanmaktan \u00e7ok da farkl\u0131 de\u011fildir.<\/p>\n<p>\u00dcretim garantileri <em>dizayn esnas\u0131nda belirlenen sistem performans\u0131<\/em> ile <em>reel olarak ger\u00e7ekle\u015fmi\u015f senelik k\u00fcm\u00fclatif \u0131\u015f\u0131n\u0131m miktar\u0131<\/em> aras\u0131ndaki denklem sonras\u0131nda belirlenen b\u00fcy\u00fckl\u00fck ile reel olarak ger\u00e7ekle\u015fen \u00fcretim de\u011feri aras\u0131nda ki <strong>fark\u0131n\u00a0<\/strong>Al\u0131c\u0131\u2019ya \u00f6denmesi \u015feklinde ger\u00e7ekle\u015ftirilmelidir.<\/p>\n<p><strong>Yal\u0131m Serdar SERHADLIO\u011eLU \/ M.Sc. Energy and Environment Management<\/strong><\/p>\n<p>Kaynak: <a href=\"http:\/\/enerjienstitusu.com\/2014\/12\/20\/gunes-enerjisi-fotovoltaik-ekipman-garanti-kosullari\/\" target=\"_blank\">Enerji Enstit\u00fcs\u00fc<\/a><\/p>","protected":false},"excerpt":{"rendered":"<p>Sorry, this entry is only available in Turkish. For the sake of viewer convenience, the content is shown below in the alternative language. You may click the link to switch the active language.Fazlas\u0131yla kafa kar\u0131\u015ft\u0131r\u0131c\u0131 \u015fekilde anlat\u0131ld\u0131\u011f\u0131na inand\u0131\u011f\u0131m konuda yapm\u0131\u015f oldu\u011fum \u00e7al\u0131\u015fmay\u0131 sizlerle payla\u015fmak isterim. Umar\u0131m yar\u0131\u015fmalar\u0131n \u00f6ncesinde bu bilgiler sizlerin dikkatini \u00e7eker ve i\u015finize [&hellip;]<\/p>\n","protected":false},"author":1,"featured_media":34635,"comment_status":"open","ping_status":"open","sticky":false,"template":"","format":"standard","meta":[],"categories":[53,49],"tags":[20300,68,19590,19638,63,67,1009,165,227,13,20301,20302,20303,20304,20305],"views":553,"_links":{"self":[{"href":"https:\/\/www.enerjigazetesi.ist\/en\/wp-json\/wp\/v2\/posts\/34634"}],"collection":[{"href":"https:\/\/www.enerjigazetesi.ist\/en\/wp-json\/wp\/v2\/posts"}],"about":[{"href":"https:\/\/www.enerjigazetesi.ist\/en\/wp-json\/wp\/v2\/types\/post"}],"author":[{"embeddable":true,"href":"https:\/\/www.enerjigazetesi.ist\/en\/wp-json\/wp\/v2\/users\/1"}],"replies":[{"embeddable":true,"href":"https:\/\/www.enerjigazetesi.ist\/en\/wp-json\/wp\/v2\/comments?post=34634"}],"version-history":[{"count":2,"href":"https:\/\/www.enerjigazetesi.ist\/en\/wp-json\/wp\/v2\/posts\/34634\/revisions"}],"predecessor-version":[{"id":34734,"href":"https:\/\/www.enerjigazetesi.ist\/en\/wp-json\/wp\/v2\/posts\/34634\/revisions\/34734"}],"wp:featuredmedia":[{"embeddable":true,"href":"https:\/\/www.enerjigazetesi.ist\/en\/wp-json\/wp\/v2\/media\/34635"}],"wp:attachment":[{"href":"https:\/\/www.enerjigazetesi.ist\/en\/wp-json\/wp\/v2\/media?parent=34634"}],"wp:term":[{"taxonomy":"category","embeddable":true,"href":"https:\/\/www.enerjigazetesi.ist\/en\/wp-json\/wp\/v2\/categories?post=34634"},{"taxonomy":"post_tag","embeddable":true,"href":"https:\/\/www.enerjigazetesi.ist\/en\/wp-json\/wp\/v2\/tags?post=34634"}],"curies":[{"name":"wp","href":"https:\/\/api.w.org\/{rel}","templated":true}]}}