{"id":34513,"date":"2014-12-16T11:44:23","date_gmt":"2014-12-16T08:44:23","guid":{"rendered":"https:\/\/www.enerjigazetesi.ist\/?p=34513"},"modified":"2014-12-16T11:44:40","modified_gmt":"2014-12-16T08:44:40","slug":"epiasin-kurulusunda-son-asamaya-gelindi","status":"publish","type":"post","link":"https:\/\/www.enerjigazetesi.ist\/en\/epiasin-kurulusunda-son-asamaya-gelindi\/","title":{"rendered":"(Turkish) EP\u0130A\u015e\u2019\u0131n Kurulu\u015funda Son A\u015famaya Gelindi!"},"content":{"rendered":"<p class=\"qtranxs-available-languages-message qtranxs-available-languages-message-en\">Sorry, this entry is only available in <a href=\"https:\/\/www.enerjigazetesi.ist\/tr\/wp-json\/wp\/v2\/posts\/34513\" class=\"qtranxs-available-language-link qtranxs-available-language-link-tr\" title=\"Turkish\">Turkish<\/a>. For the sake of viewer convenience, the content is shown below in the alternative language. You may click the link to switch the active language.<\/p><p><\/p>\n<p style=\"color: #000000;\"><strong>EPDK Ba\u015fkan\u0131 Y\u0131lmaz, EP\u0130A\u015e\u2019\u0131n kurulu\u015funda art\u0131k son a\u015famaya gelindi\u011fini belirterek, \u201c2015 Ocak itibar\u0131yla EP\u0130A\u015e\u2019\u0131n ticaret siciline kayd\u0131 ger\u00e7ekle\u015ftirilecek\u201d dedi.<\/strong><span id=\"more-69103\"><\/span><\/p>\n<p style=\"color: #000000;\">Enerji Piyasas\u0131 D\u00fczenleme Kurumu (EPDK) Ba\u015fkan\u0131 Mustafa Y\u0131lmaz, Enerji Piyasalar\u0131 \u0130\u015fletme Anonim \u015eirketi\u2019nin (EP\u0130A\u015e) kurulu\u015funda art\u0131k son a\u015famaya <a href=\"https:\/\/www.enerjigazetesi.ist\/wp-content\/uploads\/2014\/12\/epia\u015f.jpg\"><img loading=\"lazy\" class=\"alignleft  wp-image-34514\" src=\"https:\/\/www.enerjigazetesi.ist\/wp-content\/uploads\/2014\/12\/epia\u015f-300x157.jpg\" alt=\"epia\u015f\" width=\"300\" height=\"199\" \/><\/a>gelindi\u011fini belirterek, \u201cBu hafta itibar\u0131yla C grubu paylara y\u00f6nelik tutarlar pay almaya hak kazanan \u015firketlerce yat\u0131r\u0131lacak ve 2015 Ocak itibar\u0131yla EP\u0130A\u015e\u2019\u0131n ticaret siciline kayd\u0131 ger\u00e7ekle\u015ftirilecek\u201d dedi.<\/p>\n<p style=\"color: #000000;\">Y\u0131lmaz, Anadolu Ajans\u0131\u2019n\u0131n bas\u0131n sponsoru oldu\u011fu Uluslararas\u0131 Enerji ve \u00c7evre Fuar\u0131 ve Konferans\u0131 (ICCI) 2014 Enerji Oscar \u00d6d\u00fclleri i\u00e7in d\u00fczenlenen t\u00f6rende yapt\u0131\u011f\u0131 konu\u015fmada, enerjiye yap\u0131lan yat\u0131r\u0131m\u0131n, \u00fclkenin kalk\u0131nmas\u0131na, vatanda\u015f\u0131n refah\u0131na y\u00f6nelik oldu\u011funu s\u00f6yledi.<\/p>\n<p style=\"color: #000000;\">T\u00fcrkiye\u2019nin enerji piyasas\u0131nda ula\u015f\u0131lan b\u00fcy\u00fcme ve ger\u00e7ekle\u015fen geli\u015fme sonucunda piyasan\u0131n borsaya ihtiyac\u0131 do\u011fdu\u011funu belirten Y\u0131lmaz, \u015funlar\u0131 kaydetti:<\/p>\n<p style=\"color: #000000;\">\u201cEP\u0130A\u015e\u2019\u0131n kurulu\u015funda art\u0131k son a\u015famaya gelindi. Bu hafta itibar\u0131yla C grubu paylara y\u00f6nelik tutarlar pay almaya hak kazanan \u015firketlerce yat\u0131r\u0131lacak ve 2015 Ocak itibar\u0131yla EP\u0130A\u015e\u2019\u0131n ticaret siciline kayd\u0131 ger\u00e7ekle\u015ftirilecek. \u00dcmit ediyorum ki y\u00f6netim kuruluna y\u00f6nelik atamalar\u0131n k\u0131sa s\u00fcrede ger\u00e7ekle\u015fmesiyle EP\u0130A\u015e\u2019da faaliyete ba\u015flayacak. EP\u0130A\u015e elektrik piyasas\u0131n\u0131n geli\u015fimi ve b\u00fcy\u00fcmesine ivme kazand\u0131rarak, T\u00fcrkiye\u2019nin yar\u0131nlar\u0131 i\u00e7in ihtiya\u00e7 duyaca\u011f\u0131 enerjiyi \u00fcretmeye bug\u00fcnden katk\u0131 sa\u011flayacakt\u0131r.\u201d<\/p>\n<p style=\"color: #000000;\">Kaynak: Enerji Enstit\u00fcs\u00fc<\/p>\n<p><\/p>","protected":false},"excerpt":{"rendered":"<p>Sorry, this entry is only available in Turkish. For the sake of viewer convenience, the content is shown below in the alternative language. You may click the link to switch the active language. EPDK Ba\u015fkan\u0131 Y\u0131lmaz, EP\u0130A\u015e\u2019\u0131n kurulu\u015funda art\u0131k son a\u015famaya gelindi\u011fini belirterek, \u201c2015 Ocak itibar\u0131yla EP\u0130A\u015e\u2019\u0131n ticaret siciline kayd\u0131 ger\u00e7ekle\u015ftirilecek\u201d dedi. Enerji Piyasas\u0131 D\u00fczenleme [&hellip;]<\/p>\n","protected":false},"author":1,"featured_media":34514,"comment_status":"open","ping_status":"open","sticky":false,"template":"","format":"standard","meta":[],"categories":[51,53],"tags":[20190,68,3500,1046,750,1010,580,12996,20207,4871],"views":580,"_links":{"self":[{"href":"https:\/\/www.enerjigazetesi.ist\/en\/wp-json\/wp\/v2\/posts\/34513"}],"collection":[{"href":"https:\/\/www.enerjigazetesi.ist\/en\/wp-json\/wp\/v2\/posts"}],"about":[{"href":"https:\/\/www.enerjigazetesi.ist\/en\/wp-json\/wp\/v2\/types\/post"}],"author":[{"embeddable":true,"href":"https:\/\/www.enerjigazetesi.ist\/en\/wp-json\/wp\/v2\/users\/1"}],"replies":[{"embeddable":true,"href":"https:\/\/www.enerjigazetesi.ist\/en\/wp-json\/wp\/v2\/comments?post=34513"}],"version-history":[{"count":2,"href":"https:\/\/www.enerjigazetesi.ist\/en\/wp-json\/wp\/v2\/posts\/34513\/revisions"}],"predecessor-version":[{"id":34516,"href":"https:\/\/www.enerjigazetesi.ist\/en\/wp-json\/wp\/v2\/posts\/34513\/revisions\/34516"}],"wp:featuredmedia":[{"embeddable":true,"href":"https:\/\/www.enerjigazetesi.ist\/en\/wp-json\/wp\/v2\/media\/34514"}],"wp:attachment":[{"href":"https:\/\/www.enerjigazetesi.ist\/en\/wp-json\/wp\/v2\/media?parent=34513"}],"wp:term":[{"taxonomy":"category","embeddable":true,"href":"https:\/\/www.enerjigazetesi.ist\/en\/wp-json\/wp\/v2\/categories?post=34513"},{"taxonomy":"post_tag","embeddable":true,"href":"https:\/\/www.enerjigazetesi.ist\/en\/wp-json\/wp\/v2\/tags?post=34513"}],"curies":[{"name":"wp","href":"https:\/\/api.w.org\/{rel}","templated":true}]}}