{"id":34460,"date":"2014-12-15T11:22:57","date_gmt":"2014-12-15T08:22:57","guid":{"rendered":"https:\/\/www.enerjigazetesi.ist\/?p=34460"},"modified":"2014-12-15T11:22:57","modified_gmt":"2014-12-15T08:22:57","slug":"bm-iklim-degisikligi-konferansinda-asgari-uzlasma-nihayet-saglandi","status":"publish","type":"post","link":"https:\/\/www.enerjigazetesi.ist\/en\/bm-iklim-degisikligi-konferansinda-asgari-uzlasma-nihayet-saglandi\/","title":{"rendered":"(Turkish) BM \u0130klim De\u011fi\u015fikli\u011fi Konferans\u0131\u2019nda Asgari Uzla\u015fma Nihayet Sa\u011fland\u0131&#8230;"},"content":{"rendered":"<p class=\"qtranxs-available-languages-message qtranxs-available-languages-message-en\">Sorry, this entry is only available in <a href=\"https:\/\/www.enerjigazetesi.ist\/tr\/wp-json\/wp\/v2\/posts\/34460\" class=\"qtranxs-available-language-link qtranxs-available-language-link-tr\" title=\"Turkish\">Turkish<\/a>. For the sake of viewer convenience, the content is shown below in the alternative language. You may click the link to switch the active language.<\/p><p><\/p>\n<p style=\"color: #000000;\"><strong>Birle\u015fmi\u015f Milletler (BM) \u0130klim De\u011fi\u015fikli\u011fi Konferans\u0131\u2019nda nihayet anla\u015fmaya var\u0131ld\u0131. Peru\u2019daki BM iklim konferans\u0131nda g\u00f6r\u00fc\u015fmeciler sabaha kar\u015f\u0131 gelecek y\u0131l Paris\u2019te bir k\u00fcresel iklim pakt\u0131 imzalanmas\u0131na zemin haz\u0131rlayan bir anla\u015fmaya vard\u0131.<\/strong><\/p>\n<p style=\"color: #000000;\">195 \u00fclkenin temsilcileri aras\u0131nda, atmosfere karbondioksit sal\u0131m\u0131n\u0131n azalt\u0131lmas\u0131nda y\u00fcklerin nas\u0131l payla\u015ft\u0131r\u0131laca\u011f\u0131na ve m\u00fczakerelerin nas\u0131l devam edece\u011fine<br \/>\ndair takvim \u00fczerinde mutab\u0131k kal\u0131nd\u0131. Yeni ba\u011flay\u0131c\u0131 bir iklim anla\u015fmas\u0131na temel olu\u015fturacak olan uzla\u015fma konferans\u0131n planlanan biti\u015f tarihinden iki g\u00fcn sonra elde edilebildi.<\/p>\n<p style=\"color: #000000;\">\u00a0<img loading=\"lazy\" class=\"alignright  wp-image-34461\" src=\"https:\/\/www.enerjigazetesi.ist\/wp-content\/uploads\/2014\/12\/ipcc-birlesmis-milletler-kuresel-iklim-anlasma-cevre-300x161.jpg\" alt=\"ipcc-birlesmis-milletler-kuresel-iklim-anlasma-cevre\" width=\"300\" height=\"262\" \/>Zirveye ba\u015fkanl\u0131k eden Peru \u00c7evre Bakan\u0131 Manuel Pulgar Vidal yapt\u0131\u011f\u0131 konu\u015fmada s\u00f6z konusu anla\u015fman\u0131n \u00f6nemine de\u011findi: \u201cT\u00fcm metinler gibi bu da m\u00fckemmel bir metin de\u011fil. Ancak bu metin taraflar\u0131n pozisyonlar\u0131n\u0131 i\u00e7eriyor. Bu anla\u015fmayla birlikte, istinas\u0131z hepimiz kazananlar\u0131z.\u201d<\/p>\n<p style=\"color: #000000;\">1-12 Aral\u0131k aras\u0131nda ger\u00e7ekle\u015ftirilen zirvenin sunum ve raporlar\u0131na eri\u015fmek i\u00e7in\u00a0<a style=\"color: #c75615;\" title=\"ipcc raporlar\u0131\" href=\"http:\/\/www.ipcc.ch\/presentations_and_speeches\/presentations_and_speeches.shtml\" target=\"_blank\" rel=\"nofollow\">t\u0131klay\u0131n\u0131z<\/a>.<\/p>\n<p style=\"color: #000000;\">Lima anla\u015fmas\u0131, zengin \u00fclkeleri k\u00fcresel \u0131s\u0131nma ile m\u00fccadele sorumluluklar\u0131n\u0131 yerine getirmemekle su\u00e7layan geli\u015fmekte olan \u00fclkelerin daha \u00f6nceki anla\u015fma taslaklar\u0131n\u0131 reddetmesinden saatler sonra kabul edildi.<\/p>\n<h3 style=\"color: #232323;\">\u00c7in\u2019in \u0130tiraz Etti<\/h3>\n<p style=\"color: #000000;\">Taslak anla\u015fma metninin, konferans\u0131n son g\u00fcn\u00fc olarak belirlenen d\u00fcn \u00e7\u0131kmas\u0131 planlan\u0131yordu. Amerika Birle\u015fik Devletleri taraf\u0131ndan sunulan ve Avrupa Birli\u011fi\u2019nin destekledi\u011fi anla\u015fma metnine \u00c7in itiraz etti. Pekin y\u00f6netimi , 2015 y\u0131l\u0131nda Paris\u2019te t\u00fcm \u00fclkeler taraf\u0131ndan kabul edilecek ve 2020\u2019de Kyoto Anla\u015fmas\u0131\u2019n\u0131n yerini alacak taslak anla\u015fman\u0131n fakir \u00fclkelere sera gaz\u0131 sal\u0131n\u0131m\u0131nda lider olan geli\u015fmi\u015f \u00fclkelerden \u00e7ok daha fazla y\u00fck getirece\u011fini savunuyor.<\/p>\n<p style=\"color: #000000;\">Nihai taslak<strong>\u00a0\u201c \u00fclkeler k\u00fcresel \u0131s\u0131nma ile m\u00fccadelede ortak ancak farkl\u0131 sorumluluklar ta\u015f\u0131r\u201d<\/strong>\u00a0ifadesine yer vererek geli\u015fmekte olan \u00fclkelerin kayg\u0131lar\u0131n\u0131 giderdi.<\/p>\n<h3 style=\"color: #232323;\">\u00c7evrecileri Tatmin Etmedi<\/h3>\n<p style=\"color: #000000;\">D\u00fcnya Do\u011fal Hayat\u0131 Koruma Vakf\u0131 (World Wildlife Fund) ise s\u00f6z konusu anla\u015fman\u0131n yetersiz oldu\u011funu savunuyor: \u201cBuraya iyimser d\u00fc\u015f\u00fcnerek geldik. Amerika Birle\u015fik Devletleri\u2019nin ve \u00c7in\u2019in yapt\u0131\u011f\u0131 duyurular vard\u0131. Latin Amerika\u2019daki \u00fclkeler de yenilenebilir enerji ve ormanlar\u0131n korunmas\u0131 konular\u0131nda bir s\u00fcr\u00fc g\u00fczel a\u00e7\u0131klama yapt\u0131. \u015eu anda elimizde yetersiz bir anla\u015fma metni var ve e\u011fer iyi bir k\u00fcresel anla\u015fma istiyorsak, Paris\u2019te yap\u0131lacak toplant\u0131ya kadar \u00f6n\u00fcm\u00fczde inan\u0131lmaz zor bir yol var.\u201d<\/p>\n<p style=\"color: #000000;\">D\u00f6rt sayfal\u0131k anla\u015fma metninde her \u00fclkenin k\u00fcresel \u0131s\u0131nmayla m\u00fccadele i\u00e7in almas\u0131 gereken \u00f6nlemler bulunuyor.<\/p>\n<p style=\"color: #000000;\">2015\u2019te Paris\u2019te yap\u0131lmas\u0131 planlanan anla\u015fma, 2020 y\u0131l\u0131nda Kyoto Anla\u015fmas\u0131\u2019n\u0131n yerini alacak.<\/p>\n<p style=\"color: #000000;\">Kaynak: Enerji Enstit\u00fcs\u00fc<\/p>\n<p><\/p>","protected":false},"excerpt":{"rendered":"<p>Sorry, this entry is only available in Turkish. For the sake of viewer convenience, the content is shown below in the alternative language. You may click the link to switch the active language. Birle\u015fmi\u015f Milletler (BM) \u0130klim De\u011fi\u015fikli\u011fi Konferans\u0131\u2019nda nihayet anla\u015fmaya var\u0131ld\u0131. Peru\u2019daki BM iklim konferans\u0131nda g\u00f6r\u00fc\u015fmeciler sabaha kar\u015f\u0131 gelecek y\u0131l Paris\u2019te bir k\u00fcresel iklim [&hellip;]<\/p>\n","protected":false},"author":1,"featured_media":34461,"comment_status":"open","ping_status":"open","sticky":false,"template":"","format":"standard","meta":[],"categories":[53],"tags":[1350,20167,20168,63,3136,1999,4522,20169,20170,20171],"views":697,"_links":{"self":[{"href":"https:\/\/www.enerjigazetesi.ist\/en\/wp-json\/wp\/v2\/posts\/34460"}],"collection":[{"href":"https:\/\/www.enerjigazetesi.ist\/en\/wp-json\/wp\/v2\/posts"}],"about":[{"href":"https:\/\/www.enerjigazetesi.ist\/en\/wp-json\/wp\/v2\/types\/post"}],"author":[{"embeddable":true,"href":"https:\/\/www.enerjigazetesi.ist\/en\/wp-json\/wp\/v2\/users\/1"}],"replies":[{"embeddable":true,"href":"https:\/\/www.enerjigazetesi.ist\/en\/wp-json\/wp\/v2\/comments?post=34460"}],"version-history":[{"count":1,"href":"https:\/\/www.enerjigazetesi.ist\/en\/wp-json\/wp\/v2\/posts\/34460\/revisions"}],"predecessor-version":[{"id":34462,"href":"https:\/\/www.enerjigazetesi.ist\/en\/wp-json\/wp\/v2\/posts\/34460\/revisions\/34462"}],"wp:featuredmedia":[{"embeddable":true,"href":"https:\/\/www.enerjigazetesi.ist\/en\/wp-json\/wp\/v2\/media\/34461"}],"wp:attachment":[{"href":"https:\/\/www.enerjigazetesi.ist\/en\/wp-json\/wp\/v2\/media?parent=34460"}],"wp:term":[{"taxonomy":"category","embeddable":true,"href":"https:\/\/www.enerjigazetesi.ist\/en\/wp-json\/wp\/v2\/categories?post=34460"},{"taxonomy":"post_tag","embeddable":true,"href":"https:\/\/www.enerjigazetesi.ist\/en\/wp-json\/wp\/v2\/tags?post=34460"}],"curies":[{"name":"wp","href":"https:\/\/api.w.org\/{rel}","templated":true}]}}