{"id":34436,"date":"2014-12-14T20:26:58","date_gmt":"2014-12-14T17:26:58","guid":{"rendered":"https:\/\/www.enerjigazetesi.ist\/?p=34436"},"modified":"2014-12-14T20:26:58","modified_gmt":"2014-12-14T17:26:58","slug":"enerji-ataseleri-2015te-goreve-basliyor","status":"publish","type":"post","link":"https:\/\/www.enerjigazetesi.ist\/en\/enerji-ataseleri-2015te-goreve-basliyor\/","title":{"rendered":"(Turkish) Enerji Ata\u015feleri 2015\u2019te G\u00f6reve Ba\u015fl\u0131yor&#8230;"},"content":{"rendered":"<p class=\"qtranxs-available-languages-message qtranxs-available-languages-message-en\">Sorry, this entry is only available in <a href=\"https:\/\/www.enerjigazetesi.ist\/tr\/wp-json\/wp\/v2\/posts\/34436\" class=\"qtranxs-available-language-link qtranxs-available-language-link-tr\" title=\"Turkish\">Turkish<\/a>. For the sake of viewer convenience, the content is shown below in the alternative language. You may click the link to switch the active language.<\/p><p><strong>Enerji Bakanl\u0131\u011f\u0131 \u2018enerji ata\u015feleriyle\u2019 yurtd\u0131\u015f\u0131na a\u00e7\u0131lmaya haz\u0131rlan\u0131yor. Uzman diplomatlar petrol, do\u011falgaz ve n\u00fckleer enerjideki son geli\u015fmeleri Ankara\u2019ya bildirecek. Ak\u015fam Gazetesi\u2019nin haberine g\u00f6re, 2015\u2019ten itibaren yurtd\u0131\u015f\u0131nda \u2018enerji ata\u015feleri\u2019 g\u00f6reve ba\u015flayacak.<\/strong><\/p>\n<p>Ata\u015feler ilk olarak ABD, Rusya, Fransa, Azerbaycan ve Irak yolcusu. H\u00fck\u00fcmet, bu ama\u00e7la \u201cenerji diplomatlar\u0131\u201d g\u00f6revlendirmeye haz\u0131rlan\u0131yor. 5 \u00fclkede g\u00f6rev alacak \u2018enerji <a href=\"https:\/\/www.enerjigazetesi.ist\/wp-content\/uploads\/2014\/12\/enerji-ataseleri-2015te-goreve-basliyor.jpg\"><img loading=\"lazy\" class=\"alignleft size-medium wp-image-34437\" src=\"https:\/\/www.enerjigazetesi.ist\/wp-content\/uploads\/2014\/12\/enerji-ataseleri-2015te-goreve-basliyor-300x179.jpg\" alt=\"enerji-ataseleri-2015te-goreve-basliyor\" width=\"300\" height=\"179\" srcset=\"https:\/\/www.enerjigazetesi.ist\/wp-content\/uploads\/2014\/12\/enerji-ataseleri-2015te-goreve-basliyor-300x179.jpg 300w, https:\/\/www.enerjigazetesi.ist\/wp-content\/uploads\/2014\/12\/enerji-ataseleri-2015te-goreve-basliyor-500x299.jpg 500w, https:\/\/www.enerjigazetesi.ist\/wp-content\/uploads\/2014\/12\/enerji-ataseleri-2015te-goreve-basliyor-80x47.jpg 80w, https:\/\/www.enerjigazetesi.ist\/wp-content\/uploads\/2014\/12\/enerji-ataseleri-2015te-goreve-basliyor.jpg 870w\" sizes=\"(max-width: 300px) 100vw, 300px\" \/><\/a>ata\u015feleri\u2019nin say\u0131s\u0131, be\u015f y\u0131l i\u00e7inde 20\u2019yi bulacak.<span id=\"more-69050\"><\/span><\/p>\n<p>\u0130lk enerji ata\u015felerinin g\u00f6rev alaca\u011f\u0131 \u00fclkeler aras\u0131nda, son d\u00f6nemde tarihi projelerin y\u00fcr\u00fct\u00fcld\u00fc\u011f\u00fc ABD, Rusya ve Fransa da var. 2015\u2019ten itibaren \u00a0g\u00f6revlendirilecek ata\u015feler, petrolden do\u011falgaza, k\u00f6m\u00fcrden \u00e7e\u015fitli maden aramalar\u0131na kadar uluslararas\u0131 ortakl\u0131klar i\u00e7in \u00e7al\u0131\u015fma y\u00fcr\u00fctecek. D\u0131\u015fi\u015fleri ile Enerji ve Tabii Kaynaklar Bakanl\u0131klar\u0131n\u0131n ortakla\u015fa y\u00fcr\u00fctt\u00fc\u011f\u00fc \u00e7al\u0131\u015fma kapsam\u0131nda, ilk enerji ata\u015felerinin g\u00f6revlendirilece\u011fi \u00fclkeler de belli oldu.<\/p>\n<p>2015\u2019te ABD, Rusya, Fransa, Azerbaycan ve Irak\u2019ta ata\u015feler i\u015fba\u015f\u0131 yapacak. D\u00fcnyadaki enerji politikalar\u0131na y\u00f6n veren ABD, \u00f6zellikle Bak\u00fc-Tiflis-Ceyhan (BTC) Petrol Boru Hatt\u0131\u2019n\u0131n in\u015fas\u0131nda rol oynam\u0131\u015ft\u0131. Petrol ve do\u011falgaz aramalar\u0131 konusunda ABD firmalar\u0131n\u0131n d\u00fcnya genelinde etkinli\u011fi bulunurken, Do\u011fu Akdeniz\u2019den Karadeniz\u2019e ve \u00e7evre \u00fclkelere kadar geni\u015f bir co\u011frafyada \u00e7al\u0131\u015fma y\u00fcr\u00fct\u00fcl\u00fcyor. Bu nedenle ABD\u2019de de bir \u201cenerji ata\u015fesi\u201d g\u00f6rev yapacak.<\/p>\n<p>Kaynak: <a href=\"http:\/\/enerjienstitusu.com\/2014\/12\/13\/enerji-ataseleri-2015\/\" target=\"_blank\" rel=\"nofollow\">Enerji Enstit\u00fcs\u00fc<\/a><\/p>","protected":false},"excerpt":{"rendered":"<p>Sorry, this entry is only available in Turkish. For the sake of viewer convenience, the content is shown below in the alternative language. You may click the link to switch the active language.Enerji Bakanl\u0131\u011f\u0131 \u2018enerji ata\u015feleriyle\u2019 yurtd\u0131\u015f\u0131na a\u00e7\u0131lmaya haz\u0131rlan\u0131yor. Uzman diplomatlar petrol, do\u011falgaz ve n\u00fckleer enerjideki son geli\u015fmeleri Ankara\u2019ya bildirecek. Ak\u015fam Gazetesi\u2019nin haberine g\u00f6re, 2015\u2019ten [&hellip;]<\/p>\n","protected":false},"author":1,"featured_media":34437,"comment_status":"open","ping_status":"open","sticky":false,"template":"","format":"standard","meta":[],"categories":[53],"tags":[63,1861,20160,67,3136,1009,165],"views":570,"_links":{"self":[{"href":"https:\/\/www.enerjigazetesi.ist\/en\/wp-json\/wp\/v2\/posts\/34436"}],"collection":[{"href":"https:\/\/www.enerjigazetesi.ist\/en\/wp-json\/wp\/v2\/posts"}],"about":[{"href":"https:\/\/www.enerjigazetesi.ist\/en\/wp-json\/wp\/v2\/types\/post"}],"author":[{"embeddable":true,"href":"https:\/\/www.enerjigazetesi.ist\/en\/wp-json\/wp\/v2\/users\/1"}],"replies":[{"embeddable":true,"href":"https:\/\/www.enerjigazetesi.ist\/en\/wp-json\/wp\/v2\/comments?post=34436"}],"version-history":[{"count":1,"href":"https:\/\/www.enerjigazetesi.ist\/en\/wp-json\/wp\/v2\/posts\/34436\/revisions"}],"predecessor-version":[{"id":34438,"href":"https:\/\/www.enerjigazetesi.ist\/en\/wp-json\/wp\/v2\/posts\/34436\/revisions\/34438"}],"wp:featuredmedia":[{"embeddable":true,"href":"https:\/\/www.enerjigazetesi.ist\/en\/wp-json\/wp\/v2\/media\/34437"}],"wp:attachment":[{"href":"https:\/\/www.enerjigazetesi.ist\/en\/wp-json\/wp\/v2\/media?parent=34436"}],"wp:term":[{"taxonomy":"category","embeddable":true,"href":"https:\/\/www.enerjigazetesi.ist\/en\/wp-json\/wp\/v2\/categories?post=34436"},{"taxonomy":"post_tag","embeddable":true,"href":"https:\/\/www.enerjigazetesi.ist\/en\/wp-json\/wp\/v2\/tags?post=34436"}],"curies":[{"name":"wp","href":"https:\/\/api.w.org\/{rel}","templated":true}]}}