{"id":34339,"date":"2014-12-11T09:51:38","date_gmt":"2014-12-11T06:51:38","guid":{"rendered":"https:\/\/www.enerjigazetesi.ist\/?p=34339"},"modified":"2014-12-11T09:51:38","modified_gmt":"2014-12-11T06:51:38","slug":"turkiye-israil-iliskileri-dogalgaz-anlasmasiyla-normallesebilir","status":"publish","type":"post","link":"https:\/\/www.enerjigazetesi.ist\/en\/turkiye-israil-iliskileri-dogalgaz-anlasmasiyla-normallesebilir\/","title":{"rendered":"(Turkish) \u201cT\u00fcrkiye-\u0130srail \u0130li\u015fkileri Do\u011falgaz Anla\u015fmas\u0131yla Normalle\u015febilir\u201d"},"content":{"rendered":"<p class=\"qtranxs-available-languages-message qtranxs-available-languages-message-en\">Sorry, this entry is only available in <a href=\"https:\/\/www.enerjigazetesi.ist\/tr\/wp-json\/wp\/v2\/posts\/34339\" class=\"qtranxs-available-language-link qtranxs-available-language-link-tr\" title=\"Turkish\">Turkish<\/a>. For the sake of viewer convenience, the content is shown below in the alternative language. You may click the link to switch the active language.<\/p><p><\/p>\n<p style=\"color: #3c3c3c;\"><strong>Merkezi ABD\u2019de bulunan Washington Enstit\u00fcs\u00fc T\u00fcrkiye Ara\u015ft\u0131rmalar\u0131 Program\u0131 Direkt\u00f6r\u00fc Soner \u00c7a\u011faptay, T\u00fcrkiye ve \u0130srail aras\u0131ndaki ili\u015fkilerin normale d\u00f6nd\u00fcr\u00fclmesinde enerjinin \u00f6nemli bir unsur olabilece\u011fini belirtti.<\/strong><span id=\"more-68819\"><\/span><\/p>\n<p style=\"color: #3c3c3c;\">\u00c7a\u011faptay, \u0130srail\u2019in, G\u00fcney K\u0131br\u0131s Rum Y\u00f6netimi (GKRY) veya Yunanistan ile kesinlik kazanm\u0131\u015f bir do\u011falgaz anla\u015fmas\u0131 yapmad\u0131\u011f\u0131n\u0131, Yunanistan\u2019\u0131n da ekonomik <a href=\"https:\/\/www.enerjigazetesi.ist\/wp-content\/uploads\/2014\/12\/israil-gaz\u0131-petrol-gaz-platformu-iii-23879323.jpg\"><img loading=\"lazy\" class=\"alignright  wp-image-34340\" src=\"https:\/\/www.enerjigazetesi.ist\/wp-content\/uploads\/2014\/12\/israil-gaz\u0131-petrol-gaz-platformu-iii-23879323-300x163.jpg\" alt=\"israil-gaz\u0131-petrol-gaz-platformu-iii-23879323\" width=\"300\" height=\"183\" \/><\/a>problemleri nedeniyle \u0130srail gaz\u0131n\u0131n al\u0131m\u0131na uzun s\u00fcreli taahh\u00fct veremeyece\u011fini s\u00f6yledi.<\/p>\n<p style=\"color: #3c3c3c;\">T\u00fcrkiye-\u0130srail aras\u0131ndaki olas\u0131 bir do\u011falgaz anla\u015fmas\u0131n\u0131n iki \u00fclke aras\u0131ndaki ili\u015fkileri normale d\u00f6nd\u00fcrebilece\u011fini vurgulayan \u00c7a\u011faptay, \u015funlar\u0131 kaydetti:<\/p>\n<p style=\"color: #3c3c3c;\">\u201cT\u00fcrkiye\u2019nin halihaz\u0131rda do\u011falgaz \u015febekesi mevcut. Bu nedenle T\u00fcrkiye\u2019nin \u0130srail gaz\u0131n\u0131 almak, kendi t\u00fcketicilerine sunmak ve Avrupa\u2019ya ihra\u00e7 etmek i\u00e7in altyap\u0131 yat\u0131r\u0131m\u0131 d\u00fc\u015f\u00fck maliyetli olacakt\u0131r. Fakat bu gaz\u0131 G\u00fcney K\u0131br\u0131s \u00fczerinden Yunanistan\u2019a ula\u015ft\u0131rmak y\u00fcksek maliyetli ve \u0130srail i\u00e7in karl\u0131 de\u011fil. \u0130srail, T\u00fcrkiye ile s\u00fcregelen g\u00fc\u00e7l\u00fc ekonomik ba\u011flar\u0131n\u0131n fark\u0131nda ve bunlar\u0131 ilerletmek i\u00e7in gaz\u0131 T\u00fcrkiye\u2019ye satmak istiyor. T\u00fcrkiye ile \u0130srail aras\u0131ndaki ili\u015fkilerin normale d\u00f6nmesinde enerji \u00f6nemli bir unsur.\u201d<\/p>\n<p style=\"color: #3c3c3c;\">K\u0131br\u0131s\u2019\u0131n g\u00fcneyindeki do\u011falgaz sahalar\u0131n\u0131 da de\u011ferlendiren \u00c7a\u011faptay, Kuzey K\u0131br\u0131s T\u00fcrk Cumhuriyeti (KKTC) ile GKRY\u2019nin bu sahalar\u0131 ke\u015ffetmede i\u015fbirli\u011fine gitmelerinin, adada birle\u015fmeyi de sa\u011flayabilece\u011fini, Washington\u2019da da bir\u00e7ok ki\u015finin buna inand\u0131\u011f\u0131n\u0131 dile getirdi.<\/p>\n<p style=\"color: #3c3c3c;\">Ba\u015fbakan Ahmet Davuto\u011flu, T\u00fcrkiye ve Yunanistan\u2019\u0131n K\u0131br\u0131s\u2019ta m\u00fczakerenin tekrar \u00e7\u00f6z\u00fcm odakl\u0131 \u015fekilde ba\u015flamas\u0131 y\u00f6n\u00fcnde g\u00fc\u00e7l\u00fc bir iradeye sahip oldu\u011funu belirtmi\u015f, K\u0131br\u0131s etraf\u0131ndaki do\u011falgaz kaynaklar\u0131n\u0131n K\u0131br\u0131sl\u0131lar\u0131n b\u00fct\u00fcn\u00fcne ait oldu\u011funu ve bunun K\u0131br\u0131s\u2019taki kapsaml\u0131 \u00e7\u00f6z\u00fcm s\u00fcrecine de katk\u0131 sa\u011flayaca\u011f\u0131n\u0131 s\u00f6ylemi\u015fti.<\/p>\n<p style=\"color: #3c3c3c;\">KKTC yetkilileri de K\u0131br\u0131s\u2019\u0131n do\u011falgaz rezervlerinde KKTC\u2019nin de hak sahibi oldu\u011funu ve T\u00fcrkiye Cumhuriyeti ile KKTC\u2019nin kararl\u0131l\u0131kla \u00e7\u00f6z\u00fcm aray\u0131\u015f\u0131 i\u00e7inde olduklar\u0131n\u0131 bildirmi\u015flerdi.<\/p>\n<p style=\"color: #3c3c3c;\">ABD Enerji Enformasyon \u0130daresinin (EIA) verilerine g\u00f6re, \u0130srail\u2019in a\u00e7\u0131klar\u0131ndaki Levant sahas\u0131nda 510 milyar metrek\u00fcp, K\u0131br\u0131s\u2019\u0131n g\u00fcneyindeki Afrodit sahas\u0131nda da 200 milyar metrek\u00fcp do\u011falgaz bulundu\u011fu \u00f6ng\u00f6r\u00fcl\u00fcyor.<\/p>\n<p style=\"color: #3c3c3c;\">Kaynak:\u00a0<a style=\"color: #c75615;\" href=\"http:\/\/www.trthaber.com\/haber\/dunya\/iliskiler-gaz-anlasmasiyla-normallesebilir-154748.html\" target=\"_blank\" rel=\"nofollow\">TRT T\u00fcrk<\/a><\/p>\n<p><\/p>","protected":false},"excerpt":{"rendered":"<p>Sorry, this entry is only available in Turkish. For the sake of viewer convenience, the content is shown below in the alternative language. You may click the link to switch the active language. Merkezi ABD\u2019de bulunan Washington Enstit\u00fcs\u00fc T\u00fcrkiye Ara\u015ft\u0131rmalar\u0131 Program\u0131 Direkt\u00f6r\u00fc Soner \u00c7a\u011faptay, T\u00fcrkiye ve \u0130srail aras\u0131ndaki ili\u015fkilerin normale d\u00f6nd\u00fcr\u00fclmesinde enerjinin \u00f6nemli bir unsur [&hellip;]<\/p>\n","protected":false},"author":1,"featured_media":34340,"comment_status":"open","ping_status":"open","sticky":false,"template":"","format":"standard","meta":[],"categories":[46,53],"tags":[6102,20110,1436,20111,5353,9972,2300,7037,10323,20112,20113,3883],"views":760,"_links":{"self":[{"href":"https:\/\/www.enerjigazetesi.ist\/en\/wp-json\/wp\/v2\/posts\/34339"}],"collection":[{"href":"https:\/\/www.enerjigazetesi.ist\/en\/wp-json\/wp\/v2\/posts"}],"about":[{"href":"https:\/\/www.enerjigazetesi.ist\/en\/wp-json\/wp\/v2\/types\/post"}],"author":[{"embeddable":true,"href":"https:\/\/www.enerjigazetesi.ist\/en\/wp-json\/wp\/v2\/users\/1"}],"replies":[{"embeddable":true,"href":"https:\/\/www.enerjigazetesi.ist\/en\/wp-json\/wp\/v2\/comments?post=34339"}],"version-history":[{"count":1,"href":"https:\/\/www.enerjigazetesi.ist\/en\/wp-json\/wp\/v2\/posts\/34339\/revisions"}],"predecessor-version":[{"id":34341,"href":"https:\/\/www.enerjigazetesi.ist\/en\/wp-json\/wp\/v2\/posts\/34339\/revisions\/34341"}],"wp:featuredmedia":[{"embeddable":true,"href":"https:\/\/www.enerjigazetesi.ist\/en\/wp-json\/wp\/v2\/media\/34340"}],"wp:attachment":[{"href":"https:\/\/www.enerjigazetesi.ist\/en\/wp-json\/wp\/v2\/media?parent=34339"}],"wp:term":[{"taxonomy":"category","embeddable":true,"href":"https:\/\/www.enerjigazetesi.ist\/en\/wp-json\/wp\/v2\/categories?post=34339"},{"taxonomy":"post_tag","embeddable":true,"href":"https:\/\/www.enerjigazetesi.ist\/en\/wp-json\/wp\/v2\/tags?post=34339"}],"curies":[{"name":"wp","href":"https:\/\/api.w.org\/{rel}","templated":true}]}}