{"id":34280,"date":"2014-12-09T09:41:05","date_gmt":"2014-12-09T06:41:05","guid":{"rendered":"https:\/\/www.enerjigazetesi.ist\/?p=34280"},"modified":"2014-12-09T09:41:05","modified_gmt":"2014-12-09T06:41:05","slug":"uygurlu-girisimciler-yatirim-icin-cubuku-tercih-edecek","status":"publish","type":"post","link":"https:\/\/www.enerjigazetesi.ist\/en\/uygurlu-girisimciler-yatirim-icin-cubuku-tercih-edecek\/","title":{"rendered":"(Turkish) Uygurlu Giri\u015fimciler Yat\u0131r\u0131m \u0130\u00e7in \u00c7ubuk\u2019u Tercih Edecek!"},"content":{"rendered":"<p class=\"qtranxs-available-languages-message qtranxs-available-languages-message-en\">Sorry, this entry is only available in <a href=\"https:\/\/www.enerjigazetesi.ist\/tr\/wp-json\/wp\/v2\/posts\/34280\" class=\"qtranxs-available-language-link qtranxs-available-language-link-tr\" title=\"Turkish\">Turkish<\/a>. For the sake of viewer convenience, the content is shown below in the alternative language. You may click the link to switch the active language.<\/p><p><\/p>\n<p style=\"color: #363636;\"><strong>Ankara\u2019daki yat\u0131r\u0131m imkanlar\u0131n\u0131 ara\u015ft\u0131rmak \u00fczere \u00c7in\u2019in Sincan Uygur b\u00f6lgesinden Ankara\u2019ya gelen heyet, \u00c7ubuk\u2019ta incelemelerde bulundu.<\/strong><strong>Uygur\u2019lu soyda\u015f giri\u015fimciler, \u00c7ubuk\u2019ta organik sera yat\u0131r\u0131m\u0131, hayvanc\u0131l\u0131k, \u00e7i\u00e7ek\u00e7ilik ve enerji konular\u0131nda yat\u0131r\u0131m imkanlar\u0131n\u0131 ara\u015ft\u0131rd\u0131. Ankara Kalk\u0131nma Ajans\u0131, Tar\u0131m ve K\u0131rsal Kalk\u0131nmay\u0131 Destekleme Kurumu ve \u0130l G\u0131da Tar\u0131m ve Hayvanc\u0131l\u0131k yetkililerini ziyaret ederek Ankara\u2019da yap\u0131lacak yat\u0131r\u0131mlar hakk\u0131nda bilgi alan heyet, daha sonra \u00c7ubuk\u2019ta incel<a href=\"https:\/\/www.enerjigazetesi.ist\/wp-content\/uploads\/2014\/12\/khh.jpg\"><img loading=\"lazy\" class=\"alignright  wp-image-34281\" src=\"https:\/\/www.enerjigazetesi.ist\/wp-content\/uploads\/2014\/12\/khh.jpg\" alt=\"khh\" width=\"276\" height=\"287\" \/><\/a>emelerde bulundu.<\/strong><\/p>\n<p style=\"color: #363636;\">\u00c7ubuk Belediye Ba\u015fkan\u0131 Tuncay Acehan\u2019\u0131n daveti \u00fczerine \u00c7ubuk\u2019ta \u00e7e\u015fitli temas ve incelemelerde bulunan heyet, il\u00e7enin do\u011fal g\u00fczelliklerine hayran kald\u0131klar\u0131n\u0131 belirtti. Ba\u015fkan Acehan ve \u0130l\u00e7e G\u0131da Tar\u0131m ve Hayvanc\u0131l\u0131k M\u00fcd\u00fcr\u00fc Cengiz Akbayrak\u2019\u0131n e\u015flik etti\u011fi heyet, organize hayvanc\u0131l\u0131k ihtisas b\u00f6lgesi, b\u00fcy\u00fckba\u015f besi \u00e7iftlikleri, k\u00fc\u00e7\u00fckba\u015f hayvanc\u0131l\u0131k yap\u0131labilecek mera ve yaylalar, sebze ve \u00e7i\u00e7ek seralar\u0131n\u0131 inceledi.<\/p>\n<p style=\"color: #363636;\">Ankara ve \u00c7ubuk\u2019ta \u00e7ok iyi kar\u015f\u0131land\u0131klar\u0131n\u0131 anlatan konuk heyet Ba\u015fkan\u0131 \u00d6mercan Abdurrahim, ayn\u0131 zamanda T\u00fcrkiye\u2019yi karde\u015f ve dost olarak g\u00f6rd\u00fckleri i\u00e7in yat\u0131r\u0131m yapmak istediklerini s\u00f6yledi.<\/p>\n<p style=\"color: #363636;\">\u00c7ubuk\u2019un, hem toprak verimlili\u011fi olarak hem de i\u015fg\u00fcc\u00fc ve teknik a\u00e7\u0131dan yat\u0131r\u0131m i\u00e7in do\u011fru bir b\u00f6lge oldu\u011funu s\u00f6yleyen heyetin dan\u0131\u015fman\u0131 Gazi \u00dcniversitesi \u00d6\u011fretim \u00dcyesi Varis Abdurrahman \u00c7akan, \u201cYat\u0131r\u0131mc\u0131 arkada\u015flar iki y\u0131l \u00f6nce organik tar\u0131m ve hayvanc\u0131l\u0131k, temiz enerji r\u00fczgar enerjisi ve in\u015faat alan\u0131nda T\u00fcrkiye\u2019de yat\u0131r\u0131m yapmay\u0131 d\u00fc\u015f\u00fcnd\u00fcklerini s\u00f6yledi. Bu Alkut Holding\u2019in Y\u00f6netim Kurulu Ba\u015fkan\u0131 Apdurrahim Bey, bunlar T\u00fcrkiye\u2019de b\u00f6yle bir yat\u0131r\u0131m plan\u0131 oldu\u011funu ve benden bir fikir istediler. \u2018Acaba T\u00fcrkiye\u2019de bunu yapsak olur mu\u2019 diye sordular. \u2018Yat\u0131r\u0131m i\u00e7in T\u00fcrkiye gayet uygun bir \u00fclkedir\u2019 dedim. T\u00fcrkiye\u2019ye 2-3 kez geldiler. Ara\u015ft\u0131rd\u0131lar ondan sonra da bu sefer heyet olarak geldiler. Y\u00f6netim kurulu ba\u015fkan\u0131 \u00fcyeleri d\u00f6rt alanda, d\u00f6rt sekt\u00f6rde T\u00fcrkiye\u2019de giri\u015fimde bulunmak istiyor. Elmada\u011f\u2019da r\u00fczgar enerjisinin \u00fcst\u00fc olarak orada yat\u0131r\u0131m yapmak istiyorlar. Bu konuda milyar dolarl\u0131k bir projeleri var. Bir de \u00c7ubuk\u2019ta organik tar\u0131m alan\u0131nda bir \u00fcst kurmay\u0131 d\u00fc\u015f\u00fcn\u00fcyorlar. Bu konuda sa\u011folsun Belediye Ba\u015fkan\u0131m\u0131z Tuncay Acehan ve Ankara Kalk\u0131nma Ajans\u0131 bize \u00e7ok yard\u0131mc\u0131 oldu. Bizim amac\u0131m\u0131z T\u00fcrkiye\u2019ye ve \u00c7ubuk\u2019a bir \u015feyler kazand\u0131rmak. Mesela bir projeleri daha var, turizm ama\u00e7l\u0131 organik tar\u0131m k\u00f6y projesi yapmak istiyorlar. Bunun i\u00e7in 300 hektara kadar kapasitemiz var diyorlar. Serada 1 hektar arazinin maliyeti sera tar\u0131m\u0131nda 3 milyar dolar. \u00d6nce 1 hektarla ba\u015flayaca\u011f\u0131z \u00e7al\u0131\u015fmaya, \u00c7ubuk\u2019tan bir yer tespit edip ondan sonra bunu geni\u015fletece\u011fiz. 3, 10, 50, 100, 300 daha sonra bunu \u015fu anda mevcut kapasite 300 hektar alanda sera tar\u0131m\u0131 yapacaklar\u201d diye konu\u015ftu.<\/p>\n<p style=\"color: #363636;\">\u0130ki g\u00fcnl\u00fck inceleme ve ziyaretin ard\u0131ndan Uygur heyeti \u00c7ubuk\u2019a organik tar\u0131m ve hayvanc\u0131l\u0131k konusunda yat\u0131r\u0131m yapmaya karar verdi.<\/p>\n<p style=\"color: #363636;\">\u0130l\u00e7elerine yat\u0131r\u0131m yapmak isteyen herkese kap\u0131lar\u0131n\u0131n a\u00e7\u0131k oldu\u011funu s\u00f6yleyen \u00c7ubuk Belediye Ba\u015fkan\u0131 Acehan ise, \u201c\u0130l\u00e7emiz tarihi, do\u011fas\u0131 ve tar\u0131msal alanlar\u0131yla yat\u0131r\u0131m yapmak isteyenler i\u00e7in avantajl\u0131 bir b\u00f6lgeye sahiptir. B\u00f6yle g\u00fczel projeleri \u00f6n\u00fcm\u00fcze getiren ve bu projeleri hayata ge\u00e7irmekte kararl\u0131 olan misafirlerimizi kutluyorum. Bizim de yapmak istedi\u011fimiz olan bu projelerin tarihsel ba\u011flar\u0131m\u0131z\u0131n bulundu\u011fu soyda\u015flar\u0131m\u0131zdan gelmi\u015f olmas\u0131 bizi \u00e7ok mutlu etti. Biz belediye olarak il\u00e7emizi her y\u00f6nden ileriye ta\u015f\u0131yacak her projeye destek vermeye haz\u0131r\u0131z\u201d dedi.<\/p>\n<p style=\"color: #363636;\">Yap\u0131lmak istenen yat\u0131r\u0131m\u0131n \u00f6nemine dikkat \u00e7eken \u0130l\u00e7e G\u0131da Tar\u0131m ve Hayvanc\u0131l\u0131k M\u00fcd\u00fcr\u00fc Cengiz Akbayrak, \u015f\u00f6yle konu\u015ftu: \u201c\u00c7in\u2019in Sincan Uygur b\u00f6lgesinden gelen heyetimizin \u00c7ubuk\u2019taki potansiyeli g\u00f6rmesi a\u00e7\u0131s\u0131ndan \u00e7e\u015fitli yerleri gezdirdik. Bunlar OSB b\u00f6lgemiz hayvanc\u0131l\u0131k yapan i\u015fletmelerimiz ve bu gelen heyetimizin d\u00fc\u015f\u00fcncesi k\u00fc\u00e7\u00fckba\u015f, b\u00fcy\u00fckba\u015f hayvanc\u0131l\u0131k, meyvecilik, sebze ve serayla ilgili yat\u0131r\u0131m d\u00fc\u015f\u00fcnceleri var. Heyete il\u00e7emizin \u00e7e\u015fitli yerlerini gezdirerek, buralar\u0131 tan\u0131tmaya \u00e7al\u0131\u015ft\u0131k. \u0130l\u00e7emiz bu konuda son derece uygun. \u0130l\u00e7emizde buna m\u00fcsait gerek alt yap\u0131 olarak, gerek co\u011frafi konum olarak her t\u00fcrl\u00fc imkana sahip olan yerimiz biz buralar\u0131 tan\u0131tmaya \u00e7al\u0131\u015f\u0131yoruz. Be\u011fendiler, gelen heyetimiz g\u00fczel yer oldu\u011funu s\u00f6ylediler. \u0130n\u015fallah yat\u0131r\u0131m d\u00fc\u015f\u00fcnceleri olumlu olur. Bu konuda il\u00e7emizin \u00f6n\u00fc a\u00e7\u0131lm\u0131\u015f olacak. Art\u0131k d\u00fcnya da organik tar\u0131m ciddi anlamda \u00fczerinde durulan ciddi anlamda yat\u0131r\u0131m yap\u0131lan para harcanan bir konum haline geldi. Art\u0131k insanlar suni bilgileri suni \u00fcretilen g\u0131dalar\u0131 yemek istemiyor. Do\u011fal \u00fcr\u00fcn yemek istiyorlar. Bu konuda il\u00e7emiz her t\u00fcrl\u00fc imkana sahip, bizde bunu de\u011ferlendirmeye \u00e7al\u0131\u015faca\u011f\u0131z.\u201d<\/p>\n<p style=\"color: #363636;\">Kaynak:\u00a0\u0130HA<\/p>\n<p><\/p>","protected":false},"excerpt":{"rendered":"<p>Sorry, this entry is only available in Turkish. For the sake of viewer convenience, the content is shown below in the alternative language. You may click the link to switch the active language. Ankara\u2019daki yat\u0131r\u0131m imkanlar\u0131n\u0131 ara\u015ft\u0131rmak \u00fczere \u00c7in\u2019in Sincan Uygur b\u00f6lgesinden Ankara\u2019ya gelen heyet, \u00c7ubuk\u2019ta incelemelerde bulundu.Uygur\u2019lu soyda\u015f giri\u015fimciler, \u00c7ubuk\u2019ta organik sera yat\u0131r\u0131m\u0131, hayvanc\u0131l\u0131k, [&hellip;]<\/p>\n","protected":false},"author":1,"featured_media":34281,"comment_status":"open","ping_status":"open","sticky":false,"template":"","format":"standard","meta":[],"categories":[53],"tags":[2674,886,20069,63,69,16,842,20070,1286],"views":621,"_links":{"self":[{"href":"https:\/\/www.enerjigazetesi.ist\/en\/wp-json\/wp\/v2\/posts\/34280"}],"collection":[{"href":"https:\/\/www.enerjigazetesi.ist\/en\/wp-json\/wp\/v2\/posts"}],"about":[{"href":"https:\/\/www.enerjigazetesi.ist\/en\/wp-json\/wp\/v2\/types\/post"}],"author":[{"embeddable":true,"href":"https:\/\/www.enerjigazetesi.ist\/en\/wp-json\/wp\/v2\/users\/1"}],"replies":[{"embeddable":true,"href":"https:\/\/www.enerjigazetesi.ist\/en\/wp-json\/wp\/v2\/comments?post=34280"}],"version-history":[{"count":1,"href":"https:\/\/www.enerjigazetesi.ist\/en\/wp-json\/wp\/v2\/posts\/34280\/revisions"}],"predecessor-version":[{"id":34282,"href":"https:\/\/www.enerjigazetesi.ist\/en\/wp-json\/wp\/v2\/posts\/34280\/revisions\/34282"}],"wp:featuredmedia":[{"embeddable":true,"href":"https:\/\/www.enerjigazetesi.ist\/en\/wp-json\/wp\/v2\/media\/34281"}],"wp:attachment":[{"href":"https:\/\/www.enerjigazetesi.ist\/en\/wp-json\/wp\/v2\/media?parent=34280"}],"wp:term":[{"taxonomy":"category","embeddable":true,"href":"https:\/\/www.enerjigazetesi.ist\/en\/wp-json\/wp\/v2\/categories?post=34280"},{"taxonomy":"post_tag","embeddable":true,"href":"https:\/\/www.enerjigazetesi.ist\/en\/wp-json\/wp\/v2\/tags?post=34280"}],"curies":[{"name":"wp","href":"https:\/\/api.w.org\/{rel}","templated":true}]}}