{"id":34270,"date":"2014-12-08T15:34:53","date_gmt":"2014-12-08T12:34:53","guid":{"rendered":"https:\/\/www.enerjigazetesi.ist\/?p=34270"},"modified":"2014-12-08T21:25:22","modified_gmt":"2014-12-08T18:25:22","slug":"enerji-verimliligi-icin-yalitim-tasarruftur-kampanyasi-baslatildi","status":"publish","type":"post","link":"https:\/\/www.enerjigazetesi.ist\/en\/enerji-verimliligi-icin-yalitim-tasarruftur-kampanyasi-baslatildi\/","title":{"rendered":"(Turkish) Enerji Verimlili\u011fi i\u00e7in &#8216;Yal\u0131t\u0131m Tasarruftur&#8217; Kampanyas\u0131 Ba\u015flat\u0131ld\u0131!"},"content":{"rendered":"<p class=\"qtranxs-available-languages-message qtranxs-available-languages-message-en\">Sorry, this entry is only available in <a href=\"https:\/\/www.enerjigazetesi.ist\/tr\/wp-json\/wp\/v2\/posts\/34270\" class=\"qtranxs-available-language-link qtranxs-available-language-link-tr\" title=\"Turkish\">Turkish<\/a>. For the sake of viewer convenience, the content is shown below in the alternative language. You may click the link to switch the active language.<\/p><p><strong>Is\u0131 Yal\u0131t\u0131m\u0131 Sanayicileri Derne\u011fi, T\u00fcrkiye\u2019de enerji tasarrufunu sa\u011flamak, binalarda enerji verimlili\u011fi i\u00e7in bilin\u00e7 yaratmak ve enerjideki kayba dikkat \u00e7ekmek \u00fczere \u201cYal\u0131t\u0131m Tasarruftur\u201d Kampanyas\u0131 ba\u015flatt\u0131. Kampanyaya ili\u015fkin ara\u015ft\u0131rmay\u0131 \u00c7evre ve \u015eehircilik Bakan\u0131 \u0130dris G\u00fcll\u00fcce ile payla\u015fan Dernek, T\u00fcrkiye\u2019de y\u0131lda 60 milyar dolara ula\u015fan enerji harcamalar\u0131n\u0131 azalt\u0131lmas\u0131 i\u00e7in binalarda do\u011fru kal\u0131nl\u0131kta yal\u0131t\u0131m yap\u0131lmas\u0131n\u0131n \u015fart oldu\u011fu vurgusu yapt\u0131.<\/strong><\/p>\n<p>XPS Is\u0131 Yal\u0131t\u0131m\u0131 Sanayicile<a href=\"https:\/\/www.enerjigazetesi.ist\/wp-content\/uploads\/2014\/12\/YALITIM.jpg\"><img loading=\"lazy\" class=\"alignleft  wp-image-34271\" src=\"https:\/\/www.enerjigazetesi.ist\/wp-content\/uploads\/2014\/12\/YALITIM.jpg\" alt=\"YALITIM\" width=\"227\" height=\"274\" \/><\/a>ri Derne\u011fi Ba\u015fkan\u0131 Emrullah Eruslu ve Dernek y\u00f6netim kurulu \u00fcyeleri Ahmet Ya\u015far, Alper Dan\u0131\u015fman, Ertu\u011frul Feyzi Y\u00f6r\u00fck ve G\u00f6khun Kurt yal\u0131t\u0131ms\u0131z binalar nedeniyle olu\u015fan enerji kay\u0131plar\u0131 ve Avrupa\u2019da uygulanan yal\u0131t\u0131m kal\u0131nl\u0131klar\u0131n\u0131 i\u00e7eren ara\u015ft\u0131rma dosyas\u0131n\u0131 \u00c7evre ve \u015eehircilik Bakan\u0131 \u0130ris G\u00fcll\u00fcce\u2019ye sunarken, T\u00fcrkiye \u00e7ap\u0131nda da \u201cYal\u0131t\u0131m Tasarruftur Kampanyas\u0131\u201d ba\u015flatt\u0131.<\/p>\n<p>Konu hakk\u0131nda bir de\u011ferlendirme yapan Eruslu, T\u00fcrkiye\u2019de halen 16 milyon yal\u0131t\u0131ms\u0131z bina bulundu\u011funu ve bu nedenle y\u0131lda 10 milyar dolarl\u0131k fazla enerji kullan\u0131ld\u0131\u011f\u0131n\u0131 vurgulayarak, \u201cT\u00fcrkiye\u2019deki binalar\u0131n y\u00fczde 85\u2019i yal\u0131t\u0131ms\u0131z. Ancak T\u00fcrkiye\u2019deki enerjinin y\u00fczde 40\u2019\u0131 konut olan binalarda kullan\u0131l\u0131yor ve binalarda kullan\u0131lan enerjinin de y\u00fczde 85\u2019i \u0131s\u0131tma ve so\u011futma harcamalar\u0131ndan kar\u015f\u0131lan\u0131yor. Do\u011fru kal\u0131nl\u0131kta yal\u0131t\u0131m ile binalarda kullan\u0131lan \u0131s\u0131tma ve so\u011futma ama\u00e7l\u0131 enerjide y\u00fczde 50 oran\u0131nda tasarruf sa\u011flanabiliyor\u201d dedi.<\/p>\n<p>H\u00fck\u00fcmetin son a\u00e7\u0131klad\u0131\u011f\u0131 10. Kalk\u0131nma Plan\u0131-\u00d6ncelikli D\u00f6n\u00fc\u015f\u00fcm Programlar\u0131 Eylem Plan\u0131\u2019nda Enerji Verimlili\u011fi b\u00f6l\u00fcm\u00fcnde yer alan, binalarda \u0131s\u0131 yal\u0131t\u0131m\u0131 ile enerji tasarrufu \u00f6ng\u00f6r\u00fclerinin, binalar\u0131n enerji verimlili\u011fi i\u00e7in \u00e7ok \u00f6nemli oldu\u011funu belirten Eruslu, \u201cAncak bu iyi niyetle planlama, e\u011fer bir bilin\u00e7lendirme kampanyas\u0131 ve te\u015fvik ile birle\u015ftirilmez ise maalesef istenilen sonucu sa\u011flayamaz. Enerjisinin y\u00fczde 90\u2019\u0131n\u0131 ithal eden bir \u00fclke olarak enerji fiyatlar\u0131 ile m\u00fccadele edemeyiz. Ancak do\u011fru tasarruf ve verimlilik \u00e7al\u0131\u015fmalar\u0131 ile enerji t\u00fcketimde bir d\u00fc\u015f\u00fc\u015f sa\u011flayabiliriz\u201d diye konu\u015ftu.<\/p>\n<p>Bakanl\u0131\u011fa sunduklar\u0131 raporda, Avrupa ve T\u00fcrkiye aras\u0131nda zorunlu yal\u0131t\u0131m kal\u0131nl\u0131k miktarlar\u0131 aras\u0131ndaki fark\u0131 da vurgulad\u0131klar\u0131n\u0131 belirten Eruslu \u015fu de\u011ferlendirmeyi yapt\u0131: \u201cAvrupa\u2019da binalarda enerji verimlili\u011fi hedeflerini tutturabilmek i\u00e7in yakla\u015f\u0131k ortalama 10-15 cm kal\u0131nl\u0131\u011f\u0131nda levhalar ile \u0131s\u0131 yal\u0131t\u0131m\u0131 yap\u0131lmas\u0131 zorunda iken, T\u00fcrkiye\u2019de ortalama 4-5 cm \u0131s\u0131 yal\u0131t\u0131m\u0131 i\u00e7in yeterli oldu\u011fu d\u00fc\u015f\u00fcn\u00fcl\u00fcyor. \u0130stanbul\u2019da mevcut yal\u0131t\u0131m kal\u0131nl\u0131\u011f\u0131 5 cm oysa daha enerji verimli \u0131s\u0131 yal\u0131t\u0131m\u0131 i\u00e7in kal\u0131nl\u0131\u011f\u0131n 10 cm\u2019ye \u00e7\u0131kmas\u0131 gerekiyor. Bu y\u00fczden binalarda \u0131s\u0131tma ve so\u011futma i\u00e7in Avrupa\u2019n\u0131n 10 kat\u0131 kadar enerji t\u00fcketiyoruz. Ayn\u0131 fark t\u00fcm b\u00f6lgelerde ge\u00e7erli.<\/p>\n<p>Ankara\u2019da olmas\u0131 gereken ideal yal\u0131t\u0131m kal\u0131nl\u0131\u011f\u0131 12 cm iken mevcut y\u00f6netmeliklerde 6 cm, Antalya ve \u0130zmir\u2019de ideal kal\u0131nl\u0131\u011f\u0131n 8 cm olmas\u0131 gerekirken mevcut y\u00f6netmeliklerde 4 cm, Gaziantep\u2019te ideal kal\u0131nl\u0131\u011f\u0131n 10 cm olmas\u0131 gerekirken mevcut y\u00f6netmeliklerde 5 cm, Erzurum\u2019da ideal kal\u0131nl\u0131\u011f\u0131n 16 cm olmas\u0131 gerekirken mevcut y\u00f6netmeliklerde 8 cm, Bursa ve Trabzon\u2019da ideal kal\u0131nl\u0131\u011f\u0131n 10 cm olmas\u0131 gerekirken mevcut y\u00f6netmeliklerde 5 cm d\u00fczeyinde kal\u0131yor.\u201d<\/p>\n<h3><strong>Avrupa\u2019n\u0131n 10 Kat\u0131 Kadar Enerji T\u00fcketiyoruz<\/strong><\/h3>\n<p>Eruslu, \u201cT\u00fcrkiye olarak Avrupa Birli\u011fi \u00fclkeleri gibi enerjimizi verimli kullanmak i\u00e7in ilk hedefimiz \u00fclkemizde yal\u0131t\u0131ms\u0131z binan\u0131n kalmamas\u0131 olmal\u0131. Bunun i\u00e7in \u00f6n\u00fcm\u00fczde kentsel d\u00f6n\u00fc\u015f\u00fcm gibi, bu konuda ciddi tedbirleri almaya f\u0131rsat verecek \u00e7ok etkin bir hareket de var. Yal\u0131t\u0131ms\u0131z bir bina y\u0131lda 300-350 kwh\/m<sup>2<\/sup> enerji t\u00fcketirken, \u00fclkemizdeki mevcut TS 825\u2019e uygun in\u015fa edilmi\u015f ve yal\u0131t\u0131m\u0131 yap\u0131lm\u0131\u015f bir bina y\u0131lda 100-120 kwh\/m<sup>2<\/sup> seviyelerinde enerji t\u00fcketimi hedefleniyor. Avrupa y\u0131lda 15 kwh\/m<sup>2<\/sup>\u2019nin alt\u0131nda enerji t\u00fcketen Pasif Ev\u2019ler i\u00e7in mevzuat d\u00fczenlemelerini tamamlad\u0131. Bizim \u00fclkemiz i\u00e7in de binalarda enerji t\u00fcketimi s\u0131n\u0131rland\u0131r\u0131lmal\u0131, \u0131s\u0131 yal\u0131t\u0131m uygulamalar\u0131 ile desteklenerek, y\u0131lda 15 kwh\/m<sup>2<\/sup>\u2019 mertebelerine yakla\u015fmal\u0131d\u0131r \u201d dedi.<\/p>\n<h3><strong>Yal\u0131t\u0131m \u0130le Do\u011falgaz Faturas\u0131ndan Y\u00fczde 50 Tasarruf<\/strong><\/h3>\n<p>Is\u0131 yal\u0131t\u0131m\u0131 yapt\u0131rman\u0131n san\u0131ld\u0131\u011f\u0131 kadar pahal\u0131 bir uygulama olmad\u0131\u011f\u0131n\u0131n da alt\u0131n\u0131 \u00e7izen Eruslu, \u201cBinalarda gerek do\u011falgaz gerekse elektrik faturalar\u0131nda en az y\u00fczde 50 tasarruf sa\u011flayan \u0131s\u0131 yal\u0131t\u0131m\u0131 uygulamas\u0131n\u0131n maliyeti, bir binan\u0131n toplam in\u015faat maliyetinin y\u00fczde 3 ila 5\u2019i kadar. Hatta yal\u0131t\u0131m kal\u0131nl\u0131\u011f\u0131 artt\u0131k\u00e7a y\u00fczde 70\u2019lere varan tasarruf yapmak m\u00fcmk\u00fcn. Bir \u00f6rnekle de a\u00e7\u0131klamak gerekirse s\u0131val\u0131 d\u0131\u015f cephe \u0131s\u0131 yal\u0131t\u0131m sisteminde yani mantolamada 5 cm kal\u0131nl\u0131kta yal\u0131t\u0131m levhas\u0131 yerine 10 cm yal\u0131t\u0131m yap\u0131lmas\u0131 durumunda, yal\u0131t\u0131m uygulamas\u0131n\u0131n maliyeti y\u00fczde 30 artmas\u0131na ra\u011fmen, tasarruf potansiyeli y\u00fczde 100 art\u0131yor.\u201d diye a\u00e7\u0131klad\u0131.<\/p>\n<p>Yal\u0131t\u0131m\u0131n sa\u011flad\u0131\u011f\u0131 tasarrufla birka\u00e7 y\u0131lda kendi kendini amorti edip \u00f6m\u00fcr boyu tasarruf sa\u011flad\u0131\u011f\u0131n\u0131 belirten Eruslu, \u201cIs\u0131 yal\u0131t\u0131m\u0131, standartlara uygun \u00fcr\u00fcnler do\u011fru detaylarda do\u011fru i\u015f\u00e7iliklerle uyguland\u0131\u011f\u0131nda en az y\u00fczde 50 tasarruf sa\u011fl\u0131yor. Yani \u0131s\u0131nma i\u00e7in harcanan ayl\u0131k ortalama 200 TL\u2019lik yak\u0131t faturas\u0131 100 TL\u2019ye d\u00fc\u015f\u00fcyor. \u0130stanbul&#8217;da 100 metrekarelik bir daire i\u00e7in k\u0131\u015f sezonunda yal\u0131t\u0131ms\u0131z bir binada y\u0131ll\u0131k ortalama 1.500 TL do\u011falgaz harcamas\u0131 ger\u00e7ekle\u015firken, bu rakam yal\u0131t\u0131ml\u0131 bir binada 750 TL\u2019ye d\u00fc\u015f\u00fcyor. Erzurum&#8217;da ise yine 100 metrekarelik bir dairede k\u0131\u015f sezonunda \u0131s\u0131nma i\u00e7in yap\u0131lan toplam do\u011falgaz harcamas\u0131 yakla\u015f\u0131k olarak yal\u0131t\u0131ms\u0131z bir binada 2.500 TL iken, yal\u0131t\u0131ml\u0131 binada 1.250 TL oluyor.\u201d dedi.<\/p>","protected":false},"excerpt":{"rendered":"<p>Sorry, this entry is only available in Turkish. For the sake of viewer convenience, the content is shown below in the alternative language. You may click the link to switch the active language.Is\u0131 Yal\u0131t\u0131m\u0131 Sanayicileri Derne\u011fi, T\u00fcrkiye\u2019de enerji tasarrufunu sa\u011flamak, binalarda enerji verimlili\u011fi i\u00e7in bilin\u00e7 yaratmak ve enerjideki kayba dikkat \u00e7ekmek \u00fczere \u201cYal\u0131t\u0131m Tasarruftur\u201d Kampanyas\u0131 [&hellip;]<\/p>\n","protected":false},"author":1,"featured_media":34271,"comment_status":"open","ping_status":"open","sticky":false,"template":"","format":"standard","meta":[],"categories":[46,53,52],"tags":[20064,103,12,12095,380,128,20063],"views":759,"_links":{"self":[{"href":"https:\/\/www.enerjigazetesi.ist\/en\/wp-json\/wp\/v2\/posts\/34270"}],"collection":[{"href":"https:\/\/www.enerjigazetesi.ist\/en\/wp-json\/wp\/v2\/posts"}],"about":[{"href":"https:\/\/www.enerjigazetesi.ist\/en\/wp-json\/wp\/v2\/types\/post"}],"author":[{"embeddable":true,"href":"https:\/\/www.enerjigazetesi.ist\/en\/wp-json\/wp\/v2\/users\/1"}],"replies":[{"embeddable":true,"href":"https:\/\/www.enerjigazetesi.ist\/en\/wp-json\/wp\/v2\/comments?post=34270"}],"version-history":[{"count":2,"href":"https:\/\/www.enerjigazetesi.ist\/en\/wp-json\/wp\/v2\/posts\/34270\/revisions"}],"predecessor-version":[{"id":34277,"href":"https:\/\/www.enerjigazetesi.ist\/en\/wp-json\/wp\/v2\/posts\/34270\/revisions\/34277"}],"wp:featuredmedia":[{"embeddable":true,"href":"https:\/\/www.enerjigazetesi.ist\/en\/wp-json\/wp\/v2\/media\/34271"}],"wp:attachment":[{"href":"https:\/\/www.enerjigazetesi.ist\/en\/wp-json\/wp\/v2\/media?parent=34270"}],"wp:term":[{"taxonomy":"category","embeddable":true,"href":"https:\/\/www.enerjigazetesi.ist\/en\/wp-json\/wp\/v2\/categories?post=34270"},{"taxonomy":"post_tag","embeddable":true,"href":"https:\/\/www.enerjigazetesi.ist\/en\/wp-json\/wp\/v2\/tags?post=34270"}],"curies":[{"name":"wp","href":"https:\/\/api.w.org\/{rel}","templated":true}]}}