{"id":34220,"date":"2014-12-07T16:23:43","date_gmt":"2014-12-07T13:23:43","guid":{"rendered":"https:\/\/www.enerjigazetesi.ist\/?p=34220"},"modified":"2014-12-07T16:23:43","modified_gmt":"2014-12-07T13:23:43","slug":"enerji-bakanligi-2015-2019-stratejik-plani","status":"publish","type":"post","link":"https:\/\/www.enerjigazetesi.ist\/en\/enerji-bakanligi-2015-2019-stratejik-plani\/","title":{"rendered":"(Turkish) Enerji Bakanl\u0131\u011f\u0131 2015-2019 Stratejik Plan\u0131&#8230;"},"content":{"rendered":"<p class=\"qtranxs-available-languages-message qtranxs-available-languages-message-en\">Sorry, this entry is only available in <a href=\"https:\/\/www.enerjigazetesi.ist\/tr\/wp-json\/wp\/v2\/posts\/34220\" class=\"qtranxs-available-language-link qtranxs-available-language-link-tr\" title=\"Turkish\">Turkish<\/a>. For the sake of viewer convenience, the content is shown below in the alternative language. You may click the link to switch the active language.<\/p><p><strong>Enerji ve Tabii Kaynaklar Bakanl\u0131\u011f\u0131\u2019n\u0131n 2015-2019 Stratejik Plan\u0131 yay\u0131nland\u0131. A\u015fa\u011f\u0131daki ba\u011flant\u0131dan PDF olarak indirebilirsiniz. <\/strong><strong>Dok\u00fcman\u0131 e-kitap olarak g\u00f6r\u00fcnt\u00fclemek i\u00e7in <a href=\"http:\/\/enerji.gov.tr\/Resources\/Sites\/1\/Pages\/StratejikPlan2015-2019\/index.html\" target=\"_blank\" rel=\"nofollow\">t\u0131klay\u0131n\u0131z&gt;&gt;&gt;<\/a><\/strong><\/p>\n<div class=\"download\"><strong><a title=\"\u0130ndirmek i\u00e7in t\u0131klay\u0131n\u0131z&gt;&gt;&gt;\" href=\"http:\/\/enerjienstitusu.com\/kutuphane\/406\">Enerji Bakanl\u0131\u011f\u0131 Stratejik Plan\u0131 2015-2019 (PDF)&gt;&gt;&gt;<\/a><\/strong><\/div>\n<p>Enerji ve Tabii Kaynaklar Bakan\u0131 Taner Y\u0131ld\u0131z, Enerji ve Tabii Kaynaklar Bakanl\u0131\u011f\u0131n\u0131n 2015-2019 Stratejik Plan\u0131 Tan\u0131t\u0131m Toplant\u0131s\u0131\u2019nda yapt\u0131\u011f\u0131 konu\u015fmada, plan\u0131n, \u00fclkenin geli\u015fmesine, b\u00fcy\u00fcmesine ciddi katk\u0131 koyaca\u011f\u0131na inand\u0131\u011f\u0131n<a href=\"https:\/\/www.enerjigazetesi.ist\/wp-content\/uploads\/2014\/12\/enerji-bakanligi-2015-2019-stratejik-plani.png\"><img loading=\"lazy\" class=\"alignright size-medium wp-image-34221\" src=\"https:\/\/www.enerjigazetesi.ist\/wp-content\/uploads\/2014\/12\/enerji-bakanligi-2015-2019-stratejik-plani-300x166.png\" alt=\"enerji-bakanligi-2015-2019-stratejik-plani\" width=\"300\" height=\"166\" srcset=\"https:\/\/www.enerjigazetesi.ist\/wp-content\/uploads\/2014\/12\/enerji-bakanligi-2015-2019-stratejik-plani-300x166.png 300w, https:\/\/www.enerjigazetesi.ist\/wp-content\/uploads\/2014\/12\/enerji-bakanligi-2015-2019-stratejik-plani-500x277.png 500w, https:\/\/www.enerjigazetesi.ist\/wp-content\/uploads\/2014\/12\/enerji-bakanligi-2015-2019-stratejik-plani-80x44.png 80w, https:\/\/www.enerjigazetesi.ist\/wp-content\/uploads\/2014\/12\/enerji-bakanligi-2015-2019-stratejik-plani.png 650w\" sizes=\"(max-width: 300px) 100vw, 300px\" \/><\/a>\u0131 s\u00f6yledi.<\/p>\n<p>T\u00fcrkiye\u2019nin b\u00fct\u00fcn enerji kaynaklar\u0131yla alakal\u0131 arz g\u00fcvenli\u011fini, bunlar\u0131n s\u00fcrd\u00fcr\u00fclebilirli\u011fini ger\u00e7ekle\u015ftirirken bir yandan da co\u011frafyas\u0131ndan kaynaklanan avantajlar\u0131 hissetmesi ve yapt\u0131\u011f\u0131 projelerle\u00a0hissettirmesi gerekti\u011fini ifade eden Y\u0131ld\u0131z, enerjinin tasarruflu ve verimli kullan\u0131lmas\u0131n\u0131n da \u00e7ok \u00f6nemli oldu\u011funu vurgulad\u0131.<\/p>\n<p>Y\u0131ld\u0131z, \u201cT\u00fcrkiye\u2019nin neredeyse 1 y\u0131ll\u0131k b\u00fcy\u00fcmesine kar\u015f\u0131l\u0131k gelecek enerji yat\u0131r\u0131mlar\u0131, enerji tasarruf miktar\u0131na yakla\u015ft\u0131. Enerjiden tasarruf elde edersek, enerjiyi verimli kullan\u0131rsak\u00a01 y\u0131ll\u0131k yat\u0131r\u0131m ihtiyac\u0131n\u0131 dahi kar\u015f\u0131lam\u0131\u015f olaca\u011f\u0131z\u201d diye konu\u015ftu.<\/p>\n<p>Her y\u0131l\u00a0farkl\u0131 tehdit ve f\u0131rsatlar\u0131n\u00a0\u00fclkenin ba\u015f\u0131na gelebildi\u011fine i\u015faret eden Y\u0131ld\u0131z, yeni proje imkanlar\u0131 ve yeni yap\u0131lacak i\u015flerin \u00fclkenin f\u0131rsatlar\u0131n\u0131 olu\u015fturdu\u011funu, buna kar\u015f\u0131l\u0131k 1 y\u0131ll\u0131k kurakl\u0131\u011f\u0131n elektrik \u00fcretiminde y\u00fczde 6-7\u2019ler seviyesinde etki edebildi\u011fini dile getirdi. Y\u0131ld\u0131z,\u00a0enerji sekt\u00f6r\u00fcn\u00fcn \u201cya\u011fmur ya\u011fmad\u0131, o y\u00fczden\u00a0durumumuz b\u00f6yle\u201d gibi bir mazereti olamayaca\u011f\u0131n\u0131, alternatif enerji kayna\u011f\u0131n\u0131n\u00a0sa\u011flanmas\u0131 gerekti\u011fini kaydetti.<\/p>\n<p>T\u00fcrkiye\u2019nin son 12 y\u0131lda artan refah seviyesinden ve kazan\u0131mlar\u0131ndan geri ad\u0131m atamayaca\u011f\u0131n\u0131, atmamas\u0131 gerekti\u011fini ifade eden Y\u0131ld\u0131z, bu nedenle t\u00fcm enerji kaynaklar\u0131na\u00a0ayn\u0131 derecede \u00f6nem verilmesi gerekti\u011fini s\u00f6yledi.<\/p>\n<p>Bakan Y\u0131ld\u0131z, \u201cG\u00fcne\u015fte, T\u00fcrkiye\u2019de bunlar\u0131n \u00fcretim merkezi kurmak kayd\u0131yla\u00a0d\u00fcnyan\u0131n en b\u00fcy\u00fck g\u00fcne\u015f \u00fcretim merkezini kuraca\u011f\u0131z. Afrika\u2019n\u0131n g\u00fcne\u015fi daha fazla olabilir ama T\u00fcrkiye\u2019nin imkan\u0131 daha fazla\u201d dedi.<\/p>\n<p>T\u00fcrkiye\u2019de k\u00f6m\u00fcr \u00e7\u0131kar\u0131lmas\u0131na y\u00f6nelik tart\u0131\u015fmalar\u0131n\u00a0bulundu\u011funu an\u0131msatan Y\u0131ld\u0131z, buna kar\u015f\u0131n geli\u015fmi\u015f ekonomilerin enerjilerinin \u00f6nemli bir k\u0131sm\u0131n\u0131 k\u00f6m\u00fcrden elde ettiklerini, k\u00f6m\u00fcr\u00fcn en \u00f6nemli 3 enerji kayna\u011f\u0131ndan biri olmay\u0131 s\u00fcrd\u00fcrece\u011fini belirtti.<\/p>\n<p>T\u00fcrkiye\u2019nin kendisine sunulan b\u00fct\u00fcn \u00e7\u00f6z\u00fcm \u00f6nerilerini de\u011ferlendirdi\u011fini, \u00fclke ve b\u00f6lgesi i\u00e7in faydal\u0131 olabilecek se\u00e7enekleri kamuoyu ile payla\u015ft\u0131\u011f\u0131n\u0131 dile getiren Y\u0131ld\u0131z, \u201cSiz T\u00fcrkiye\u2019nin \u00f6n\u00fcne yaln\u0131zca problemleri koyarsan\u0131z bu adilane bir payla\u015f\u0131m olmaz. \u00c7\u00f6z\u00fcmleri koyarsan\u0131z T\u00fcrkiye bunlar\u0131 ay\u0131klamas\u0131n\u0131 bilir. T\u00fcrkiye \u00e7\u00f6z\u00fcmlerin nerede oldu\u011funu, problemlerin nerede oldu\u011funu geli\u015fen zihniyle \u00e7ok iyi takip ediyor\u201d diye konu\u015ftu.<\/p>\n<h4>Rusya\u2019n\u0131n Trakya teklifi<\/h4>\n<p>Uluslararas\u0131 piyasalardaki geli\u015fmeler nedeniyle ge\u00e7mi\u015fte T\u00fcrkiye\u2019nin Trakya\u2019n\u0131n do\u011fal gazda\u00a0arz g\u00fcvenli\u011fiyle alakal\u0131 tedarik yapamad\u0131\u011f\u0131na dikkati \u00e7eken Y\u0131ld\u0131z, \u015funlar\u0131 kaydetti:<\/p>\n<p>\u201cBu b\u00f6yle devam eder mi? Ba\u015fka projeler mutlaka teklif edilir ve bunlar de\u011ferlendirilir. Rusya\u2019n\u0131n bu teklifini de\u011ferlendiriyoruz. Nihayetlendirdik mi, hay\u0131r hen\u00fcz nihayetlendirmedik. Bunlar\u0131n her birisine bakaca\u011f\u0131z. T\u00fcrkiye\u2019ye, b\u00f6lgeye getirileri nelerdir\u2026 Yaln\u0131zca Trakya\u2019da bir enerji merkezi kurulmas\u0131 teklif edilmiyor, ayn\u0131 zamanda bir LNG tesisiyle beraber kurulacak bunlar. Bunlar d\u00fcnyan\u0131n siyasi seyriyle beraber belirlenebilecek konular. T\u00fcrkiye\u2019nin herhangi bir projeyi de\u011ferlendiriyor olmas\u0131, di\u011fer projeleri de\u011ferlendirmeyece\u011fi anlam\u0131na gelmez.\u00a0T\u00fcrkiye g\u00fc\u00e7l\u00fc bir \u00fclke, kabiliyetleri artt\u0131. T\u00fcrkiye birden fazla projeyi de\u011ferlendirip konu\u015fabilir. O y\u00fczden bunlar\u0131n yad\u0131rganmamas\u0131 laz\u0131m.\u201d<\/p>\n<h4><b>\u201cBoru hatt\u0131 projeleri rakip de\u011fil\u201d<\/b><\/h4>\n<p>T\u00fcrkiye\u2019nin enerjide isabetli \u00f6ng\u00f6r\u00fclerde bulundu\u011funu vurgulayan Y\u0131ld\u0131z, G\u00fcney Ak\u0131m,\u00a0Trans Anadolu Do\u011fal Gaz Boru Hatt\u0131 Projesi gibi projelerin kendi i\u00e7inde rekabet halinde g\u00f6r\u00fcnseler de asl\u0131nda orta ve uzun vadede birbirinin rakibi olmad\u0131\u011f\u0131n\u0131 s\u00f6yledi.<\/p>\n<p>T\u00fcrkiye\u2019nin\u00a0geli\u015ftirdi\u011fi enerji politikalar\u0131nda tutarl\u0131 oldu\u011funu belirten Y\u0131ld\u0131z, Irak petrol\u00fcn\u00fcn T\u00fcrkiye \u00fczerinden uluslararas\u0131 piyasalara a\u00e7\u0131lmas\u0131n\u0131 buna \u00f6rnek g\u00f6sterdi.<\/p>\n<p>Y\u0131ld\u0131z, \u015f\u00f6yle konu\u015ftu:<\/p>\n<p>\u201cBa\u011fdat ile Erbil aras\u0131nda 550 bin varillik bir uzla\u015f\u0131 noktas\u0131\u00a0olu\u015ftu. 2 y\u0131l \u00f6nce bunu Irak\u2019\u0131n normalle\u015fmesi ad\u0131na bunun do\u011fru oldu\u011funu s\u00f6ylemi\u015fiz. T\u00fcrkiye\u2019nin bu\u00a0s\u00f6zle\u015fmeleri \u00e7er\u00e7evesinde bu noktaya gelinmi\u015f olmas\u0131 hem T\u00fcrkiye hem Irak a\u00e7\u0131s\u0131ndan sevindirici bir durum. T\u00fcrkiye bu manada kazand\u0131\u011f\u0131 g\u00fcveni daha da art\u0131rarak uluslararas\u0131 piyasada devam ettirecektir.\u201d<\/p>\n<h4>Sorular<\/h4>\n<p>Bakan Y\u0131ld\u0131z, tan\u0131t\u0131m toplant\u0131s\u0131n\u0131n ard\u0131ndan\u00a0bas\u0131n mensuplar\u0131n\u0131n sorular\u0131n\u0131 yan\u0131tlad\u0131.<\/p>\n<p>Ham petrol fiyatlar\u0131ndaki gerileme ve do\u011falgazdaki olas\u0131 indirimin enerji faturas\u0131na yans\u0131mas\u0131 konusundaki sorular \u00fczerine Y\u0131ld\u0131z, herhangi bir tercih yap\u0131laca\u011f\u0131 zaman \u00f6nceli\u011fin vatanda\u015flarda oldu\u011funu s\u00f6yledi.<\/p>\n<p>Y\u0131ld\u0131z, \u015funlar\u0131 kaydetti:<\/p>\n<p>\u201cE\u011fer bir \u015fey yans\u0131t\u0131lacaksa bunu ilk d\u00fc\u015f\u00fcnen ve bu iradeyi ilk koyan biz olaca\u011f\u0131z. Bundan yana hi\u00e7 kimsenin bir teredd\u00fcd\u00fc, \u015f\u00fcphesi olmas\u0131n. Bu bir hesap i\u015fi. \u015eu anda 10\u2019a al\u0131p 9\u2019a sat\u0131yoruz. Aradaki fark tamamen hazine, kamu taraf\u0131ndan finanse edilen yap\u0131d\u0131r. O y\u00fczden bu hesaplar\u0131 kontrol etmemiz gerekiyor. Ham petrol fiyatlar\u0131ndaki y\u00fckselmeler ve d\u00fc\u015f\u00fc\u015fler taraf\u0131m\u0131zdan dikkatle takip ediliyor. Bu manada kimsenin herhangi bir kayg\u0131s\u0131 bulunmas\u0131n.\u201d<\/p>\n<p>Otomatik fiyatlama mekanizmas\u0131yla, ham petrol fiyatlar\u0131n\u0131n d\u00fc\u015fmeye ba\u015flad\u0131\u011f\u0131 son 5 ayda yakla\u015f\u0131k 60-70 kuru\u015f civar\u0131nda akaryak\u0131tta\u00a0d\u00fc\u015f\u00fc\u015f sa\u011fland\u0131\u011f\u0131n\u0131 bildiren Y\u0131ld\u0131z, bunlar\u0131n Akdeniz Havazas\u0131\u2019ndaki ithalat-ihracat fiyatlar\u0131yla de\u011ferlendirildi\u011fini dile getirdi.<\/p>\n<p>T\u00fcrkiye\u2019de akaryak\u0131t fiyatlar\u0131n\u0131 sadece\u00a0ham petrol fiyatlar\u0131n\u0131n belirlemedi\u011fini, bunda dolar fiyat\u0131n\u0131n da etkili oldu\u011funa i\u015faret eden Y\u0131ld\u0131z, \u015funlar\u0131 s\u00f6yledi:<\/p>\n<p>\u201cBenzin fiyatlar\u0131nda uluslararas\u0131 arenada y\u00fczde 36\u2019l\u0131k bir d\u00fc\u015f\u00fc\u015f olmas\u0131na ra\u011fmen bizdeki parite fark\u0131ndan dolay\u0131 bu y\u00fczde 33\u2019lerde kald\u0131. Bunun tersi de olabilirdi. Dolar\u0131n TL kar\u015f\u0131s\u0131nda\u00a0de\u011fer kazanmas\u0131 veya de\u011fer kayb\u0131 fiyatlar\u0131m\u0131z\u0131 etkileyen bir konudur. Dolarla al\u0131p TL ile satt\u0131\u011f\u0131m\u0131z i\u00e7in a\u00e7\u0131k pozisyonlar zaman zaman olu\u015fabiliyor. Yurt d\u0131\u015f\u0131nda y\u00fczde 36 indirim yap\u0131l\u0131rken, bizde y\u00fczde 41 indirim olabilirdi.\u201d<\/p>\n<h4>\u201cHam petrol fiyatlar\u0131n\u0131\u00a0\u00e7arp\u0131p b\u00f6lerek bulamazs\u0131n\u0131z\u201d<\/h4>\n<p>Motorindeki indirimin T\u00fcrkiye\u2019de\u00a0uluslararas\u0131 arenayla\u00a0ayn\u0131 oranda\u00a0olmad\u0131\u011f\u0131na dikkati \u00e7eken Y\u0131ld\u0131z, d\u00fcnyada y\u00fczde 29 olan bu oran\u0131n,\u00a0T\u00fcrkiye\u2019de\u00a0d\u00f6viz fark\u0131ndan dolay\u0131 y\u00fczde 23\u00a0civar\u0131nda kald\u0131\u011f\u0131n\u0131 anlatt\u0131. Ham petrol\u00fcn, benzin ve motorinin d\u00fcnyadaki fiyat dalgalanmalar\u0131n\u0131n ayn\u0131 oranda olmad\u0131\u011f\u0131n\u0131 vurgulayan Y\u0131ld\u0131z, s\u00f6zlerini \u015f\u00f6yle s\u00fcrd\u00fcrd\u00fc:<\/p>\n<p>\u201cHam petrol\u00a0fiyatlar\u0131na bak\u0131p, \u00e7arp\u0131p b\u00f6lerek bu oranlar\u0131 rahatl\u0131kla bulamazs\u0131n\u0131z. Bunlar\u0131n i\u00e7erisindeki vergi fark\u0131n\u0131 da mutlaka de\u011ferlendirmelisiniz. Bu son 5 ayda, otomatik fiyat mekanizmas\u0131yla vatanda\u015flar\u0131m\u0131z\u0131n kulland\u0131\u011f\u0131 binek ara\u00e7larda ve toplu ta\u015f\u0131ma ara\u00e7lar\u0131nda elde edilen tasarruf miktar\u0131, vatanda\u015f\u0131m\u0131za iade edilen miktar 5,2 milyar dolard\u0131r. Bu tahakkuk etmi\u015f, ger\u00e7ekle\u015fmi\u015f bir rakamd\u0131r. Bunlar\u0131n her birisi an\u0131nda yans\u0131t\u0131l\u0131yor.\u00a0Bu fiyat\u0131n bir y\u0131l s\u00fcreyle uluslararas\u0131 piyasada kald\u0131\u011f\u0131n\u0131 farz ederek bunlar\u0131 konu\u015fuyoruz. Bunlar\u0131n hangi zamanda ne kadar de\u011fi\u015fece\u011fini bilmiyoruz. Son 5 aydaki e\u011filim d\u00fc\u015fme y\u00f6n\u00fcnde. Herhangi bir art\u0131\u015f beklentisi \u00f6n\u00fcm\u00fczdeki 2-3 ay i\u00e7erisinde g\u00f6r\u00fcnm\u00fcyor. Ama ondan sonraki uluslararas\u0131 siyasetle etkilenebilecek neler vard\u0131r bunlar\u0131n her birisini tabii ki takip edece\u011fiz.\u201d<\/p>\n<h4>\u201cBunun taraf\u0131 T\u00fcrkiye de\u011fil, Avrupa Birli\u011fi ile Rusya\u201d<\/h4>\n<p>Bakan Y\u0131ld\u0131z, do\u011fal gaz onusunda Rusya\u2019n\u0131n teklif etti\u011fi indirime ili\u015fkin bir soruyu yan\u0131tlarken, bunun\u00a0nihai bir fiyat olmad\u0131\u011f\u0131n\u0131 s\u00f6yledi. Y\u0131ld\u0131z, \u201cM\u00fczakerelerin ba\u015f\u0131nda Say\u0131n Putin\u2019in kamuoyuyla payla\u015ft\u0131\u011f\u0131 bir indirimdir, bizim istedi\u011fimiz indirim bunun daha \u00fczerinde bir indirimdir. Tabii ki kar\u015f\u0131l\u0131kl\u0131 olumlu ad\u0131mlar ataca\u011f\u0131m\u0131za inan\u0131yorum\u201d dedi.<\/p>\n<p>Bakan Y\u0131ld\u0131z, \u201cRusya ile G\u00fcney Ak\u0131m\u2019a alternatif hat ile ilgili m\u00fczakerelerde g\u00fczergah i\u00e7in bir \u00f6ng\u00f6r\u00fc olu\u015ftu mu? Karadeniz\u2019den mi ge\u00e7ecek?\u201d sorular\u0131 \u00fczerine, bu konuda hen\u00fcz detaya girilmedi\u011fini s\u00f6yledi.\u00a0Rusya Devlet Ba\u015fkan\u0131 Vladimir\u00a0Putin\u2019in G\u00fcney Ak\u0131m\u2019a ili\u015fkin\u00a0a\u00e7\u0131klamalar\u0131n\u0131 \u201cmental de\u011fi\u015fiklik\u201d olarak nitelendiren\u00a0Y\u0131ld\u0131z, \u015f\u00f6yle konu\u015ftu:<\/p>\n<p>\u201cAvrupa Birli\u011fine G\u00fcney Ak\u0131m\u2019dan gaz ak\u0131\u015f\u0131n\u0131 durdurdu\u011funu a\u00e7\u0131klad\u0131. Bunun taraf\u0131 T\u00fcrkiye de\u011fil, Avrupa Birli\u011fi ile Rusya aras\u0131ndaki konudur. Kald\u0131 ki G\u00fcney Ak\u0131m\u2019\u0131n proje ortaklar\u0131 aras\u0131nda Avrupa Birli\u011fi \u00fclkelerden \u015firketlerin de bulundu\u011funu biliyorduk. Burada T\u00fcrkiye\u2019yi ilgilendiren husus, kurumlar\u0131m\u0131z\u0131 BOTA\u015e ve Gazprom\u2019u b\u00f6yle bir projenin geli\u015fimiyle alakal\u0131 g\u00f6revlendirmek, \u00e7al\u0131\u015fmalar\u0131n\u0131 sa\u011flamak, \u00e7al\u0131\u015fmalar\u0131n\u0131n sonu\u00e7lar\u0131n\u0131 bizlerle payla\u015fmalar\u0131n\u0131, \u00fclkemiz \u015fartlar\u0131na ne kadar uyup uymad\u0131\u011f\u0131n\u0131, bunlar\u0131n her birisini de\u011ferlendirece\u011fiz. \u015eu anda kar\u015f\u0131l\u0131kl\u0131 iyi niyet \u00e7er\u00e7evesinde imzalanan metin, hukuki ba\u011flay\u0131c\u0131l\u0131\u011f\u0131 olan bir metin de\u011fildir.\u201d<\/p>\n<h4>\u201cPutin\u2019in sundu\u011fu oranlardan daha y\u00fcksek\u201d<\/h4>\n<p>Alternatif hat konusunda iki g\u00fczergah\u0131n s\u00f6z konusu olmad\u0131\u011f\u0131n\u0131 belirten Y\u0131ld\u0131z, \u201c\u015eu anda baz\u0131 yerlerde \u2018Samsun\u2019dan da gelebilir\u2019 diye. Hay\u0131r, b\u00f6yle bir d\u00fc\u015f\u00fcncemiz yok. E\u011fer bu proje nihayetlenirse, hukuki ba\u011flay\u0131c\u0131l\u0131\u011f\u0131 olan bir metne do\u011fru giderse bu ancak Trakya\u2019dan girip, Trakya\u2019da bir do\u011fal gaz merkezi olu\u015fturmaya d\u00f6n\u00fck.\u00a0Belki orada LNG tesislerinin de kurulabilece\u011fi, geni\u015f bir tesisten bahsedebiliriz. Ama bunlar\u0131 konu\u015fmak i\u00e7in \u015fu anda erken. Samsun\u2019dan girmeyecek\u201d ifadelerini kulland\u0131.<\/p>\n<p>Rus do\u011falgaz\u0131 i\u00e7in ne kadar indirim istendi\u011finin sorusunu yan\u0131tlayan Bakan Y\u0131ld\u0131z,\u00a0T\u00fcrkiye\u2019nin vatanda\u015fa ve sanayiciye Avrupa\u2019n\u0131n en ucuz do\u011falgaz\u0131n\u0131 kulland\u0131rd\u0131\u011f\u0131n\u0131 vurgulad\u0131. Y\u0131ld\u0131z, \u201cBu m\u00fczakere s\u00fcrecinde fiyatlar\u0131n ne kadar d\u00fc\u015febilece\u011fini, bizim ne kadar istedi\u011fimizden rakam olarak bahsetmemiz do\u011fru de\u011fil. Ama Say\u0131n Putin\u2019in sundu\u011fu oranlardan daha y\u00fcksek bir oranda bizim indirim istedi\u011fimiz do\u011frudur. Talebi kendilerine ilettik, onlar da de\u011ferlendireceklerini, ondan sonra bizlerle payla\u015facaklar\u0131n\u0131 s\u00f6ylediler. Bu bir m\u00fczakeredir, devam edecek\u201d \u015feklinde konu\u015ftu.<\/p>\n<p>Y\u0131ld\u0131z, konuyla ilgili sorular \u00fczerine,\u00a0\u201cArkada\u015flar\u0131m\u0131z\u00a0da bu hafta i\u00e7erisinde hem G\u00fcney Ak\u0131m hem de fiyat m\u00fczakereleriyle alakal\u0131 oturup konu\u015facaklar. Zaten devam eden bir g\u00f6r\u00fc\u015fme s\u00fcreci\u201d dedi.<\/p>\n<h4>\u201cTANAP\u2019\u0131 kesinlikle etkilemeyecek\u201d<\/h4>\n<p>TANAP\u2019a ili\u015fkin bir soruyu yan\u0131tlayan\u00a0Y\u0131ld\u0131z, \u201cT\u00fcrkiye, TANAP\u2019\u0131n orta\u011f\u0131d\u0131r ve TANAP\u2019\u0131 geli\u015ftirmek tabii ki \u00f6nceli\u011fidir. TANAP\u2019\u0131n burada herhangi bir \u015fekilde tart\u0131\u015f\u0131lmas\u0131n\u0131 do\u011fru bulmam. G\u00fcney Ak\u0131m ile alakal\u0131 yap\u0131lacak bir iyi niyet m\u00fczakeresinin TANAP\u2019\u0131 kesinlikle ama hi\u00e7bir \u015fekilde etkilemeyece\u011fini s\u00f6ylemem laz\u0131m. TANAP \u015fu anda ihaleleri yap\u0131lm\u0131\u015f, boru hatlar\u0131\u00a0\u00e7al\u0131\u015fmalar\u0131 s\u00fcrd\u00fcr\u00fclm\u00fc\u015f, i\u015f\u00e7ilik ihaleleri yap\u0131lm\u0131\u015f ilerleyen\u00a0bir projedir\u201d diye konu\u015ftu.<\/p>\n<p>Rusya-T\u00fcrkiye ili\u015fkilerine y\u00f6nelik bir soru \u00fczerine\u00a0Y\u0131ld\u0131z, T\u00fcrkiye ile Rusya\u2019n\u0131n bir y\u0131ll\u0131k ticaret hacminin 33 milyar dolar oldu\u011funu hat\u0131rlatarak, \u015f\u00f6yle dedi:<\/p>\n<p>\u201dBizim yak\u0131nla\u015fmam\u0131zdan daha ziyade her iki \u00fclke ve b\u00f6lgenin menfaatine projelerin geli\u015ftirilecek olup olmamas\u0131d\u0131r. T\u00fcrkiye, do\u011falgaz tedarikinin yar\u0131s\u0131ndan \u00e7o\u011funu Rusya\u2019dan kar\u015f\u0131l\u0131yor. Rusya\u2019ya herhangi bir Avrupa \u00fclkesi gibi davranamay\u0131z. Rusya Federasyonu bizim i\u00e7in herhangi bir \u00fclke de\u011fildir. O y\u00fczden bunlar\u0131n stratejik, ekonomik ve siyasi yan\u0131 var. Bunlar\u0131n her birisini geli\u015ftirebilecek tarzda, her iki \u00fclkenin de kurumsal haf\u0131zas\u0131 bunlara m\u00fcsaittir.\u201d<\/p>\n<p>Kaynak: <a href=\"http:\/\/enerjienstitusu.com\/2014\/12\/06\/enerji-bakanligi-etkb-2015-2019-stratejik-plani\/\" target=\"_blank\" rel=\"nofollow\">Enerji Enstit\u00fcs\u00fc<\/a><\/p>","protected":false},"excerpt":{"rendered":"<p>Sorry, this entry is only available in Turkish. For the sake of viewer convenience, the content is shown below in the alternative language. You may click the link to switch the active language.Enerji ve Tabii Kaynaklar Bakanl\u0131\u011f\u0131\u2019n\u0131n 2015-2019 Stratejik Plan\u0131 yay\u0131nland\u0131. A\u015fa\u011f\u0131daki ba\u011flant\u0131dan PDF olarak indirebilirsiniz. Dok\u00fcman\u0131 e-kitap olarak g\u00f6r\u00fcnt\u00fclemek i\u00e7in t\u0131klay\u0131n\u0131z&gt;&gt;&gt; Enerji Bakanl\u0131\u011f\u0131 Stratejik [&hellip;]<\/p>\n","protected":false},"author":1,"featured_media":34221,"comment_status":"open","ping_status":"open","sticky":false,"template":"","format":"standard","meta":[],"categories":[53],"tags":[68,61,19590,63,963,20019,67,1009,165,20020,20021,20022,20023,20024,20025],"views":904,"_links":{"self":[{"href":"https:\/\/www.enerjigazetesi.ist\/en\/wp-json\/wp\/v2\/posts\/34220"}],"collection":[{"href":"https:\/\/www.enerjigazetesi.ist\/en\/wp-json\/wp\/v2\/posts"}],"about":[{"href":"https:\/\/www.enerjigazetesi.ist\/en\/wp-json\/wp\/v2\/types\/post"}],"author":[{"embeddable":true,"href":"https:\/\/www.enerjigazetesi.ist\/en\/wp-json\/wp\/v2\/users\/1"}],"replies":[{"embeddable":true,"href":"https:\/\/www.enerjigazetesi.ist\/en\/wp-json\/wp\/v2\/comments?post=34220"}],"version-history":[{"count":1,"href":"https:\/\/www.enerjigazetesi.ist\/en\/wp-json\/wp\/v2\/posts\/34220\/revisions"}],"predecessor-version":[{"id":34222,"href":"https:\/\/www.enerjigazetesi.ist\/en\/wp-json\/wp\/v2\/posts\/34220\/revisions\/34222"}],"wp:featuredmedia":[{"embeddable":true,"href":"https:\/\/www.enerjigazetesi.ist\/en\/wp-json\/wp\/v2\/media\/34221"}],"wp:attachment":[{"href":"https:\/\/www.enerjigazetesi.ist\/en\/wp-json\/wp\/v2\/media?parent=34220"}],"wp:term":[{"taxonomy":"category","embeddable":true,"href":"https:\/\/www.enerjigazetesi.ist\/en\/wp-json\/wp\/v2\/categories?post=34220"},{"taxonomy":"post_tag","embeddable":true,"href":"https:\/\/www.enerjigazetesi.ist\/en\/wp-json\/wp\/v2\/tags?post=34220"}],"curies":[{"name":"wp","href":"https:\/\/api.w.org\/{rel}","templated":true}]}}