{"id":34120,"date":"2014-12-04T10:01:26","date_gmt":"2014-12-04T07:01:26","guid":{"rendered":"https:\/\/www.enerjigazetesi.ist\/?p=34120"},"modified":"2014-12-04T10:02:44","modified_gmt":"2014-12-04T07:02:44","slug":"aluminyum-sektorunde-enerji-verimliligi-ve-sera-gazlarinin-azaltilmasi-projesi","status":"publish","type":"post","link":"https:\/\/www.enerjigazetesi.ist\/en\/aluminyum-sektorunde-enerji-verimliligi-ve-sera-gazlarinin-azaltilmasi-projesi\/","title":{"rendered":"(Turkish) Al\u00fcminyum Sekt\u00f6r\u00fcnde Enerji Verimlili\u011fi ve Sera Gazlar\u0131n\u0131n Azalt\u0131lmas\u0131!"},"content":{"rendered":"<p class=\"qtranxs-available-languages-message qtranxs-available-languages-message-en\">Sorry, this entry is only available in <a href=\"https:\/\/www.enerjigazetesi.ist\/tr\/wp-json\/wp\/v2\/posts\/34120\" class=\"qtranxs-available-language-link qtranxs-available-language-link-tr\" title=\"Turkish\">Turkish<\/a>. For the sake of viewer convenience, the content is shown below in the alternative language. You may click the link to switch the active language.<\/p><p><\/p>\n<p style=\"color: #3c3c3c;\"><strong>Fatih Sultan Mehmet Vak\u0131f \u00dcniversitesi Al\u00fcminyum Test, E\u011fitim ve Ara\u015ft\u0131rma Merkezi (ALUTEAM), Giri\u015fimci Al\u00fcminyum ve Sanayici \u0130\u015f Adamlar\u0131 Derne\u011fi (GALS\u0130AD) ortak giri\u015fimi ve \u0130stanbul Kalk\u0131nma Ajans\u0131 deste\u011fiyle hayata ge\u00e7irilen \u201cAl\u00fcminyum Sekt\u00f6r\u00fcnde Enerji Verimlili\u011fi ve Sera Gazlar\u0131n\u0131n Azalt\u0131lmas\u0131\u201d Projesi a\u00e7\u0131l\u0131\u015f ve tan\u0131t\u0131m toplant\u0131s\u0131 Hali\u00e7 Yerle\u015fkesi\u2019nde ger\u00e7ekle\u015fti.<\/strong><span id=\"more-68650\"><\/span><\/p>\n<p style=\"color: #3c3c3c;\">Bu proje ile al\u00fcminyum sekt\u00f6r\u00fcnde \u0131s\u0131tma sistemlerinde olu\u015fan enerji kay\u0131p oranlar\u0131 tespit edilerek maliyetsiz veya en az maliyet ile enerji verimlili\u011fi<br \/>\nsa\u011flanmas\u0131 ve enerjinin verimsiz kullan\u0131lmas\u0131 ile olu\u015fan sera gaz\u0131 sal\u0131n\u0131m\u0131n\u0131n azalt\u0131lmas\u0131 ama\u00e7lan\u0131yor.<\/p>\n<h3 style=\"color: #232323;\">Al\u00fcminyum Sekt\u00f6r\u00fc \u0130le \u0130\u015fbirli\u011fi<img loading=\"lazy\" class=\"alignright  wp-image-34121\" src=\"https:\/\/www.enerjigazetesi.ist\/wp-content\/uploads\/2014\/12\/aluminyum-2392390833-300x197.png\" alt=\"aluminyum-2392390833\" width=\"300\" height=\"277\" \/><\/h3>\n<p style=\"color: #3c3c3c;\">Proje ba\u015flang\u0131c\u0131ndan itibaren ALUTEAM ile \u00e7al\u0131\u015fma yap\u0131lacak firmalar aras\u0131nda gizlilik s\u00f6zle\u015fmesi ve \u00e7al\u0131\u015fma protokol\u00fc imzalanacak. \u00d6l\u00e7\u00fcm sonu\u00e7lar\u0131 sadece firma ile payla\u015f\u0131l\u0131p genel de\u011ferlendirme firma ismi verilmeden sekt\u00f6rel analiz olarak sunulacak. Proje orta\u011f\u0131 i\u015fletmelerde \u00f6l\u00e7\u00fcmler, \u0130stanbul Kalk\u0131nma Ajans\u0131 deste\u011fi ile ger\u00e7ekle\u015ftirilece\u011finden firmalardan \u00fccret talep edilmeyecek.<\/p>\n<p style=\"color: #3c3c3c;\">Projenin detaylar\u0131n\u0131 payla\u015fan Proje Koordinat\u00f6r\u00fc ve ALUTEAM M\u00fcd\u00fcr\u00fc Yrd. Do\u00e7. Dr. Ebubekir Ko\u00e7, temel hedeflerini enerji maliyetinin ve sera gaz\u0131 sal\u0131m\u0131n\u0131n azalt\u0131lmas\u0131, \u00fcr\u00fcnlerin performanslar\u0131n\u0131n artt\u0131r\u0131lmas\u0131na y\u00f6nelik \u00f6nlemler ve yeni \u00fcr\u00fcn geli\u015ftirmek olarak s\u0131ralad\u0131. Ko\u00e7, ticari bir ama\u00e7 g\u00fctmediklerini, ama\u00e7lar\u0131n\u0131n \u00fcniversite ve \u00fclke kalk\u0131nmas\u0131na destek olmak oldu\u011funu belirtti.<\/p>\n<p style=\"color: #3c3c3c;\">Proje teknik dan\u0131\u015fman\u0131 ve GALS\u0130AD Y\u00f6netim Kurulu Ba\u015fkan Yard\u0131mc\u0131s\u0131 H\u00fcseyin Karabacak yapt\u0131\u011f\u0131 konu\u015fmada, Avrupa pazar\u0131nda \u00fclke olarak \u00f6ne \u00e7\u0131kmam\u0131z i\u00e7in verimlilik \u00fczerinde durulmas\u0131 gerekti\u011finin alt\u0131n\u0131 \u00e7izdi.<\/p>\n<p style=\"color: #3c3c3c;\">GALS\u0130AD Ba\u015fkan\u0131 Celalettin K\u0131rboz ise k\u00fcreselle\u015fen d\u00fcnyada Ar-Ge\u2019nin \u00f6nemine de\u011findi. Her firman\u0131n i\u00e7erisinde AR-GE bulundurmas\u0131n\u0131n zor oldu\u011funu, m\u00fc\u015fterek AR-GE imk\u00e2nlar\u0131n\u0131 sekt\u00f6r\u00fcn\u00fcn kullan\u0131m\u0131na a\u00e7man\u0131n daha kolay bir yol oldu\u011funu belirterek sekt\u00f6r deste\u011finin bu gibi \u00e7al\u0131\u015fmalarla devam edece\u011fini vurgulad\u0131.<\/p>\n<p style=\"color: #3c3c3c;\">M\u00fchendislik Fak\u00fcltesi Dekan\u0131 Prof. Dr. Fevzi Y\u0131lmaz enerji verimlili\u011fi \u00fczerinde durdu ve \u201cEnerjiyi israf etmek, sera gaz\u0131 sal\u0131n\u0131m\u0131nda \u00f6nlem almamak, ba\u015fka k\u0131talardaki insanlar\u0131 da etkileyece\u011finden k\u00fcresel kul hakk\u0131d\u0131r\u201d dedi. Kapitalist ekonominin savurganl\u0131k politikalar\u0131ndan vazge\u00e7ilmesi gerekti\u011fini s\u00f6yleyen Y\u0131lmaz, \u201cBu savurganl\u0131\u011fa kimse m\u00fcsaade etmemelidir\u201d diye konu\u015ftu.<\/p>\n<p style=\"color: #3c3c3c;\">Toplant\u0131ya kat\u0131lan firma temsilcilerinden Akif \u00c7ergel, enerji verimlili\u011finin art\u0131r\u0131lmas\u0131 konusunda b\u00f6yle bir \u00e7al\u0131\u015fmaya ihtiya\u00e7 oldu\u011funu dile getirdi. Bir ba\u015fka firma temsilcisi R\u00fcstem \u00d6cal ise \u201cBu projeyle iyi bir ad\u0131m at\u0131lm\u0131\u015f olacak. \u00dcniversitenin b\u00f6yle bir projeyi sunmas\u0131 sekt\u00f6r ve \u00fclke i\u00e7in \u00e7ok \u00f6nemlidir\u201d dedi.<\/p>\n<p style=\"color: #3c3c3c;\">Toplant\u0131ya kat\u0131lan firmalar sunumun ard\u0131ndan ALUTEAM\u2019\u0131 ziyaret etti ve teknik bilgi ald\u0131.<\/p>\n<p style=\"color: #3c3c3c;\">Kaynak: Enerji Enstit\u00fcs\u00fc<\/p>\n<p><\/p>","protected":false},"excerpt":{"rendered":"<p>Sorry, this entry is only available in Turkish. For the sake of viewer convenience, the content is shown below in the alternative language. You may click the link to switch the active language. Fatih Sultan Mehmet Vak\u0131f \u00dcniversitesi Al\u00fcminyum Test, E\u011fitim ve Ara\u015ft\u0131rma Merkezi (ALUTEAM), Giri\u015fimci Al\u00fcminyum ve Sanayici \u0130\u015f Adamlar\u0131 Derne\u011fi (GALS\u0130AD) ortak giri\u015fimi [&hellip;]<\/p>\n","protected":false},"author":1,"featured_media":34121,"comment_status":"open","ping_status":"open","sticky":false,"template":"","format":"standard","meta":[],"categories":[53,52],"tags":[19963,19964,19965,63,3136,864,3160,12,4534,16563],"views":792,"_links":{"self":[{"href":"https:\/\/www.enerjigazetesi.ist\/en\/wp-json\/wp\/v2\/posts\/34120"}],"collection":[{"href":"https:\/\/www.enerjigazetesi.ist\/en\/wp-json\/wp\/v2\/posts"}],"about":[{"href":"https:\/\/www.enerjigazetesi.ist\/en\/wp-json\/wp\/v2\/types\/post"}],"author":[{"embeddable":true,"href":"https:\/\/www.enerjigazetesi.ist\/en\/wp-json\/wp\/v2\/users\/1"}],"replies":[{"embeddable":true,"href":"https:\/\/www.enerjigazetesi.ist\/en\/wp-json\/wp\/v2\/comments?post=34120"}],"version-history":[{"count":3,"href":"https:\/\/www.enerjigazetesi.ist\/en\/wp-json\/wp\/v2\/posts\/34120\/revisions"}],"predecessor-version":[{"id":34124,"href":"https:\/\/www.enerjigazetesi.ist\/en\/wp-json\/wp\/v2\/posts\/34120\/revisions\/34124"}],"wp:featuredmedia":[{"embeddable":true,"href":"https:\/\/www.enerjigazetesi.ist\/en\/wp-json\/wp\/v2\/media\/34121"}],"wp:attachment":[{"href":"https:\/\/www.enerjigazetesi.ist\/en\/wp-json\/wp\/v2\/media?parent=34120"}],"wp:term":[{"taxonomy":"category","embeddable":true,"href":"https:\/\/www.enerjigazetesi.ist\/en\/wp-json\/wp\/v2\/categories?post=34120"},{"taxonomy":"post_tag","embeddable":true,"href":"https:\/\/www.enerjigazetesi.ist\/en\/wp-json\/wp\/v2\/tags?post=34120"}],"curies":[{"name":"wp","href":"https:\/\/api.w.org\/{rel}","templated":true}]}}