{"id":34117,"date":"2014-12-04T09:57:41","date_gmt":"2014-12-04T06:57:41","guid":{"rendered":"https:\/\/www.enerjigazetesi.ist\/?p=34117"},"modified":"2014-12-04T09:57:41","modified_gmt":"2014-12-04T06:57:41","slug":"e-onda-yeni-yapilanma","status":"publish","type":"post","link":"https:\/\/www.enerjigazetesi.ist\/en\/e-onda-yeni-yapilanma\/","title":{"rendered":"(Turkish) E.ON\u2019da Yeni Yap\u0131lanma&#8230;"},"content":{"rendered":"<p class=\"qtranxs-available-languages-message qtranxs-available-languages-message-en\">Sorry, this entry is only available in <a href=\"https:\/\/www.enerjigazetesi.ist\/tr\/wp-json\/wp\/v2\/posts\/34117\" class=\"qtranxs-available-language-link qtranxs-available-language-link-tr\" title=\"Turkish\">Turkish<\/a>. For the sake of viewer convenience, the content is shown below in the alternative language. You may click the link to switch the active language.<\/p><p><\/p>\n<p style=\"color: #363636;\"><strong>T\u00fcrkiye\u2019de Enerjisa ortakl\u0131\u011f\u0131yla bilinen d\u00fcnyan\u0131n en b\u00fcy\u00fck elektrik ve do\u011falgaz da\u011f\u0131t\u0131m \u015firketlerinden E.ON, ikiye b\u00f6l\u00fcn\u00fcyor. Bir b\u00f6l\u00fcm yenilenebilir enerjilere, di\u011fer b\u00f6l\u00fcm konvansiyonel enerji t\u00fcrlerine odaklanacak.<\/strong><\/p>\n<p style=\"color: #363636;\">D\u00fcsseldorf merkezli E.ON \u015firketi ikiye b\u00f6l\u00fcnerek enerji sekt\u00f6r\u00fcndeki zorluklar kar\u015f\u0131s\u0131nda konumunu g\u00fc\u00e7lendirmeyi hedefliyor. \u015eirket yenilenebilir enerji, <a href=\"https:\/\/www.enerjigazetesi.ist\/wp-content\/uploads\/2014\/12\/E.ON_.jpg\"><img loading=\"lazy\" class=\"alignleft size-full wp-image-34118\" src=\"https:\/\/www.enerjigazetesi.ist\/wp-content\/uploads\/2014\/12\/E.ON_.jpg\" alt=\"E.ON\" width=\"300\" height=\"300\" srcset=\"https:\/\/www.enerjigazetesi.ist\/wp-content\/uploads\/2014\/12\/E.ON_.jpg 300w, https:\/\/www.enerjigazetesi.ist\/wp-content\/uploads\/2014\/12\/E.ON_-150x150.jpg 150w, https:\/\/www.enerjigazetesi.ist\/wp-content\/uploads\/2014\/12\/E.ON_-50x50.jpg 50w\" sizes=\"(max-width: 300px) 100vw, 300px\" \/><\/a>enerji \u015febekeleri ve m\u00fc\u015fteri odakl\u0131 hizmetlere konsantre olacak. N\u00fckleer, k\u00f6m\u00fcr ve do\u011falgaz gibi konvansiyonel enerji \u00fcretimi ile k\u00fcresel enerji ticareti, ke\u015fif ve \u00fcretim b\u00f6l\u00fcmleri ise yeni, ayr\u0131 bir \u015firkete devredilecek. Bu yeni \u015firket 2016\u2032da borsaya gidecek. E.ON\u2019un bu \u015firkette kalacak az\u0131nl\u0131k hissesi ise orta vadede sat\u0131\u015fa sunulacak.<\/p>\n<p style=\"color: #363636;\">E.ON Ba\u015fkan\u0131 Johannes Teyssen yapt\u0131\u011f\u0131 bas\u0131n toplant\u0131s\u0131nda radikal reformlarla ilgili \u015funlar\u0131 s\u00f6yledi: \u201cE.ON gelecekte tamamen yenilenebilir enerjilere, enerji \u015febekelerine ve m\u00fc\u015fteri odakl\u0131 \u00e7\u00f6z\u00fcmlere; yani yeni enerji d\u00fcnyas\u0131n\u0131n temel ta\u015flar\u0131na odaklanacak. Avrupa\u2019da sekiz \u00fclkedeki mevcut ortakl\u0131klar, T\u00fcrkiye\u2019deki Enerjisa ortakl\u0131\u011f\u0131 dahil olmak \u00fczere, da\u011f\u0131t\u0131m ve \u015febeke faaliyetleri ile birlikte, bu \u015firketin par\u00e7as\u0131 olmay\u0131 s\u00fcrd\u00fcrecekler. E.ON\u2019un toplam 60 bin \u00e7al\u0131\u015fan\u0131ndan 40 bini bu alanda \u00e7al\u0131\u015f\u0131yor. Avrupa ve T\u00fcrkiye\u2019deki 33 milyon da\u011f\u0131t\u0131m ve 26 milyon \u015febeke m\u00fc\u015fterisiyle gelecekteki E.ON, m\u00fc\u015fteri odakl\u0131 himetlerin geni\u015fletilip geli\u015ftirilmesinde m\u00fckemmel bir zemine sahip.\u201d<\/p>\n<p style=\"color: #363636;\">T\u00fcrkiye, E.ON\u2019un gelecekteki planlar\u0131nda da \u00f6nemli rol oynuyor. E.ON 2013 y\u0131l\u0131nda var\u0131lan anla\u015fmayla Enerjisa \u015firketinde y\u00fczde 50\u2032lik hisseyle Sabanc\u0131 Holding\u2019e ortak oldu. E.on bir milyon kilometreyi a\u015fan uzunlukta bir elektrik \u015febekesine sahip. Bu elektrik \u015febekesinin 411 bin kilometresi Almanya\u2019da, 200 bin kilometrelik b\u00f6l\u00fcm\u00fc T\u00fcrkiyede bulunuyor. M\u00fc\u015fteri odakl\u0131 \u00e7\u00f6z\u00fcmler bran\u015f\u0131nda da T\u00fcrkiye \u00f6nemli yer tutuyor. \u015eirketin bu alandaki 33 milyon m\u00fc\u015fterisinden dokuz milyonu T\u00fcrkiye\u2019de bulunuyor.<\/p>\n<p style=\"color: #363636;\">E.ON \u015fimdiye kadar geni\u015f yelpazeli i\u015f modeliyle hem klasik hem modern enerji sekt\u00f6r\u00fcn\u00fc birlikte idare etmeye \u00e7al\u0131\u015fm\u0131\u015f ancak ba\u015far\u0131l\u0131 olamam\u0131\u015ft\u0131. Son y\u0131llarda elektrik fiyatlar\u0131nda kaydedilen d\u00fc\u015f\u00fc\u015f de \u015firketi zora soktu. Alman h\u00fck\u00fcmetinin y\u00fcr\u00fcrl\u00fc\u011fe soktu\u011fu enerji d\u00f6n\u00fc\u015f\u00fcm\u00fc kapsam\u0131nda n\u00fckleer enerjiden \u00e7\u0131k\u0131\u015f stratejisi \u00fcst\u00fcne geldi. G\u00fcney Avrupa\u2019daki sat\u0131n al\u0131mlar\u0131n getirdi\u011fi zarar da radikal reform karar\u0131nda etkili oldu. \u015eirket toplam 31 milyar euroluk borca girdi. E.ON Ba\u015fkan\u0131 Teyssen, bu bor\u00e7lar\u0131n yeni \u015firkete y\u00fcklenmeyece\u011fini ve tamam\u0131n\u0131n E.ON taraf\u0131ndan \u00fcstlenilece\u011fini vurgulad\u0131.<\/p>\n<h3 style=\"color: #363636;\">\u0130\u015ften \u00c7\u0131karmalar Olmayacak<\/h3>\n<p style=\"color: #363636;\">\u015eirket, Kuzey Denizi\u2019ndeki petrol ve do\u011falgaz \u00e7\u0131karma faaliyetlerinin gelece\u011fi \u00fczerinde d\u00fc\u015f\u00fcn\u00fcyor. \u0130spanya ve Portekiz\u2019deki faaliyetler devrediliyor, \u0130talya\u2019daki faaliyetlerin gelece\u011fi de sorgulan\u0131yor. \u015eu s\u0131ralar zay\u0131f seyreden Rusya\u2019daki faaliyetlerin ise durdurulmas\u0131 s\u00f6z konusu de\u011fil. Teyssen, kalk\u0131nman\u0131n e\u015fi\u011findeki \u00fclkelerde s\u00fcren enerji ihtiyac\u0131n\u0131n yeni \u015firkete ek b\u00fcy\u00fcme f\u0131rsatlar\u0131 sa\u011flayaca\u011f\u0131n\u0131 da vurgulad\u0131: \u201cAvrupa ve se\u00e7ilen di\u011fer hedef pazarlarda r\u00fczgar enerjisi alan\u0131ndaki faaliyetler de geni\u015fletilecek, fotovolkaik alana yo\u011funla\u015f\u0131lacak. Avrupa\u2019daki pazarlar ve T\u00fcrkiye\u2019deki enerji da\u011f\u0131t\u0131m \u015febekeleri modernize edilip ak\u0131ll\u0131 \u015febekelere d\u00f6n\u00fc\u015ft\u00fcr\u00fclecek\u2026 Elli gigawatt\u0131n \u00fczerindeki \u00fcretim kapasitesiyle yeni enerji \u015firketi Avrupa ve Rusya\u2019n\u0131n \u00f6nde gelen elektrik \u00fcreticisi olacak. Avrupa\u2019n\u0131n d\u00f6rd\u00fcnc\u00fc b\u00fcy\u00fck elektrik \u00fcreticisi ve modern do\u011falgaz enerji santrallar\u0131 aras\u0131nda en b\u00fcy\u00fck i\u015fletmeci konumuna y\u00fckselecek.\u201d<\/p>\n<p style=\"color: #363636;\">E.ON\u2019daki k\u00f6kl\u00fc yap\u0131sal de\u011fi\u015fiklik nedeniyle i\u015ften \u00e7\u0131karmalar ya\u015fanmayacak. Y\u00f6netim Kurulu \u00dcyesi Mike Winkel, E.ON\u2019un yakla\u015f\u0131k 60 bin \u00e7al\u0131\u015fan\u0131n\u0131n \u00fc\u00e7te birinin yeni \u015firkette istihdam edilece\u011fini, geriye kalan 40 bin ki\u015finin de gelecek vaat eden eko elektrik b\u00f6l\u00fcm\u00fcnde \u00e7al\u0131\u015faca\u011f\u0131n\u0131 belirtti.<\/p>\n<p style=\"color: #363636;\">Kaynak:\u00a0Deutsche Welle<\/p>\n<p><\/p>","protected":false},"excerpt":{"rendered":"<p>Sorry, this entry is only available in Turkish. For the sake of viewer convenience, the content is shown below in the alternative language. You may click the link to switch the active language. T\u00fcrkiye\u2019de Enerjisa ortakl\u0131\u011f\u0131yla bilinen d\u00fcnyan\u0131n en b\u00fcy\u00fck elektrik ve do\u011falgaz da\u011f\u0131t\u0131m \u015firketlerinden E.ON, ikiye b\u00f6l\u00fcn\u00fcyor. Bir b\u00f6l\u00fcm yenilenebilir enerjilere, di\u011fer b\u00f6l\u00fcm konvansiyonel [&hellip;]<\/p>\n","protected":false},"author":1,"featured_media":34118,"comment_status":"open","ping_status":"open","sticky":false,"template":"","format":"standard","meta":[],"categories":[53],"tags":[92,1129,68,63,3444,18,1675,71,19962,105],"views":663,"_links":{"self":[{"href":"https:\/\/www.enerjigazetesi.ist\/en\/wp-json\/wp\/v2\/posts\/34117"}],"collection":[{"href":"https:\/\/www.enerjigazetesi.ist\/en\/wp-json\/wp\/v2\/posts"}],"about":[{"href":"https:\/\/www.enerjigazetesi.ist\/en\/wp-json\/wp\/v2\/types\/post"}],"author":[{"embeddable":true,"href":"https:\/\/www.enerjigazetesi.ist\/en\/wp-json\/wp\/v2\/users\/1"}],"replies":[{"embeddable":true,"href":"https:\/\/www.enerjigazetesi.ist\/en\/wp-json\/wp\/v2\/comments?post=34117"}],"version-history":[{"count":1,"href":"https:\/\/www.enerjigazetesi.ist\/en\/wp-json\/wp\/v2\/posts\/34117\/revisions"}],"predecessor-version":[{"id":34119,"href":"https:\/\/www.enerjigazetesi.ist\/en\/wp-json\/wp\/v2\/posts\/34117\/revisions\/34119"}],"wp:featuredmedia":[{"embeddable":true,"href":"https:\/\/www.enerjigazetesi.ist\/en\/wp-json\/wp\/v2\/media\/34118"}],"wp:attachment":[{"href":"https:\/\/www.enerjigazetesi.ist\/en\/wp-json\/wp\/v2\/media?parent=34117"}],"wp:term":[{"taxonomy":"category","embeddable":true,"href":"https:\/\/www.enerjigazetesi.ist\/en\/wp-json\/wp\/v2\/categories?post=34117"},{"taxonomy":"post_tag","embeddable":true,"href":"https:\/\/www.enerjigazetesi.ist\/en\/wp-json\/wp\/v2\/tags?post=34117"}],"curies":[{"name":"wp","href":"https:\/\/api.w.org\/{rel}","templated":true}]}}