{"id":34111,"date":"2014-12-04T09:49:29","date_gmt":"2014-12-04T06:49:29","guid":{"rendered":"https:\/\/www.enerjigazetesi.ist\/?p=34111"},"modified":"2014-12-04T09:49:29","modified_gmt":"2014-12-04T06:49:29","slug":"yatagan-termik-santralinin-devir-sozlesmesi-imzalandi","status":"publish","type":"post","link":"https:\/\/www.enerjigazetesi.ist\/en\/yatagan-termik-santralinin-devir-sozlesmesi-imzalandi\/","title":{"rendered":"(Turkish) Yata\u011fan Termik Santrali\u2019nin Devir S\u00f6zle\u015fmesi \u0130mzaland\u0131&#8230;"},"content":{"rendered":"<p class=\"qtranxs-available-languages-message qtranxs-available-languages-message-en\">Sorry, this entry is only available in <a href=\"https:\/\/www.enerjigazetesi.ist\/tr\/wp-json\/wp\/v2\/posts\/34111\" class=\"qtranxs-available-language-link qtranxs-available-language-link-tr\" title=\"Turkish\">Turkish<\/a>. For the sake of viewer convenience, the content is shown below in the alternative language. You may click the link to switch the active language.<\/p><p><\/p>\n<p style=\"color: #3c3c3c;\"><strong>Yata\u011fan Termik Santrali devir s\u00f6zle\u015fmesinin imzaland\u0131\u011f\u0131 bildirildi.<\/strong><span id=\"more-68652\"><\/span><\/p>\n<p style=\"color: #3c3c3c;\">\u00d6zelle\u015ftirme \u0130daresi Ba\u015fkanl\u0131\u011f\u0131ndan (\u00d6<img loading=\"lazy\" class=\"alignleft  wp-image-34112\" src=\"https:\/\/www.enerjigazetesi.ist\/wp-content\/uploads\/2014\/12\/yatagan-termik-santrali-ihalesi-elan-elektrik-alsim-konya-seker-celikler-insaaat-oib-300x199.jpg\" alt=\"yatagan-termik-santrali-ihalesi-elan-elektrik-alsim-konya-seker-celikler-insaaat-oib\" width=\"300\" height=\"224\" \/>\u0130B) yap\u0131lan yaz\u0131l\u0131 a\u00e7\u0131klamaya g\u00f6re, \u00d6\u0130B Y\u00f6netim Kurulu\u2019nun 7 A\u011fustos 2014 tarihli karar\u0131na istinaden, Yata\u011fan Termik<br \/>\nSantralinin, G\u00fcney Ege Linyitleri \u0130\u015fletmesince (GEL\u0130) kullan\u0131lan ta\u015f\u0131n\u0131rlar\u0131n, Yata\u011fan Termik Santralince kullan\u0131lan ta\u015f\u0131nmazlar\u0131n, GEL\u0130\u2019nin \u00fczerinde bulundu\u011fu ta\u015f\u0131nmazlar\u0131n ve GEL\u0130 taraf\u0131ndan kullan\u0131lan ta\u015f\u0131nmazlar\u0131n varl\u0131k sat\u0131\u015f\u0131, ilgili maden ruhsatlar\u0131 ve bu ruhsatlar\u0131n kapsad\u0131\u011f\u0131 maden sahalar\u0131n\u0131n i\u015fletme hakk\u0131n\u0131n verilmesi y\u00f6ntemiyle, b\u00fct\u00fcn halinde \u00f6zelle\u015ftirilmesine ili\u015fkin sat\u0131\u015f ve i\u015fletme hakk\u0131 devir s\u00f6zle\u015fmesi, idare ile Bereket Enerji b\u00fcnyesindeki Yata\u011fan Termik Enerji \u00dcretim A\u015e aras\u0131nda 1 Aral\u0131k\u2019ta imzaland\u0131.<\/p>\n<p style=\"color: #3c3c3c;\">Buna g\u00f6re, bahse konu s\u00f6zle\u015fmenin imzalanmas\u0131yla, Yata\u011fan Termik Santralinin \u00f6zelle\u015ftirme ve devir i\u015flemleri 1 Aral\u0131k 2014 tarihi itibar\u0131yla tamamland\u0131.<\/p>\n<p style=\"color: #3c3c3c;\">Kaynak: Enerji Enstit\u00fcs\u00fc<\/p>\n<p><\/p>","protected":false},"excerpt":{"rendered":"<p>Sorry, this entry is only available in Turkish. For the sake of viewer convenience, the content is shown below in the alternative language. You may click the link to switch the active language. Yata\u011fan Termik Santrali devir s\u00f6zle\u015fmesinin imzaland\u0131\u011f\u0131 bildirildi. \u00d6zelle\u015ftirme \u0130daresi Ba\u015fkanl\u0131\u011f\u0131ndan (\u00d6\u0130B) yap\u0131lan yaz\u0131l\u0131 a\u00e7\u0131klamaya g\u00f6re, \u00d6\u0130B Y\u00f6netim Kurulu\u2019nun 7 A\u011fustos 2014 tarihli [&hellip;]<\/p>\n","protected":false},"author":1,"featured_media":34112,"comment_status":"open","ping_status":"open","sticky":false,"template":"","format":"standard","meta":[],"categories":[53],"tags":[4720,19959,63,3136,1009,14662,1954,2998,10619],"views":744,"_links":{"self":[{"href":"https:\/\/www.enerjigazetesi.ist\/en\/wp-json\/wp\/v2\/posts\/34111"}],"collection":[{"href":"https:\/\/www.enerjigazetesi.ist\/en\/wp-json\/wp\/v2\/posts"}],"about":[{"href":"https:\/\/www.enerjigazetesi.ist\/en\/wp-json\/wp\/v2\/types\/post"}],"author":[{"embeddable":true,"href":"https:\/\/www.enerjigazetesi.ist\/en\/wp-json\/wp\/v2\/users\/1"}],"replies":[{"embeddable":true,"href":"https:\/\/www.enerjigazetesi.ist\/en\/wp-json\/wp\/v2\/comments?post=34111"}],"version-history":[{"count":1,"href":"https:\/\/www.enerjigazetesi.ist\/en\/wp-json\/wp\/v2\/posts\/34111\/revisions"}],"predecessor-version":[{"id":34113,"href":"https:\/\/www.enerjigazetesi.ist\/en\/wp-json\/wp\/v2\/posts\/34111\/revisions\/34113"}],"wp:featuredmedia":[{"embeddable":true,"href":"https:\/\/www.enerjigazetesi.ist\/en\/wp-json\/wp\/v2\/media\/34112"}],"wp:attachment":[{"href":"https:\/\/www.enerjigazetesi.ist\/en\/wp-json\/wp\/v2\/media?parent=34111"}],"wp:term":[{"taxonomy":"category","embeddable":true,"href":"https:\/\/www.enerjigazetesi.ist\/en\/wp-json\/wp\/v2\/categories?post=34111"},{"taxonomy":"post_tag","embeddable":true,"href":"https:\/\/www.enerjigazetesi.ist\/en\/wp-json\/wp\/v2\/tags?post=34111"}],"curies":[{"name":"wp","href":"https:\/\/api.w.org\/{rel}","templated":true}]}}