{"id":34084,"date":"2014-12-03T09:32:16","date_gmt":"2014-12-03T06:32:16","guid":{"rendered":"https:\/\/www.enerjigazetesi.ist\/?p=34084"},"modified":"2014-12-03T09:32:16","modified_gmt":"2014-12-03T06:32:16","slug":"elektrik-ureten-agac-gelistirildi-wind-tree","status":"publish","type":"post","link":"https:\/\/www.enerjigazetesi.ist\/en\/elektrik-ureten-agac-gelistirildi-wind-tree\/","title":{"rendered":"(Turkish) Elektrik \u00dcreten A\u011fa\u00e7 Geli\u015ftirildi: \u201cWind Tree\u201d"},"content":{"rendered":"<p class=\"qtranxs-available-languages-message qtranxs-available-languages-message-en\">Sorry, this entry is only available in <a href=\"https:\/\/www.enerjigazetesi.ist\/tr\/wp-json\/wp\/v2\/posts\/34084\" class=\"qtranxs-available-language-link qtranxs-available-language-link-tr\" title=\"Turkish\">Turkish<\/a>. For the sake of viewer convenience, the content is shown below in the alternative language. You may click the link to switch the active language.<\/p><p><\/p>\n<p style=\"color: #3c3c3c;\">\n<p style=\"color: #3c3c3c;\"><a href=\"https:\/\/www.enerjigazetesi.ist\/wp-content\/uploads\/2014\/12\/fransa-elektrik-ureten-agac-wind-tree.jpg\"><img loading=\"lazy\" class=\"aligncenter  wp-image-34085\" src=\"https:\/\/www.enerjigazetesi.ist\/wp-content\/uploads\/2014\/12\/fransa-elektrik-ureten-agac-wind-tree-300x150.jpg\" alt=\"fransa-elektrik-ureten-agac-wind-tree\" width=\"411\" height=\"243\" \/><\/a><\/p>\n<p style=\"color: #3c3c3c;\">\n<p style=\"color: #3c3c3c;\">\u015eehir merkezleri d\u00fc\u015f\u00fcn\u00fclerek tasarlanan \u2018Wind Tree\u2019 (r\u00fczg\u00e2r a\u011fac\u0131) 8 metre y\u00fcksekli\u011finde. \u0130lk prototip kuzeybat\u0131 Fransa\u2019da \u00e7al\u0131\u015fmaya ba\u015flad\u0131.<br \/>\n<span id=\"more-68627\"><\/span><\/p>\n<p style=\"color: #3c3c3c;\">Michaud-Larivi\u00e8re taraf\u0131ndan geli\u015ftirilen r\u00fczgar a\u011fac\u0131n\u0131n \u00fcnite ba\u015f\u0131na maliyeti\u00a023 bin sterlin (yakla\u015f\u0131k 80 bin lira). Y\u0131lda yakla\u015f\u0131k 320 g\u00fcn boyunca elektrik \u00fcretebiliyor. Bu s\u00fcre, geleneksel r\u00fczgar t\u00fcrbinlerinden yakla\u015f\u0131k 2 kat daha fazla. Geli\u015ftirici\u00a0Michaud-Larivi\u00e8re sebebini\u00a0\u015f\u00f6yle a\u00e7\u0131kl\u0131yor: kulland\u0131\u011f\u0131m\u0131z mikro boyuttaki jenerat\u00f6rler y\u0131l boyunca\u00a02 m\/s gibi \u00e7ok d\u00fc\u015f\u00fck r\u00fczgar h\u0131zlar\u0131nda dahi elektrik \u00fcretilebilmesini sa\u011fl\u0131yor.<\/p>\n<p style=\"color: #3c3c3c;\">R\u00fczgars\u0131z bir yaz g\u00fcn\u00fcnde, a\u011fa\u00e7lar\u0131n\u0131n g\u00f6r\u00fcnmez bir kuvvet ile hareketini\u00a0izlerken ilham alan\u00a0Larivi\u00e8re, acaba bu olaydan\u00a0ka\u00e7 watt enerji elde edebiliriz? diye sordu\u011funu, bunun\u00a0kendisinde merak uyand\u0131rd\u0131\u011f\u0131n\u0131 ve r\u00fczgar a\u011fac\u0131 fikrinin do\u011fdu\u011funu\u00a0s\u00f6yl\u00fcyor.<\/p>\n<p style=\"color: #3c3c3c;\">Geli\u015ftirici, r\u00fczgar a\u011fac\u0131n\u0131n 3,5 m\/s r\u00fczgar h\u0131z\u0131nda kendini 2 y\u0131lda amorti edebildi\u011fini iddia ediyor. Ne kadar net enerji \u00fcretebildi\u011fi hakk\u0131nda bilgi verilmeyen a\u011fac\u0131n sat\u0131\u015f\u0131 2015 y\u0131l\u0131nda ba\u015flayacak.<\/p>\n<p style=\"color: #3c3c3c;\">\n<p style=\"color: #3c3c3c;\"><a href=\"https:\/\/www.enerjigazetesi.ist\/wp-content\/uploads\/2014\/12\/fransa-elektrik-ureten-agac-wind-tree-enerji-prototip-teknoloji.jpg\"><img loading=\"lazy\" class=\"aligncenter  wp-image-34086\" src=\"https:\/\/www.enerjigazetesi.ist\/wp-content\/uploads\/2014\/12\/fransa-elektrik-ureten-agac-wind-tree-enerji-prototip-teknoloji-300x199.jpg\" alt=\"fransa-elektrik-ureten-agac-wind-tree-enerji-prototip-teknoloji\" width=\"391\" height=\"256\" \/><\/a><\/p>\n<p style=\"color: #3c3c3c;\">\n<p style=\"color: #3c3c3c;\">\n<p style=\"color: #3c3c3c;\"><img loading=\"lazy\" class=\"aligncenter  wp-image-34087\" src=\"https:\/\/www.enerjigazetesi.ist\/wp-content\/uploads\/2014\/12\/wind-tree-ruzgar-agaci-1-300x199.jpg\" alt=\"wind-tree-ruzgar-agaci (1)\" width=\"387\" height=\"199\" \/><\/p>\n<p style=\"color: #3c3c3c;\">\n<p style=\"color: #3c3c3c;\">Kaynak: Enerji Enstit\u00fcs\u00fc<\/p>\n<p><\/p>","protected":false},"excerpt":{"rendered":"<p>Sorry, this entry is only available in Turkish. For the sake of viewer convenience, the content is shown below in the alternative language. You may click the link to switch the active language. \u015eehir merkezleri d\u00fc\u015f\u00fcn\u00fclerek tasarlanan \u2018Wind Tree\u2019 (r\u00fczg\u00e2r a\u011fac\u0131) 8 metre y\u00fcksekli\u011finde. \u0130lk prototip kuzeybat\u0131 Fransa\u2019da \u00e7al\u0131\u015fmaya ba\u015flad\u0131. Michaud-Larivi\u00e8re taraf\u0131ndan geli\u015ftirilen r\u00fczgar a\u011fac\u0131n\u0131n [&hellip;]<\/p>\n","protected":false},"author":1,"featured_media":34085,"comment_status":"open","ping_status":"open","sticky":false,"template":"","format":"standard","meta":[],"categories":[51,53],"tags":[68,19590,19638,19945,63,3136,1009,19946,19947,19948],"views":1230,"_links":{"self":[{"href":"https:\/\/www.enerjigazetesi.ist\/en\/wp-json\/wp\/v2\/posts\/34084"}],"collection":[{"href":"https:\/\/www.enerjigazetesi.ist\/en\/wp-json\/wp\/v2\/posts"}],"about":[{"href":"https:\/\/www.enerjigazetesi.ist\/en\/wp-json\/wp\/v2\/types\/post"}],"author":[{"embeddable":true,"href":"https:\/\/www.enerjigazetesi.ist\/en\/wp-json\/wp\/v2\/users\/1"}],"replies":[{"embeddable":true,"href":"https:\/\/www.enerjigazetesi.ist\/en\/wp-json\/wp\/v2\/comments?post=34084"}],"version-history":[{"count":1,"href":"https:\/\/www.enerjigazetesi.ist\/en\/wp-json\/wp\/v2\/posts\/34084\/revisions"}],"predecessor-version":[{"id":34088,"href":"https:\/\/www.enerjigazetesi.ist\/en\/wp-json\/wp\/v2\/posts\/34084\/revisions\/34088"}],"wp:featuredmedia":[{"embeddable":true,"href":"https:\/\/www.enerjigazetesi.ist\/en\/wp-json\/wp\/v2\/media\/34085"}],"wp:attachment":[{"href":"https:\/\/www.enerjigazetesi.ist\/en\/wp-json\/wp\/v2\/media?parent=34084"}],"wp:term":[{"taxonomy":"category","embeddable":true,"href":"https:\/\/www.enerjigazetesi.ist\/en\/wp-json\/wp\/v2\/categories?post=34084"},{"taxonomy":"post_tag","embeddable":true,"href":"https:\/\/www.enerjigazetesi.ist\/en\/wp-json\/wp\/v2\/tags?post=34084"}],"curies":[{"name":"wp","href":"https:\/\/api.w.org\/{rel}","templated":true}]}}