{"id":34040,"date":"2014-12-02T10:28:06","date_gmt":"2014-12-02T07:28:06","guid":{"rendered":"https:\/\/www.enerjigazetesi.ist\/?p=34040"},"modified":"2014-12-02T10:28:22","modified_gmt":"2014-12-02T07:28:22","slug":"turkiye-elektrik-iletim-a-s-logosunu-degistirdi","status":"publish","type":"post","link":"https:\/\/www.enerjigazetesi.ist\/en\/turkiye-elektrik-iletim-a-s-logosunu-degistirdi\/","title":{"rendered":"(Turkish) T\u00fcrkiye Elektrik \u0130letim A.\u015e. Logosunu De\u011fi\u015ftirdi&#8230;"},"content":{"rendered":"<p class=\"qtranxs-available-languages-message qtranxs-available-languages-message-en\">Sorry, this entry is only available in <a href=\"https:\/\/www.enerjigazetesi.ist\/tr\/wp-json\/wp\/v2\/posts\/34040\" class=\"qtranxs-available-language-link qtranxs-available-language-link-tr\" title=\"Turkish\">Turkish<\/a>. For the sake of viewer convenience, the content is shown below in the alternative language. You may click the link to switch the active language.<\/p><p><\/p>\n<p style=\"color: #3c3c3c;\"><strong>T\u00fcrkiye Elektrik \u0130letim A.\u015e. (TE\u0130A\u015e) logosunu de\u011fi\u015ftirdi. Yeni logo \u00e7al\u0131\u015fmas\u0131 ambleminde bi\u00e7im olarak 3 par\u00e7a leke a\u011f\u0131<img loading=\"lazy\" class=\"alignright  wp-image-34041\" src=\"https:\/\/www.enerjigazetesi.ist\/wp-content\/uploads\/2014\/12\/teias-yeni-logo-degistirdi-248x300.png\" alt=\"teias-yeni-logo-degistirdi\" width=\"227\" height=\"242\" \/>rl\u0131kl\u0131 sembolik bir anlat\u0131mdan olu\u015fuyor.<br \/>\n<\/strong><span id=\"more-68591\"><\/span><\/p>\n<p style=\"color: #3c3c3c;\">TE\u0130A\u015e\u2019\u0131n gelecek vizyonunu sembolize eden amblemin renkleri g\u00f6ky\u00fcz\u00fc, elektrik ve teknolojinin rengi olan mavi ve mavinin ye\u015fil oran\u0131 y\u00fcksek daha koyu tonundan olu\u015fuyor.\u00a0G\u00f6ky\u00fcz\u00fc ve yery\u00fcz\u00fcn\u00fc temsil eden bu \u00fc\u00e7 lekenin bir araya gelmesi ile g\u00f6k ve yery\u00fcz\u00fcn\u00fcn aras\u0131nda bir iletim hatt\u0131n\u0131 sembolize eden ince bo\u015fluk, ayn\u0131 zamanda T harfi ile T\u00fcrkiye\u2019yi sembolize ediyor.<\/p>\n<p style=\"color: #3c3c3c;\">Logonun tipografisi se\u00e7ilirken amblemde dikkat edilen sade, modern, g\u00fc\u00e7l\u00fc duru\u015fa uygun olacak serifsiz bir yaz\u0131 karakteri olmas\u0131na dikkat edildi\u00a0ve logo \u00fczerinde yatay dikey konumland\u0131rmalar\u0131 amblemle uyumlu \u015fekilde farkl\u0131 versiyonlarda tasarland\u0131.<\/p>\n<p style=\"color: #3c3c3c;\">Kaynak: Enerji Enstit\u00fcs\u00fc<\/p>\n<p><\/p>","protected":false},"excerpt":{"rendered":"<p>Sorry, this entry is only available in Turkish. For the sake of viewer convenience, the content is shown below in the alternative language. You may click the link to switch the active language. T\u00fcrkiye Elektrik \u0130letim A.\u015e. (TE\u0130A\u015e) logosunu de\u011fi\u015ftirdi. Yeni logo \u00e7al\u0131\u015fmas\u0131 ambleminde bi\u00e7im olarak 3 par\u00e7a leke a\u011f\u0131rl\u0131kl\u0131 sembolik bir anlat\u0131mdan olu\u015fuyor. TE\u0130A\u015e\u2019\u0131n [&hellip;]<\/p>\n","protected":false},"author":1,"featured_media":34041,"comment_status":"open","ping_status":"open","sticky":false,"template":"","format":"standard","meta":[],"categories":[51,53],"tags":[68,19590,19638,63,3136,1009,1582,19911,19912,19913],"views":1225,"_links":{"self":[{"href":"https:\/\/www.enerjigazetesi.ist\/en\/wp-json\/wp\/v2\/posts\/34040"}],"collection":[{"href":"https:\/\/www.enerjigazetesi.ist\/en\/wp-json\/wp\/v2\/posts"}],"about":[{"href":"https:\/\/www.enerjigazetesi.ist\/en\/wp-json\/wp\/v2\/types\/post"}],"author":[{"embeddable":true,"href":"https:\/\/www.enerjigazetesi.ist\/en\/wp-json\/wp\/v2\/users\/1"}],"replies":[{"embeddable":true,"href":"https:\/\/www.enerjigazetesi.ist\/en\/wp-json\/wp\/v2\/comments?post=34040"}],"version-history":[{"count":2,"href":"https:\/\/www.enerjigazetesi.ist\/en\/wp-json\/wp\/v2\/posts\/34040\/revisions"}],"predecessor-version":[{"id":34043,"href":"https:\/\/www.enerjigazetesi.ist\/en\/wp-json\/wp\/v2\/posts\/34040\/revisions\/34043"}],"wp:featuredmedia":[{"embeddable":true,"href":"https:\/\/www.enerjigazetesi.ist\/en\/wp-json\/wp\/v2\/media\/34041"}],"wp:attachment":[{"href":"https:\/\/www.enerjigazetesi.ist\/en\/wp-json\/wp\/v2\/media?parent=34040"}],"wp:term":[{"taxonomy":"category","embeddable":true,"href":"https:\/\/www.enerjigazetesi.ist\/en\/wp-json\/wp\/v2\/categories?post=34040"},{"taxonomy":"post_tag","embeddable":true,"href":"https:\/\/www.enerjigazetesi.ist\/en\/wp-json\/wp\/v2\/tags?post=34040"}],"curies":[{"name":"wp","href":"https:\/\/api.w.org\/{rel}","templated":true}]}}