{"id":3395,"date":"2012-11-13T09:52:04","date_gmt":"2012-11-13T06:52:04","guid":{"rendered":"https:\/\/www.enerjigazetesi.ist\/?p=3395"},"modified":"2012-11-13T09:52:04","modified_gmt":"2012-11-13T06:52:04","slug":"enerji-ihtiyacini-ruzgardan-karsilamak-mumkun","status":"publish","type":"post","link":"https:\/\/www.enerjigazetesi.ist\/en\/enerji-ihtiyacini-ruzgardan-karsilamak-mumkun\/","title":{"rendered":"(Turkish) Enerji \u0130htiyac\u0131n\u0131 R\u00fczgardan Kar\u015f\u0131lamak M\u00fcmk\u00fcn"},"content":{"rendered":"<p class=\"qtranxs-available-languages-message qtranxs-available-languages-message-en\">Sorry, this entry is only available in <a href=\"https:\/\/www.enerjigazetesi.ist\/tr\/wp-json\/wp\/v2\/posts\/3395\" class=\"qtranxs-available-language-link qtranxs-available-language-link-tr\" title=\"Turkish\">Turkish<\/a>. For the sake of viewer convenience, the content is shown below in the alternative language. You may click the link to switch the active language.<\/p><p><strong>Eski Enerji ve Tabii Kaynaklar Bakan\u0131 Hilmi G\u00fcler, mevcut kaynaklar\u0131n zaman\u0131nda de\u011ferlendirilememesi sebebiyle do\u011falgaza mahkum oldu\u011fumuzu s\u00f6yledi. G\u00fcler, T\u00fcrkiye&#8217;nin enerji ihtiyac\u0131n\u0131n \u00f6nemli bir k\u0131sm\u0131n\u0131n r\u00fczgarla kar\u015f\u0131lanabilece\u011fini belirterek, &#8221; \u201cT\u00fcrkiye\u2019de 17 MW&#8217;l\u0131k r\u00fczgar trib\u00fcn\u00fc var. \u015euanda 2 bin 400 MW&#8217;ya ula\u015ft\u0131. Potansiyel ise 46 bin MW&#8217;t\u0131r. T\u00fcrkiye\u2019nin kulland\u0131\u011f\u0131 enerji ise 50-55 bin MW\u2019t\u0131r. Enerji ihtiyac\u0131n\u0131n \u00f6nemli bir k\u0131sm\u0131n\u0131 asl\u0131nda r\u00fczgarla kar\u015f\u0131layabiliriz.\u201d dedi.<\/strong><\/p>\n<p><img loading=\"lazy\" class=\"alignright size-medium wp-image-3396\" title=\"ruzgar-enerjisi-hilmi-guler\" src=\"https:\/\/www.enerjigazetesi.ist\/wp-content\/uploads\/2012\/11\/ruzgar-enerjisi-hilmi-guler-300x198.jpg\" alt=\"\" width=\"300\" height=\"198\" srcset=\"https:\/\/www.enerjigazetesi.ist\/wp-content\/uploads\/2012\/11\/ruzgar-enerjisi-hilmi-guler-300x198.jpg 300w, https:\/\/www.enerjigazetesi.ist\/wp-content\/uploads\/2012\/11\/ruzgar-enerjisi-hilmi-guler-75x50.jpg 75w, https:\/\/www.enerjigazetesi.ist\/wp-content\/uploads\/2012\/11\/ruzgar-enerjisi-hilmi-guler.jpg 400w\" sizes=\"(max-width: 300px) 100vw, 300px\" \/>Yenilenebilir kaynaklardan enerji \u00fcretimine dikkat \u00e7ekmek amac\u0131yla ENVERDER taraf\u0131ndan d\u00fczenlenen \u2018Uluslararas\u0131 Biyogaz \u00dcretim \u00c7al\u0131\u015ftay\u0131\u2019, Atat\u00fcrk Kongre K\u00fclt\u00fcr Merkezi (Merinos AKKM) Osmangazi Bat\u0131 Salonu\u2019nda yap\u0131ld\u0131. Bursa Teknik \u00dcniversitesi ve Karadeniz Teknik \u00dcniversitesi i\u015fbirli\u011fiyle Bursa B\u00fcy\u00fck\u015fehir Belediyesi\u2019nin ev sahipli\u011finde, Bursa Kent Konseyi b\u00fcnyesinde d\u00fczenlenen \u00e7al\u0131\u015ftaya, Eski Enerji ve Tabii Kaynaklar Bakan\u0131 Hilmi G\u00fcler, Vali Yard\u0131mc\u0131s\u0131 H\u00fcseyin Demirciler, Bursa B\u00fcy\u00fck\u015fehir Belediyesi Ba\u015fkanvekili Abdullah Karada\u011f, Bursa Kent Konseyi Ba\u015fkan\u0131 Semih Pala, \u00fcniversitelerin, \u00f6zel ve kamu sekt\u00f6r yetkilileri ile sivil toplum kurulu\u015flar\u0131n\u0131n temsilcileri kat\u0131ld\u0131.<\/p>\n<p>Eski Enerji ve Tabii Kaynaklar Bakan\u0131 Hilmi G\u00fcler, Bursa\u2019n\u0131n \u00f6nemli bir teknik potansiyele sahip oldu\u011funu belirtti. T\u00fcrkiye\u2019nin ciddi oranda tabii kayna\u011fa sahip olmas\u0131na ra\u011fmen y\u0131llarca fazla \u00fczerinde durulmad\u0131\u011f\u0131n\u0131 kaydeden G\u00fcler, \u201cT\u00fcrkiye\u2019de 17 MW&#8217;l\u0131k r\u00fczgar trib\u00fcn\u00fc var. \u015euanda 2 bin 400 MW&#8217;ya ula\u015ft\u0131. Potansiyel ise 46 bin MW&#8217;t\u0131r. T\u00fcrkiye\u2019nin kulland\u0131\u011f\u0131 enerji ise 50-55 bin MW\u2019t\u0131r. Enerji ihtiyac\u0131n\u0131n \u00f6nemli bir k\u0131sm\u0131n\u0131 asl\u0131nda r\u00fczgarla kar\u015f\u0131layabiliriz.\u201d dedi.<\/p>\n<p>Deprem b\u00f6lgesinde bulunan T\u00fcrkiye\u2019nin jeotermal zengini oldu\u011funu da dile getiren G\u00fcler, en \u00e7ok potansiyelinde Marmara B\u00f6lgesi\u2019nde oldu\u011funu s\u00f6yledi. Yap\u0131lacak sondajlarla yeni jeotermal kaynaklar\u0131n bulunabilece\u011fini anlatan G\u00fcler, \u015funlar\u0131 s\u00f6yledi: \u201cJeotermal kaynaklar tertemizdir. Vali \u015eahabettin Harput\u2019la beraber \u00e7al\u0131\u015farak Bursa\u2019da sondajlar yap\u0131ld\u0131. Bursa\u2019da hala yeni kaynaklar\u0131n bulunma imkan\u0131 var. 24 saat \u00e7al\u0131\u015ft\u0131r\u0131p, daha sonra so\u011fuyan suyu tekrar yer alt\u0131na basarak devir daim yapmak m\u00fcmk\u00fcnd\u00fcr. Kutuplara en yak\u0131n \u00fclkelerden olan \u0130zlanda\u2019ya gitti\u011fimde her yerin jeotermalle \u0131s\u0131nd\u0131\u011f\u0131n\u0131 g\u00f6rd\u00fcm. Kaynaklar\u0131m\u0131z varken, zaman\u0131nda de\u011ferlendirmedi\u011fimiz i\u00e7in do\u011falgaza mahkum olduk. D\u00fcnyay\u0131 durdurup yeniden planlama yapacak olsak enerji kaynaklar\u0131m\u0131z\u0131n \u00e7o\u011funu de\u011ferlendirebilirdik.\u201d<\/p>\n<p>Bursa B\u00fcy\u00fck\u015fehir Belediyesi Ba\u015fkanvekili Abdullah Karada\u011f ise d\u00fcnyan\u0131n ve T\u00fcrkiye\u2019nin geli\u015fimine paralel olarak Bursa\u2019n\u0131n da h\u0131zla geli\u015fti\u011fini s\u00f6yledi. Bursa\u2019n\u0131n nimetleri bol olan bir b\u00f6lge oldu\u011funu belirten Karada\u011f, Bursa B\u00fcy\u00fck\u015fehir Belediyesi\u2019nin en b\u00fcy\u00fck harcama kalemlerinden birisinin temizlik ve \u00e7\u00f6p oldu\u011funu ifade etti. Termik santrallerden birka\u00e7 kat daha fazla \u00fcretim yapabilecek tesislerin Bursa\u2019da kurulmas\u0131n\u0131 temenni eden Karada\u011f, Bursa B\u00fcy\u00fck\u015fehir Belediyesi\u2019nin her zaman \u015fehrin menfaatine olan yat\u0131r\u0131mlar\u0131n yan\u0131nda oldu\u011funu s\u00f6yledi.<\/p>\n<p>ENVERDER Bursa \u015eube Ba\u015fkan\u0131 Dr. Mustafa Uysal, biyogaz diye bilinen geri d\u00f6n\u00fc\u015f\u00fcm y\u00f6ntemiyle y\u00fczde 60-80 metan i\u00e7erikli yan\u0131c\u0131 bir \u00fcretildi\u011fini s\u00f6yledi. At\u0131klardan enerji d\u00f6n\u00fc\u015f\u00fcm\u00fcne y\u00f6nelik T\u00fcrkiye\u2019de \u00e7ok \u00f6nemli potansiyel olmas\u0131na ra\u011fmen de\u011ferlendirilmedi\u011fini belirten Uysal, Avrupa\u2019da kat\u0131 at\u0131klar\u0131n biyogaza d\u00f6n\u00fc\u015ft\u00fcr\u00fclmesinin zorunlu oldu\u011funu hat\u0131rlatt\u0131. T\u00fcrkiye\u2019de sadece baz\u0131 belediyelerin ve i\u015fletmelerin biyogaz tesisi kurarak enerjiden faydaland\u0131\u011f\u0131n\u0131 anlatan Uysal, \u015f\u00f6yle konu\u015ftu: \u201cTahminen potansiyelin y\u00fczde 1\u2019i bile kullan\u0131lm\u0131yor. Biyo at\u0131klar\u0131n d\u00f6n\u00fc\u015ft\u00fcr\u00fclmesinde istenilen performans\u0131 g\u00f6steremedik. Sadece belediyelerimizde kat\u0131 at\u0131klar\u0131n geri d\u00f6n\u00fc\u015f\u00fcm\u00fc ile 700 mw elektrik elde edebilirdik. Bu rakam, Keles\u2019te yap\u0131lmas\u0131 d\u00fc\u015f\u00fcn\u00fclen termik santralin 3 kat\u0131na yak\u0131nd\u0131r. \u00c7\u00f6pten enerji \u00fcretilmesi \u00fclkemizde ilk defa Bursa B\u00fcy\u00fck\u015fehir Belediyesi taraf\u0131ndan yap\u0131ld\u0131. Hamitler \u00c7\u00f6p Depolama alan\u0131nda 8 mw g\u00fcc\u00fcnde biyogaz \u00fcretim tesisi bu y\u0131l devreye al\u0131nd\u0131. Gelecekte buradan 24 mw elektrik \u00fcretilerek 15 bin ki\u015filik bir \u015fehri ayd\u0131nlatacak enerji elde edilecek. E\u011fer Hamitler \u00e7\u00f6p alan\u0131ndaki at\u0131klar\u0131 bundan sonra depolamadan do\u011frudan bertaraf etse idik \u00fcretime 60 mw daha ilave gelecekti.\u201d<\/p>\n<p>Bursa\u2019da ciddi miktarda yemek, yem, hayvansal ve sebze at\u0131klar\u0131 bulundu\u011funu ifade eden Uysal, yak\u0131n zamanda Bursa B\u00fcy\u00fck\u015fehir Belediyesi taraf\u0131ndan T\u00fcrkiye\u2019ye \u00f6rnek bir biyogaz elde etme tesisi i\u00e7in \u00e7al\u0131\u015fmalar\u0131n ba\u015flat\u0131laca\u011f\u0131n\u0131 dile getirdi.<\/p>\n<p>Vali Yard\u0131mc\u0131s\u0131 H\u00fcseyin Demirciler, T\u00fcrkiye\u2019nin \u00e7ok zengin enerji yataklar\u0131n\u0131n \u00fczerinde oturdu\u011funu vurgulad\u0131. Buna ra\u011fmen enerji yat\u0131r\u0131mlar\u0131n\u0131n genelde engellerle kar\u015f\u0131la\u015ft\u0131\u011f\u0131n\u0131 anlatan Demirciler, santral yap\u0131m\u0131na kar\u015f\u0131 duranlar\u0131n enerjinin nereden \u00fcretilece\u011fini de g\u00f6stermesi gerekti\u011fini ifade etti.<\/p>\n<p>Kaynak: <a href=\"http:\/\/www.haber10.com\/haber\/312620\/\" target=\"_blank\">Haber10<\/a><\/p>","protected":false},"excerpt":{"rendered":"<p>Sorry, this entry is only available in Turkish. For the sake of viewer convenience, the content is shown below in the alternative language. You may click the link to switch the active language.Eski Enerji ve Tabii Kaynaklar Bakan\u0131 Hilmi G\u00fcler, mevcut kaynaklar\u0131n zaman\u0131nda de\u011ferlendirilememesi sebebiyle do\u011falgaza mahkum oldu\u011fumuzu s\u00f6yledi. G\u00fcler, T\u00fcrkiye&#8217;nin enerji ihtiyac\u0131n\u0131n \u00f6nemli bir [&hellip;]<\/p>\n","protected":false},"author":1,"featured_media":3396,"comment_status":"open","ping_status":"open","sticky":false,"template":"","format":"standard","meta":[],"categories":[53,50],"tags":[67,69,16],"views":970,"_links":{"self":[{"href":"https:\/\/www.enerjigazetesi.ist\/en\/wp-json\/wp\/v2\/posts\/3395"}],"collection":[{"href":"https:\/\/www.enerjigazetesi.ist\/en\/wp-json\/wp\/v2\/posts"}],"about":[{"href":"https:\/\/www.enerjigazetesi.ist\/en\/wp-json\/wp\/v2\/types\/post"}],"author":[{"embeddable":true,"href":"https:\/\/www.enerjigazetesi.ist\/en\/wp-json\/wp\/v2\/users\/1"}],"replies":[{"embeddable":true,"href":"https:\/\/www.enerjigazetesi.ist\/en\/wp-json\/wp\/v2\/comments?post=3395"}],"version-history":[{"count":1,"href":"https:\/\/www.enerjigazetesi.ist\/en\/wp-json\/wp\/v2\/posts\/3395\/revisions"}],"predecessor-version":[{"id":3397,"href":"https:\/\/www.enerjigazetesi.ist\/en\/wp-json\/wp\/v2\/posts\/3395\/revisions\/3397"}],"wp:featuredmedia":[{"embeddable":true,"href":"https:\/\/www.enerjigazetesi.ist\/en\/wp-json\/wp\/v2\/media\/3396"}],"wp:attachment":[{"href":"https:\/\/www.enerjigazetesi.ist\/en\/wp-json\/wp\/v2\/media?parent=3395"}],"wp:term":[{"taxonomy":"category","embeddable":true,"href":"https:\/\/www.enerjigazetesi.ist\/en\/wp-json\/wp\/v2\/categories?post=3395"},{"taxonomy":"post_tag","embeddable":true,"href":"https:\/\/www.enerjigazetesi.ist\/en\/wp-json\/wp\/v2\/tags?post=3395"}],"curies":[{"name":"wp","href":"https:\/\/api.w.org\/{rel}","templated":true}]}}