{"id":33899,"date":"2014-11-27T14:00:01","date_gmt":"2014-11-27T11:00:01","guid":{"rendered":"https:\/\/www.enerjigazetesi.ist\/?p=33899"},"modified":"2014-11-27T14:00:01","modified_gmt":"2014-11-27T11:00:01","slug":"almanya-enerji-donusumu-hedeflerinin-gerisinde-kaldi","status":"publish","type":"post","link":"https:\/\/www.enerjigazetesi.ist\/en\/almanya-enerji-donusumu-hedeflerinin-gerisinde-kaldi\/","title":{"rendered":"(Turkish) Almanya, Enerji D\u00f6n\u00fc\u015f\u00fcm\u00fc Hedeflerinin Gerisinde Kald\u0131&#8230;"},"content":{"rendered":"<p class=\"qtranxs-available-languages-message qtranxs-available-languages-message-en\">Sorry, this entry is only available in <a href=\"https:\/\/www.enerjigazetesi.ist\/tr\/wp-json\/wp\/v2\/posts\/33899\" class=\"qtranxs-available-language-link qtranxs-available-language-link-tr\" title=\"Turkish\">Turkish<\/a>. For the sake of viewer convenience, the content is shown below in the alternative language. You may click the link to switch the active language.<\/p><p><\/p>\n<p style=\"color: #3c3c3c;\"><strong>Alman bas\u0131n\u0131nda yeralan haberlere g\u00f6re Federal Alman h\u00fck\u00fcmetinin g\u00fcne\u015f enerjisinden elektrik \u00fcreten solar sistemlerin art\u0131r\u0131lmas\u0131 konusundaki belirledi\u011fi hedefe ula\u015famayaca\u011f\u0131 bildirildi.<span id=\"more-68402\"><\/span>\u00a0\u2018S\u00fcddeutsche Zeitung\u2019 gazetesinin haberinde, 2,5 gigawatl\u0131k fotovoltaik sistemlerin kurulmas\u0131 hedefinin \u00e7ok alt\u0131nda kal\u0131nd\u0131\u011f\u0131 kaydedildi.<\/strong><\/p>\n<p style=\"color: #3c3c3c;\">Alman gazetesinin kaynak olarak verdi\u011fi<a href=\"https:\/\/www.enerjigazetesi.ist\/wp-content\/uploads\/2014\/11\/almanya-enerji-donusumu-hedeflerinin-gerisinde-kaldi.jpg\"><img loading=\"lazy\" class=\"alignleft size-medium wp-image-33900\" src=\"https:\/\/www.enerjigazetesi.ist\/wp-content\/uploads\/2014\/11\/almanya-enerji-donusumu-hedeflerinin-gerisinde-kaldi-300x164.jpg\" alt=\"almanya-enerji-donusumu-hedeflerinin-gerisinde-kaldi\" width=\"300\" height=\"164\" srcset=\"https:\/\/www.enerjigazetesi.ist\/wp-content\/uploads\/2014\/11\/almanya-enerji-donusumu-hedeflerinin-gerisinde-kaldi-300x164.jpg 300w, https:\/\/www.enerjigazetesi.ist\/wp-content\/uploads\/2014\/11\/almanya-enerji-donusumu-hedeflerinin-gerisinde-kaldi-500x274.jpg 500w, https:\/\/www.enerjigazetesi.ist\/wp-content\/uploads\/2014\/11\/almanya-enerji-donusumu-hedeflerinin-gerisinde-kaldi-80x43.jpg 80w, https:\/\/www.enerjigazetesi.ist\/wp-content\/uploads\/2014\/11\/almanya-enerji-donusumu-hedeflerinin-gerisinde-kaldi.jpg 735w\" sizes=\"(max-width: 300px) 100vw, 300px\" \/><\/a> Solar \u015eirketler Birli\u011fi BSW, bu y\u0131l \u015fimdiye kadar yaln\u0131zca 1,7 gigawata ula\u015f\u0131labildi\u011fini bildirdi. Y\u0131l sonuna kadar 0,3 gigawatl\u0131k sistemlerin daha kurulabilece\u011fi, b\u00f6ylece en fazla 2 gigawatl\u0131k solar sistemin tamamlanabilece\u011fi belirtildi. Ge\u00e7en y\u0131la g\u00f6re bu durumda y\u00fczde 40 daha az solar sistem kurulmu\u015f olacak.<\/p>\n<p style=\"color: #3c3c3c;\">BSW y\u00f6neticisi Carsten K\u00f6rnig, sekt\u00f6r\u00fcn alarm verdi\u011fini, tam da fotovoltaik sistemlerin ucuzlad\u0131\u011f\u0131 \u015fu s\u0131ralarda Federal h\u00fck\u00fcmet taraf\u0131ndan yava\u015flat\u0131ld\u0131\u011f\u0131n\u0131 s\u00f6yledi.<\/p>\n<p style=\"color: #3c3c3c;\">Muhalefet partisi Ye\u015filler\u2019den Julia Verlinden, Federal h\u00fck\u00fcmetin yenilenebilir enerjiye verilen te\u015fvikler konusunda yapt\u0131\u011f\u0131 olumsuz de\u011fi\u015fikli\u011fin faturas\u0131n\u0131 ald\u0131\u011f\u0131n\u0131 belirtti. Yaz\u0131n yap\u0131lan kanun de\u011fi\u015fikli\u011fi ile yenilenebilir enerji sekt\u00f6r\u00fcndeki geni\u015fletme ve te\u015fvik miktarlar\u0131 azalt\u0131lm\u0131\u015ft\u0131.<\/p>\n<p style=\"color: #3c3c3c;\">Gazetede yeralan haberde, r\u00fczgar enerjisinden elektrik \u00fcretmek i\u00e7in kurulan sistemlerin Federal h\u00fck\u00fcmetin planlad\u0131\u011f\u0131ndan \u00e7ok daha fazla olmas\u0131 nedeniyle yenilenebilir enerjide bir dengelenme olabilece\u011fi kaydedildi. Ancak buna ra\u011fmen politikac\u0131lar\u0131n yenilenebilir enerji sekt\u00f6r\u00fcnde geni\u015f \u00e7apl\u0131 bir gerileme g\u00f6r\u00fclmesinden endi\u015fe ettikleri dile getirildi.<\/p>\n<p style=\"color: #3c3c3c;\">Kaynak: <a href=\"http:\/\/enerjienstitusu.com\/2014\/11\/27\/almanya-enerji-donusumu-hedeflerinin-gerisinde-kaldi\/\" target=\"_blank\" rel=\"nofollow\">Enerji Enstit\u00fcs\u00fc<\/a><\/p>\n<p><\/p>","protected":false},"excerpt":{"rendered":"<p>Sorry, this entry is only available in Turkish. For the sake of viewer convenience, the content is shown below in the alternative language. You may click the link to switch the active language. Alman bas\u0131n\u0131nda yeralan haberlere g\u00f6re Federal Alman h\u00fck\u00fcmetinin g\u00fcne\u015f enerjisinden elektrik \u00fcreten solar sistemlerin art\u0131r\u0131lmas\u0131 konusundaki belirledi\u011fi hedefe ula\u015famayaca\u011f\u0131 bildirildi.\u00a0\u2018S\u00fcddeutsche Zeitung\u2019 gazetesinin [&hellip;]<\/p>\n","protected":false},"author":1,"featured_media":33900,"comment_status":"open","ping_status":"open","sticky":false,"template":"","format":"standard","meta":[],"categories":[53,49],"tags":[929,68,19590,19638,19811,19,63,1564,67,1009,165,607,227,13,16,3940],"views":803,"_links":{"self":[{"href":"https:\/\/www.enerjigazetesi.ist\/en\/wp-json\/wp\/v2\/posts\/33899"}],"collection":[{"href":"https:\/\/www.enerjigazetesi.ist\/en\/wp-json\/wp\/v2\/posts"}],"about":[{"href":"https:\/\/www.enerjigazetesi.ist\/en\/wp-json\/wp\/v2\/types\/post"}],"author":[{"embeddable":true,"href":"https:\/\/www.enerjigazetesi.ist\/en\/wp-json\/wp\/v2\/users\/1"}],"replies":[{"embeddable":true,"href":"https:\/\/www.enerjigazetesi.ist\/en\/wp-json\/wp\/v2\/comments?post=33899"}],"version-history":[{"count":1,"href":"https:\/\/www.enerjigazetesi.ist\/en\/wp-json\/wp\/v2\/posts\/33899\/revisions"}],"predecessor-version":[{"id":33901,"href":"https:\/\/www.enerjigazetesi.ist\/en\/wp-json\/wp\/v2\/posts\/33899\/revisions\/33901"}],"wp:featuredmedia":[{"embeddable":true,"href":"https:\/\/www.enerjigazetesi.ist\/en\/wp-json\/wp\/v2\/media\/33900"}],"wp:attachment":[{"href":"https:\/\/www.enerjigazetesi.ist\/en\/wp-json\/wp\/v2\/media?parent=33899"}],"wp:term":[{"taxonomy":"category","embeddable":true,"href":"https:\/\/www.enerjigazetesi.ist\/en\/wp-json\/wp\/v2\/categories?post=33899"},{"taxonomy":"post_tag","embeddable":true,"href":"https:\/\/www.enerjigazetesi.ist\/en\/wp-json\/wp\/v2\/tags?post=33899"}],"curies":[{"name":"wp","href":"https:\/\/api.w.org\/{rel}","templated":true}]}}