{"id":33872,"date":"2014-11-26T10:45:07","date_gmt":"2014-11-26T07:45:07","guid":{"rendered":"https:\/\/www.enerjigazetesi.ist\/?p=33872"},"modified":"2014-11-26T10:45:07","modified_gmt":"2014-11-26T07:45:07","slug":"enerji-yatirimlarinda-gerekli-izinlerin-alinma-sureci-cok-karmasik","status":"publish","type":"post","link":"https:\/\/www.enerjigazetesi.ist\/en\/enerji-yatirimlarinda-gerekli-izinlerin-alinma-sureci-cok-karmasik\/","title":{"rendered":"(Turkish) Enerji Yat\u0131r\u0131mlar\u0131nda Gerekli \u0130zinlerin Al\u0131nma S\u00fcreci \u00c7ok Karma\u015f\u0131k!"},"content":{"rendered":"<p class=\"qtranxs-available-languages-message qtranxs-available-languages-message-en\">Sorry, this entry is only available in <a href=\"https:\/\/www.enerjigazetesi.ist\/tr\/wp-json\/wp\/v2\/posts\/33872\" class=\"qtranxs-available-language-link qtranxs-available-language-link-tr\" title=\"Turkish\">Turkish<\/a>. For the sake of viewer convenience, the content is shown below in the alternative language. You may click the link to switch the active language.<\/p><p><strong><span style=\"color: #3c3c3c;\">Global Enerji Derne\u011fi\u2019nce Congresium Ankara Uluslararas\u0131 Kongre ve Fuar Merkezi\u2019nde 7. Uluslararas\u0131 Enerji Kongresi ve Fuar\u0131\u00a0d\u00fczenlendi. Kongrede konu\u015fan, Elektrik \u00dcreticileri Derne\u011fi Genel Sekreteri Obahan Obao\u011flu, enerji yat\u0131r\u0131mlar\u0131nda 24 ile 36 ay aras\u0131nda \u00f6n lisans izin s\u00fcrecinin s\u00f6z konusu oldu\u011funu ifade eden Obao\u011flu, bu s\u00fcrenin gerekli izinleri almak i\u00e7in yeterli olmayabilece\u011fini ve yat\u0131r\u0131mc\u0131y\u0131 kayg\u0131land\u0131rd\u0131\u011f\u0131n\u0131 belirtti.<\/span><\/strong><\/p>\n<p style=\"color: #3c3c3c;\">Enerji yat\u0131r\u0131mlar\u0131n\u0131 ger\u00e7ekle\u015ftirirken ge<a href=\"https:\/\/www.enerjigazetesi.ist\/wp-content\/uploads\/2014\/11\/enerji-onlisans-izinler-epdk-santral.jpg\"><img loading=\"lazy\" class=\"alignleft  wp-image-33873\" src=\"https:\/\/www.enerjigazetesi.ist\/wp-content\/uploads\/2014\/11\/enerji-onlisans-izinler-epdk-santral-300x140.jpg\" alt=\"enerji-onlisans-izinler-epdk-santral\" width=\"334\" height=\"208\" \/><\/a>rekli izinlerin al\u0131nma s\u00fcrecinin \u00e7ok karma\u015f\u0131k oldu\u011funu \u00f6ne s\u00fcren Obao\u011flu, \u201c\u0130zin s\u00fcre\u00e7leri bir\u00e7ok farkl\u0131 kurumda y\u00fcr\u00fcyor ve kurumlar aras\u0131nda uygulama farkl\u0131l\u0131klar\u0131 olmas\u0131 yat\u0131r\u0131mc\u0131lar\u0131 ciddi anlamda zorluyor. Bir kurumun izni ba\u015fka bir kurumun iznine ba\u011fl\u0131 oluyor, bu sebeple s\u00fcre\u00e7 t\u0131kanabiliyor\u201d dedi.<\/p>\n<h3 style=\"color: #232323;\">Jeotermal Alanlar Daha De\u011ferli<\/h3>\n<p style=\"color: #3c3c3c;\">MB Holding Genel M\u00fcd\u00fcr\u00fc Muharrem Balat da jeotermal alanlar\u0131n, petrol, do\u011falgaz ve k\u00f6m\u00fcrden daha de\u011ferli oldu\u011f belirterek, \u201c\u00c7\u00fcnk\u00fc bunlar bitebilir, jeotermal bitmez t\u00fckenmez bir \u015fekilde \u00fclkeye hizmet verir. Ger\u00e7ek bir yenilenebilir enerji kayna\u011f\u0131d\u0131r\u201d diye konu\u015ftu.<\/p>\n<h3 style=\"color: #232323;\"><\/h3>\n<h3 style=\"color: #232323;\">\u00c7ED Raporu \u0130\u00e7in\u00a04-5 Ay Beklemek Cinayettir<\/h3>\n<p style=\"color: #3c3c3c;\">Jeotermal kuyusu kazabilmek i\u00e7in gereken \u00c7evresel Etki De\u011ferlendirme (\u00c7ED) raporunu almak i\u00e7in 4-5 ay beklediklerini bildiren Balat, \u201cBu bir cinayettir. Yat\u0131r\u0131mc\u0131n\u0131n \u00f6n\u00fcn\u00fc kesmektir. Bir jeotermal alanda \u00c7ED raporu verilmi\u015fse, o b\u00f6lgede kaz\u0131lacak di\u011fer kuyular\u0131n da ayn\u0131 rapor kapsam\u0131nda kaz\u0131labilmesi laz\u0131m\u201d de\u011ferlendirmesinde bulundu.<\/p>\n<p style=\"color: #3c3c3c;\">Kaynak: Enerji Enstit\u00fcs\u00fc<\/p>\n<p><\/p>","protected":false},"excerpt":{"rendered":"<p>Sorry, this entry is only available in Turkish. For the sake of viewer convenience, the content is shown below in the alternative language. You may click the link to switch the active language.Global Enerji Derne\u011fi\u2019nce Congresium Ankara Uluslararas\u0131 Kongre ve Fuar Merkezi\u2019nde 7. Uluslararas\u0131 Enerji Kongresi ve Fuar\u0131\u00a0d\u00fczenlendi. Kongrede konu\u015fan, Elektrik \u00dcreticileri Derne\u011fi Genel Sekreteri [&hellip;]<\/p>\n","protected":false},"author":1,"featured_media":33873,"comment_status":"open","ping_status":"open","sticky":false,"template":"","format":"standard","meta":[],"categories":[53],"tags":[68,19590,19638,63,3136,1009,19790,19791,19792,19793],"views":786,"_links":{"self":[{"href":"https:\/\/www.enerjigazetesi.ist\/en\/wp-json\/wp\/v2\/posts\/33872"}],"collection":[{"href":"https:\/\/www.enerjigazetesi.ist\/en\/wp-json\/wp\/v2\/posts"}],"about":[{"href":"https:\/\/www.enerjigazetesi.ist\/en\/wp-json\/wp\/v2\/types\/post"}],"author":[{"embeddable":true,"href":"https:\/\/www.enerjigazetesi.ist\/en\/wp-json\/wp\/v2\/users\/1"}],"replies":[{"embeddable":true,"href":"https:\/\/www.enerjigazetesi.ist\/en\/wp-json\/wp\/v2\/comments?post=33872"}],"version-history":[{"count":1,"href":"https:\/\/www.enerjigazetesi.ist\/en\/wp-json\/wp\/v2\/posts\/33872\/revisions"}],"predecessor-version":[{"id":33874,"href":"https:\/\/www.enerjigazetesi.ist\/en\/wp-json\/wp\/v2\/posts\/33872\/revisions\/33874"}],"wp:featuredmedia":[{"embeddable":true,"href":"https:\/\/www.enerjigazetesi.ist\/en\/wp-json\/wp\/v2\/media\/33873"}],"wp:attachment":[{"href":"https:\/\/www.enerjigazetesi.ist\/en\/wp-json\/wp\/v2\/media?parent=33872"}],"wp:term":[{"taxonomy":"category","embeddable":true,"href":"https:\/\/www.enerjigazetesi.ist\/en\/wp-json\/wp\/v2\/categories?post=33872"},{"taxonomy":"post_tag","embeddable":true,"href":"https:\/\/www.enerjigazetesi.ist\/en\/wp-json\/wp\/v2\/tags?post=33872"}],"curies":[{"name":"wp","href":"https:\/\/api.w.org\/{rel}","templated":true}]}}