{"id":33866,"date":"2014-11-26T10:28:45","date_gmt":"2014-11-26T07:28:45","guid":{"rendered":"https:\/\/www.enerjigazetesi.ist\/?p=33866"},"modified":"2014-11-26T10:28:45","modified_gmt":"2014-11-26T07:28:45","slug":"ucuncu-nukleer-santral-icin-iki-sirketle-iyi-niyet-anlasmasi-yapildi","status":"publish","type":"post","link":"https:\/\/www.enerjigazetesi.ist\/en\/ucuncu-nukleer-santral-icin-iki-sirketle-iyi-niyet-anlasmasi-yapildi\/","title":{"rendered":"(Turkish) \u00dc\u00e7\u00fcnc\u00fc N\u00fckleer Santral \u0130\u00e7in \u0130ki \u015eirketle \u0130yi Niyet Anla\u015fmas\u0131 Yap\u0131ld\u0131&#8230;"},"content":{"rendered":"<p class=\"qtranxs-available-languages-message qtranxs-available-languages-message-en\">Sorry, this entry is only available in <a href=\"https:\/\/www.enerjigazetesi.ist\/tr\/wp-json\/wp\/v2\/posts\/33866\" class=\"qtranxs-available-language-link qtranxs-available-language-link-tr\" title=\"Turkish\">Turkish<\/a>. For the sake of viewer convenience, the content is shown below in the alternative language. You may click the link to switch the active language.<\/p><p><\/p>\n<p style=\"color: #3c3c3c;\"><strong>Elektrik \u00dcretim A\u015e (E\u00dcA\u015e) Genel M\u00fcd\u00fcr\u00fc Halil Al\u0131\u015f, T\u00fcrkiye\u2019de yap\u0131lmas\u0131 planlanan \u00fc\u00e7\u00fcnc\u00fc n\u00fckleer santral i\u00e7in iki \u015firketle \u201ciyi niyet anla\u015fmas\u0131\u201d yap\u0131ld\u0131\u011f\u0131n\u0131 s\u00f6yledi.<a href=\"https:\/\/www.enerjigazetesi.ist\/wp-content\/uploads\/2014\/11\/n\u00fckleer-santral-nss-23798329.jpg\"><img loading=\"lazy\" class=\"alignleft size-medium wp-image-33867\" src=\"https:\/\/www.enerjigazetesi.ist\/wp-content\/uploads\/2014\/11\/n\u00fckleer-santral-nss-23798329-300x192.jpg\" alt=\"n\u00fckleer-santral-nss-23798329\" width=\"300\" height=\"192\" srcset=\"https:\/\/www.enerjigazetesi.ist\/wp-content\/uploads\/2014\/11\/n\u00fckleer-santral-nss-23798329-300x192.jpg 300w, https:\/\/www.enerjigazetesi.ist\/wp-content\/uploads\/2014\/11\/n\u00fckleer-santral-nss-23798329-500x320.jpg 500w, https:\/\/www.enerjigazetesi.ist\/wp-content\/uploads\/2014\/11\/n\u00fckleer-santral-nss-23798329-77x50.jpg 77w, https:\/\/www.enerjigazetesi.ist\/wp-content\/uploads\/2014\/11\/n\u00fckleer-santral-nss-23798329.jpg 870w\" sizes=\"(max-width: 300px) 100vw, 300px\" \/><\/a><\/strong><span id=\"more-68368\"><\/span><\/p>\n<p style=\"color: #3c3c3c;\">Al\u0131\u015f, Global Enerji Derne\u011fince Congresium Ankara Uluslararas\u0131 Kongre ve Fuar Merkezi\u2019nde d\u00fczenlenen 7. Uluslararas\u0131 Enerji Kongresi ve Fuar\u0131\u2019nda, \u00fc\u00e7\u00fcnc\u00fc n\u00fckleer santrale ili\u015fkin de\u011ferlendirmede bulundu.<\/p>\n<p style=\"color: #3c3c3c;\">E\u00dcA\u015e\u2019\u0131n, ABD\u2019li Westinghouse ve \u00c7inli SNPTC \u015firketleriyle \u00fc\u00e7\u00fcnc\u00fc n\u00fckleer santral konusunda yapt\u0131\u011f\u0131 g\u00f6r\u00fc\u015fmelerin ilk defa oldu\u011funu belirten Al\u0131\u015f, \u201c\u00dc\u00e7\u00fcnc\u00fc n\u00fckleer santral hen\u00fcz h\u00fck\u00fcmet program\u0131nda yok. Bir iyi niyet anla\u015fmas\u0131 yapt\u0131k. \u00c7al\u0131\u015fma yapacaklar. Fizibilite bulurlarsa Westinghouse ve \u00c7in\u2019li firma daha sonra uluslararas\u0131 anla\u015fma yapmak \u00fczere T\u00fcrk h\u00fck\u00fcmetine ba\u015fvuracaklar. \u00d6n \u00e7al\u0131\u015fma. Di\u011fer n\u00fckleerlerde b\u00f6yle bir \u00e7al\u0131\u015fma olmam\u0131\u015ft\u0131. \u0130lk defa oluyor\u201d diye konu\u015ftu.<\/p>\n<p style=\"color: #3c3c3c;\">Kaynak: Enerji Enstit\u00fcs\u00fc<\/p>\n<p><\/p>","protected":false},"excerpt":{"rendered":"<p>Sorry, this entry is only available in Turkish. For the sake of viewer convenience, the content is shown below in the alternative language. You may click the link to switch the active language. Elektrik \u00dcretim A\u015e (E\u00dcA\u015e) Genel M\u00fcd\u00fcr\u00fc Halil Al\u0131\u015f, T\u00fcrkiye\u2019de yap\u0131lmas\u0131 planlanan \u00fc\u00e7\u00fcnc\u00fc n\u00fckleer santral i\u00e7in iki \u015firketle \u201ciyi niyet anla\u015fmas\u0131\u201d yap\u0131ld\u0131\u011f\u0131n\u0131 s\u00f6yledi. [&hellip;]<\/p>\n","protected":false},"author":1,"featured_media":33867,"comment_status":"open","ping_status":"open","sticky":false,"template":"","format":"standard","meta":[],"categories":[53,43],"tags":[19783,19784,68,19590,19638,9118,63,1033,19785,5217],"views":752,"_links":{"self":[{"href":"https:\/\/www.enerjigazetesi.ist\/en\/wp-json\/wp\/v2\/posts\/33866"}],"collection":[{"href":"https:\/\/www.enerjigazetesi.ist\/en\/wp-json\/wp\/v2\/posts"}],"about":[{"href":"https:\/\/www.enerjigazetesi.ist\/en\/wp-json\/wp\/v2\/types\/post"}],"author":[{"embeddable":true,"href":"https:\/\/www.enerjigazetesi.ist\/en\/wp-json\/wp\/v2\/users\/1"}],"replies":[{"embeddable":true,"href":"https:\/\/www.enerjigazetesi.ist\/en\/wp-json\/wp\/v2\/comments?post=33866"}],"version-history":[{"count":1,"href":"https:\/\/www.enerjigazetesi.ist\/en\/wp-json\/wp\/v2\/posts\/33866\/revisions"}],"predecessor-version":[{"id":33868,"href":"https:\/\/www.enerjigazetesi.ist\/en\/wp-json\/wp\/v2\/posts\/33866\/revisions\/33868"}],"wp:featuredmedia":[{"embeddable":true,"href":"https:\/\/www.enerjigazetesi.ist\/en\/wp-json\/wp\/v2\/media\/33867"}],"wp:attachment":[{"href":"https:\/\/www.enerjigazetesi.ist\/en\/wp-json\/wp\/v2\/media?parent=33866"}],"wp:term":[{"taxonomy":"category","embeddable":true,"href":"https:\/\/www.enerjigazetesi.ist\/en\/wp-json\/wp\/v2\/categories?post=33866"},{"taxonomy":"post_tag","embeddable":true,"href":"https:\/\/www.enerjigazetesi.ist\/en\/wp-json\/wp\/v2\/tags?post=33866"}],"curies":[{"name":"wp","href":"https:\/\/api.w.org\/{rel}","templated":true}]}}