{"id":33840,"date":"2014-11-25T16:09:29","date_gmt":"2014-11-25T13:09:29","guid":{"rendered":"https:\/\/www.enerjigazetesi.ist\/?p=33840"},"modified":"2014-11-25T16:09:29","modified_gmt":"2014-11-25T13:09:29","slug":"almanya-sekiz-termik-santrali-daha-kapatabilir","status":"publish","type":"post","link":"https:\/\/www.enerjigazetesi.ist\/en\/almanya-sekiz-termik-santrali-daha-kapatabilir\/","title":{"rendered":"(Turkish) Almanya Sekiz Termik Santrali Daha Kapatabilir&#8230;"},"content":{"rendered":"<p class=\"qtranxs-available-languages-message qtranxs-available-languages-message-en\">Sorry, this entry is only available in <a href=\"https:\/\/www.enerjigazetesi.ist\/tr\/wp-json\/wp\/v2\/posts\/33840\" class=\"qtranxs-available-language-link qtranxs-available-language-link-tr\" title=\"Turkish\">Turkish<\/a>. For the sake of viewer convenience, the content is shown below in the alternative language. You may click the link to switch the active language.<\/p><p><\/p>\n<p style=\"color: #3c3c3c;\"><strong>\u0130klim hedeflerini yakalamaya \u00e7al\u0131\u015fan Almanya, enerji \u015firketlerinin sekiz k\u00f6m\u00fcr santralini daha kapatmas\u0131n\u0131 gerektirecek d\u00fczenlemeler \u00fczerinde \u00e7al\u0131\u015f\u0131yor.<\/strong><span id=\"more-68324\"><\/span><\/p>\n<p style=\"color: #3c3c3c;\">Ekonomi Bakanl\u0131\u011f\u0131\u2019n\u0131n haz\u0131rlad\u0131\u011f\u0131 bir yasa tasar\u0131s\u0131na g\u00f6re enerji \u015firketlerinden, karbon emisyonlar\u0131n\u0131 2020 y\u0131l\u0131na kadar 22 milyon ton daha azaltmalar\u0131 istenecek. <a href=\"https:\/\/www.enerjigazetesi.ist\/wp-content\/uploads\/2014\/11\/almanya-termik-santral-2378239873.jpg\"><img loading=\"lazy\" class=\"alignright size-medium wp-image-33841\" src=\"https:\/\/www.enerjigazetesi.ist\/wp-content\/uploads\/2014\/11\/almanya-termik-santral-2378239873-300x225.jpg\" alt=\"almanya-termik-santral-2378239873\" width=\"300\" height=\"225\" srcset=\"https:\/\/www.enerjigazetesi.ist\/wp-content\/uploads\/2014\/11\/almanya-termik-santral-2378239873-300x225.jpg 300w, https:\/\/www.enerjigazetesi.ist\/wp-content\/uploads\/2014\/11\/almanya-termik-santral-2378239873-500x375.jpg 500w, https:\/\/www.enerjigazetesi.ist\/wp-content\/uploads\/2014\/11\/almanya-termik-santral-2378239873-66x50.jpg 66w, https:\/\/www.enerjigazetesi.ist\/wp-content\/uploads\/2014\/11\/almanya-termik-santral-2378239873.jpg 800w\" sizes=\"(max-width: 300px) 100vw, 300px\" \/><\/a>Kapat\u0131lmalar\u0131 i\u00e7in halihaz\u0131rda ba\u015fvuruda bulunulan 50 tesis burada say\u0131lmayaca\u011f\u0131 i\u00e7in, sekiz termik santralin daha kapat\u0131lmas\u0131 gerekecek.<\/p>\n<p style=\"color: #3c3c3c;\">Avrupa\u2019n\u0131n en b\u00fcy\u00fck ekonomisine sahip olan Almanya, sera gaz\u0131 emisyonlar\u0131n\u0131 2020 y\u0131l\u0131nda 1990 seviyelerine g\u00f6re y\u00fczde 40 oran\u0131nda azaltmay\u0131 hedefliyor. Ancak \u00c7evre Bakanl\u0131\u011f\u0131, bu hedefi y\u00fczde 5 ile 8 puan aras\u0131nda bir farkla \u0131skalayabilecekleri uyar\u0131s\u0131nda bulunuyor.<\/p>\n<p style=\"color: #3c3c3c;\">Almanya\u2019da \u00e7evre dostu enerjinin pay\u0131 son y\u0131llarda h\u0131zla artarak toplam\u0131n y\u00fczde 25\u2019ine ula\u015ft\u0131. Ancak \u00e7evreciler, ge\u00e7ti\u011fimiz y\u0131l elektrik \u00fcretiminin yakla\u015f\u0131k yar\u0131s\u0131n\u0131 k\u00f6m\u00fcrden kar\u015f\u0131layan Almanya\u2019n\u0131n termik santrallere ba\u011f\u0131ml\u0131l\u0131\u011f\u0131n\u0131 eli\u015ftiriyor.<\/p>\n<p style=\"color: #3c3c3c;\">Reuters\u2019\u0131n ula\u015ft\u0131\u011f\u0131 yasa tasar\u0131s\u0131n\u0131n kabul edilmesi halinde Alman \u015firketlere \u2018azami esneklik\u2019 tan\u0131nacak ve bu \u015firketler, hangi santralleri kapataca\u011f\u0131na kendileri karar verebilecek.<\/p>\n<p style=\"color: #3c3c3c;\">H\u00fck\u00fcmetin, 3 Aral\u0131k\u2019ta yeni bir iklim paketini kabul etmesi bekleniyor. Berlin, yenilenebilir kaynaklar\u0131n toplam \u00fcretimdeki pay\u0131n\u0131 2025\u2019te y\u00fczde 40-45\u2019e, 2035\u2019te ise y\u00fczde 55-60\u2019a \u00e7\u0131karmak istiyor.<\/p>\n<p style=\"color: #3c3c3c;\">Ekim ay\u0131nda, emisyonlar\u0131 2030\u2019a kadar y\u00fczde 40 oran\u0131nda azaltma konusunda AB \u00e7ap\u0131nda anla\u015fma sa\u011flanm\u0131\u015ft\u0131.<\/p>\n<p style=\"color: #3c3c3c;\">Kaynak: Enerji Enstit\u00fcs\u00fc<\/p>\n<p><\/p>","protected":false},"excerpt":{"rendered":"<p>Sorry, this entry is only available in Turkish. For the sake of viewer convenience, the content is shown below in the alternative language. You may click the link to switch the active language. \u0130klim hedeflerini yakalamaya \u00e7al\u0131\u015fan Almanya, enerji \u015firketlerinin sekiz k\u00f6m\u00fcr santralini daha kapatmas\u0131n\u0131 gerektirecek d\u00fczenlemeler \u00fczerinde \u00e7al\u0131\u015f\u0131yor. Ekonomi Bakanl\u0131\u011f\u0131\u2019n\u0131n haz\u0131rlad\u0131\u011f\u0131 bir yasa tasar\u0131s\u0131na [&hellip;]<\/p>\n","protected":false},"author":1,"featured_media":33841,"comment_status":"open","ping_status":"open","sticky":false,"template":"","format":"standard","meta":[],"categories":[53],"tags":[19767,68,19590,19638,19,63,2069,3460,2533,1534],"views":795,"_links":{"self":[{"href":"https:\/\/www.enerjigazetesi.ist\/en\/wp-json\/wp\/v2\/posts\/33840"}],"collection":[{"href":"https:\/\/www.enerjigazetesi.ist\/en\/wp-json\/wp\/v2\/posts"}],"about":[{"href":"https:\/\/www.enerjigazetesi.ist\/en\/wp-json\/wp\/v2\/types\/post"}],"author":[{"embeddable":true,"href":"https:\/\/www.enerjigazetesi.ist\/en\/wp-json\/wp\/v2\/users\/1"}],"replies":[{"embeddable":true,"href":"https:\/\/www.enerjigazetesi.ist\/en\/wp-json\/wp\/v2\/comments?post=33840"}],"version-history":[{"count":1,"href":"https:\/\/www.enerjigazetesi.ist\/en\/wp-json\/wp\/v2\/posts\/33840\/revisions"}],"predecessor-version":[{"id":33842,"href":"https:\/\/www.enerjigazetesi.ist\/en\/wp-json\/wp\/v2\/posts\/33840\/revisions\/33842"}],"wp:featuredmedia":[{"embeddable":true,"href":"https:\/\/www.enerjigazetesi.ist\/en\/wp-json\/wp\/v2\/media\/33841"}],"wp:attachment":[{"href":"https:\/\/www.enerjigazetesi.ist\/en\/wp-json\/wp\/v2\/media?parent=33840"}],"wp:term":[{"taxonomy":"category","embeddable":true,"href":"https:\/\/www.enerjigazetesi.ist\/en\/wp-json\/wp\/v2\/categories?post=33840"},{"taxonomy":"post_tag","embeddable":true,"href":"https:\/\/www.enerjigazetesi.ist\/en\/wp-json\/wp\/v2\/tags?post=33840"}],"curies":[{"name":"wp","href":"https:\/\/api.w.org\/{rel}","templated":true}]}}