{"id":33817,"date":"2014-11-24T14:54:31","date_gmt":"2014-11-24T11:54:31","guid":{"rendered":"https:\/\/www.enerjigazetesi.ist\/?p=33817"},"modified":"2014-11-24T15:03:57","modified_gmt":"2014-11-24T12:03:57","slug":"yargitayin-elektrik-faturasinda-haksiz-tahsilat-karari-tuketicileri-umutlandirdi","status":"publish","type":"post","link":"https:\/\/www.enerjigazetesi.ist\/en\/yargitayin-elektrik-faturasinda-haksiz-tahsilat-karari-tuketicileri-umutlandirdi\/","title":{"rendered":"(Turkish) Yarg\u0131tay\u2019dan \u201cElektrik Faturas\u0131nda Haks\u0131z Tahsilat\u201d Karar\u0131&#8230;"},"content":{"rendered":"<p class=\"qtranxs-available-languages-message qtranxs-available-languages-message-en\">Sorry, this entry is only available in <a href=\"https:\/\/www.enerjigazetesi.ist\/tr\/wp-json\/wp\/v2\/posts\/33817\" class=\"qtranxs-available-language-link qtranxs-available-language-link-tr\" title=\"Turkish\">Turkish<\/a>. For the sake of viewer convenience, the content is shown below in the alternative language. You may click the link to switch the active language.<\/p><p><\/p>\n<p style=\"color: #3c3c3c;\"><strong>Yarg\u0131tay 3. Hukuk Dairesi\u2019nin elektrik faturas\u0131nda kay\u0131p ka\u00e7ak dahil 5 kalemde haks\u0131z tahsilat yap\u0131ld\u0131\u011f\u0131na ili\u015fkin karar\u0131 t\u00fcketicileri harekete ge\u00e7irdi.\u00a0<span id=\"more-68305\"><\/span>Vatanda\u015flar, Yarg\u0131tay\u2019\u0131n emsal karar\u0131n\u0131 isteyip dava a\u00e7acaklar\u0131n\u0131 belirtti. Bu kapsamda faturadaki haks\u0131z bedelin <a href=\"https:\/\/www.enerjigazetesi.ist\/wp-content\/uploads\/2014\/11\/elektrik-fatura-38902390231.jpg\"><img loading=\"lazy\" class=\"alignleft size-medium wp-image-33818\" src=\"https:\/\/www.enerjigazetesi.ist\/wp-content\/uploads\/2014\/11\/elektrik-fatura-38902390231-300x224.jpg\" alt=\"elektrik-fatura-3890239023\" width=\"300\" height=\"224\" srcset=\"https:\/\/www.enerjigazetesi.ist\/wp-content\/uploads\/2014\/11\/elektrik-fatura-38902390231-300x224.jpg 300w, https:\/\/www.enerjigazetesi.ist\/wp-content\/uploads\/2014\/11\/elektrik-fatura-38902390231-500x374.jpg 500w, https:\/\/www.enerjigazetesi.ist\/wp-content\/uploads\/2014\/11\/elektrik-fatura-38902390231-66x50.jpg 66w, https:\/\/www.enerjigazetesi.ist\/wp-content\/uploads\/2014\/11\/elektrik-fatura-38902390231.jpg 870w\" sizes=\"(max-width: 300px) 100vw, 300px\" \/><\/a>rakam\u0131 da belli oldu.<\/strong><\/p>\n<h3 style=\"color: #3c3c3c;\"><strong>ORTALAMA 120 L\u0130RA<\/strong><\/h3>\n<p style=\"color: #3c3c3c;\">T\u00fcrkiye\u2019de 34 milyon civar\u0131nda mesken ve ticari abone bulunuyor. Bu abonelere ortalama 120 liral\u0131k fatura geldi\u011fi d\u00fc\u015f\u00fcn\u00fcld\u00fc\u011f\u00fcnde 10 y\u0131l geriye d\u00f6n\u00fck olarak dava a\u00e7\u0131lmas\u0131 durumunda toplam rakam\u0131n 40,8 milyar liray\u0131 bulaca\u011f\u0131 belirtiliyor. T\u00fcketicinin kayb\u0131 ise her faturada yakla\u015f\u0131k y\u00fczde 21\u2019e denk geliyor. Buna g\u00f6re haks\u0131z tahsil edilen bedel 8,5 milyar liraya ula\u015f\u0131yor.<\/p>\n<h3 style=\"color: #3c3c3c;\">TEDA\u015e\u2019I ETK\u0130LEYECEK<\/h3>\n<p style=\"color: #3c3c3c;\">Yarg\u0131 kaynaklar\u0131, elektrik \u015firketlerinin \u00f6zelle\u015ftirildi\u011fi tarihten \u00f6nceki haks\u0131z tahsil edilen faturalardan ise TEDA\u015e\u2019\u0131n sorumlu oldu\u011funu belirtti. \u00d6zelle\u015ftirmeden \u00f6nceki alacaklarla ilgili iade karar\u0131 verilirse, da\u011f\u0131t\u0131m \u015firketinin bunu TEDA\u015e\u2019a r\u00fccu edece\u011fi belirtildi.<\/p>\n<h3 style=\"color: #3c3c3c;\">5 KALEMDE HAKSIZ TAHS\u0130LAT<\/h3>\n<p style=\"color: #3c3c3c;\">Yarg\u0131tay 3. Hukuk Dairesi, Bursa\u2019da Uluda\u011f Elektrik\u2019in abonesi M.G. isimli bir vatanda\u015f\u0131n a\u00e7t\u0131\u011f\u0131 davada emsal bir karar ald\u0131. Daire, elektrik faturas\u0131ndaki kay\u0131p ka\u00e7ak, saya\u00e7 okuma, da\u011f\u0131t\u0131m, perakende sat\u0131\u015f hizmet ve iletim sistemi kullan\u0131m bedeli ad\u0131 alt\u0131nda al\u0131nan paran\u0131n iadesine karar veren Bursa 1. T\u00fcketici Mahkemesi\u2019nin karar\u0131n\u0131 onam\u0131\u015ft\u0131. \u0130lgili kararda 584 liral\u0131k faturan\u0131n 257,44 liras\u0131n\u0131n haks\u0131z tahsil edildi\u011fi vurgulanm\u0131\u015ft\u0131.<\/p>\n<p style=\"color: #3c3c3c;\">Kaynak: Enerji Enstit\u00fcs\u00fc<\/p>\n<p><\/p>","protected":false},"excerpt":{"rendered":"<p>Sorry, this entry is only available in Turkish. For the sake of viewer convenience, the content is shown below in the alternative language. You may click the link to switch the active language. Yarg\u0131tay 3. Hukuk Dairesi\u2019nin elektrik faturas\u0131nda kay\u0131p ka\u00e7ak dahil 5 kalemde haks\u0131z tahsilat yap\u0131ld\u0131\u011f\u0131na ili\u015fkin karar\u0131 t\u00fcketicileri harekete ge\u00e7irdi.\u00a0Vatanda\u015flar, Yarg\u0131tay\u2019\u0131n emsal karar\u0131n\u0131 [&hellip;]<\/p>\n","protected":false},"author":1,"featured_media":33818,"comment_status":"open","ping_status":"open","sticky":false,"template":"","format":"standard","meta":[],"categories":[51,53],"tags":[68,1229,19590,19638,8239,63,19751,4237,1216,19752],"views":1153,"_links":{"self":[{"href":"https:\/\/www.enerjigazetesi.ist\/en\/wp-json\/wp\/v2\/posts\/33817"}],"collection":[{"href":"https:\/\/www.enerjigazetesi.ist\/en\/wp-json\/wp\/v2\/posts"}],"about":[{"href":"https:\/\/www.enerjigazetesi.ist\/en\/wp-json\/wp\/v2\/types\/post"}],"author":[{"embeddable":true,"href":"https:\/\/www.enerjigazetesi.ist\/en\/wp-json\/wp\/v2\/users\/1"}],"replies":[{"embeddable":true,"href":"https:\/\/www.enerjigazetesi.ist\/en\/wp-json\/wp\/v2\/comments?post=33817"}],"version-history":[{"count":2,"href":"https:\/\/www.enerjigazetesi.ist\/en\/wp-json\/wp\/v2\/posts\/33817\/revisions"}],"predecessor-version":[{"id":33823,"href":"https:\/\/www.enerjigazetesi.ist\/en\/wp-json\/wp\/v2\/posts\/33817\/revisions\/33823"}],"wp:featuredmedia":[{"embeddable":true,"href":"https:\/\/www.enerjigazetesi.ist\/en\/wp-json\/wp\/v2\/media\/33818"}],"wp:attachment":[{"href":"https:\/\/www.enerjigazetesi.ist\/en\/wp-json\/wp\/v2\/media?parent=33817"}],"wp:term":[{"taxonomy":"category","embeddable":true,"href":"https:\/\/www.enerjigazetesi.ist\/en\/wp-json\/wp\/v2\/categories?post=33817"},{"taxonomy":"post_tag","embeddable":true,"href":"https:\/\/www.enerjigazetesi.ist\/en\/wp-json\/wp\/v2\/tags?post=33817"}],"curies":[{"name":"wp","href":"https:\/\/api.w.org\/{rel}","templated":true}]}}