{"id":33759,"date":"2014-11-23T16:07:56","date_gmt":"2014-11-23T13:07:56","guid":{"rendered":"https:\/\/www.enerjigazetesi.ist\/?p=33759"},"modified":"2014-11-23T16:10:00","modified_gmt":"2014-11-23T13:10:00","slug":"2-jeotermal-fuari-22-24-ocakta-ankarada-duzenlenecek","status":"publish","type":"post","link":"https:\/\/www.enerjigazetesi.ist\/en\/2-jeotermal-fuari-22-24-ocakta-ankarada-duzenlenecek\/","title":{"rendered":"(Turkish) 2.Jeotermal Fuar\u0131 22 \u2013 24 Ocak\u2019ta Ankara\u2019da D\u00fczenlenecek&#8230;"},"content":{"rendered":"<p class=\"qtranxs-available-languages-message qtranxs-available-languages-message-en\">Sorry, this entry is only available in <a href=\"https:\/\/www.enerjigazetesi.ist\/tr\/wp-json\/wp\/v2\/posts\/33759\" class=\"qtranxs-available-language-link qtranxs-available-language-link-tr\" title=\"Turkish\">Turkish<\/a>. For the sake of viewer convenience, the content is shown below in the alternative language. You may click the link to switch the active language.<\/p><p><strong>T\u00fcrkiye\u2019de ikinci kez d\u00fczenlenecek olan Jeotermal Fuar\u0131, 22 \u2013 24 Ocak 2015 tarihlerinde Ankara\u2019da ziyaret\u00e7ileriyle bulu\u015facak.<\/strong><\/p>\n<p>Demos Fuarc\u0131l\u0131k taraf\u0131ndan organize edilen <strong>2.Jeotermal Enerji Teknolojileri ve Ekipmanlar\u0131 Fuar\u0131 &#8211; EXPO GEOTHERMAL<\/strong>, Ba\u015fkent\u2019te ATO Congresium\u2019da sekt\u00f6r temsilcilerini a\u011f\u0131rlayacak. 3 g\u00fcn s\u00fcrecek olan fuarda Kosgeb deste\u011fi de olacak.<a href=\"https:\/\/www.enerjigazetesi.ist\/wp-content\/uploads\/2014\/05\/jeotermal-enerjiye-30-milyon-lira-yatirilacak-2.jpg\"><img loading=\"lazy\" class=\"alignright size-medium wp-image-26013\" src=\"https:\/\/www.enerjigazetesi.ist\/wp-content\/uploads\/2014\/05\/jeotermal-enerjiye-30-milyon-lira-yatirilacak-2-300x199.jpg\" alt=\"jeotermal-enerji\" width=\"300\" height=\"199\" srcset=\"https:\/\/www.enerjigazetesi.ist\/wp-content\/uploads\/2014\/05\/jeotermal-enerjiye-30-milyon-lira-yatirilacak-2-300x199.jpg 300w, https:\/\/www.enerjigazetesi.ist\/wp-content\/uploads\/2014\/05\/jeotermal-enerjiye-30-milyon-lira-yatirilacak-2-75x50.jpg 75w, https:\/\/www.enerjigazetesi.ist\/wp-content\/uploads\/2014\/05\/jeotermal-enerjiye-30-milyon-lira-yatirilacak-2.jpg 500w\" sizes=\"(max-width: 300px) 100vw, 300px\" \/><\/a><\/p>\n<p><strong>Enerji Sekt\u00f6r\u00fcn\u00fcn G\u00f6z\u00fc Bu Fuarda<\/strong><\/p>\n<p>\u0130lki Kas\u0131m 2012\u2019de Denizli\u2019de d\u00fczenlenen ve olduk\u00e7a ilgi \u00e7eken Jeotermal Fuar\u0131\u2019n\u0131 destekleyen kurulu\u015flar aras\u0131nda;<\/p>\n<p>Jeotermal Kaynakl\u0131 Belediyeler Birli\u011fi Jeoloji ve Jeofizik M\u00fchendisleri Derne\u011fi Jeofizik M\u00fchendisleri Odas\u0131 yer almaktad\u0131r. D\u00fcnya\u2019da Jeotermal enerjinin kullan\u0131m\u0131 bak\u0131m\u0131ndan 7.s\u0131rada bulunan \u00fclkemizde, bu denli \u00f6nemli bir enerjinin kullan\u0131m\u0131n\u0131n yayg\u0131nla\u015fmas\u0131, hem g\u00fcn\u00fcm\u00fcz hem de gelecek ku\u015faklar i\u00e7in b\u00fcy\u00fck bir \u00f6nem ta\u015f\u0131maktad\u0131r.<\/p>\n<p>\u00d6zellikle sanayi alan\u0131nda daha fazla enerjiye ihtiya\u00e7 duydu\u011fumuz bu g\u00fcnlerde, yeni jeotermal sahalar\u0131n\u0131n a\u00e7\u0131lmas\u0131 ve buralara enerji tesisleri yap\u0131lmas\u0131 art\u0131k zorunlu hale gelmi\u015ftir. Devlet destekli projelerin de \u00e7o\u011fald\u0131\u011f\u0131 bu g\u00fcnlerde yeni tesisleri in\u015fa eden firmalar, buralarda kullan\u0131lacak ekipmanlar\u0131 \u00fcreten kurulu\u015flar i\u00e7in Expo Geothermal, ideal bir platform niteli\u011finde.<\/p>\n<p><strong>22 \u2013 24 Ocak 2015<\/strong> tarihlerindeki<strong> 2.Jeotermal Fuar\u0131\u2019na<\/strong> kat\u0131lmak i\u00e7in ayr\u0131nt\u0131l\u0131 bilgi :<\/p>\n<p><a href=\"http:\/\/www.demosfuar.com.tr\/\">www.demosfuar.com.tr<\/a> Yetkili : Fatih Atlas Tel\u00a0\u00a0\u00a0\u00a0\u00a0\u00a0 : 0 212 288 02 06 E-Mail : fatlas@demosfuar.com.tr<\/p>\n<p>Yay\u0131nc\u0131: <a href=\"https:\/\/www.enerjigazetesi.ist\" target=\"_blank\">Enerji Gazetesi<\/a><\/p>","protected":false},"excerpt":{"rendered":"<p>Sorry, this entry is only available in Turkish. For the sake of viewer convenience, the content is shown below in the alternative language. You may click the link to switch the active language.T\u00fcrkiye\u2019de ikinci kez d\u00fczenlenecek olan Jeotermal Fuar\u0131, 22 \u2013 24 Ocak 2015 tarihlerinde Ankara\u2019da ziyaret\u00e7ileriyle bulu\u015facak. Demos Fuarc\u0131l\u0131k taraf\u0131ndan organize edilen 2.Jeotermal Enerji [&hellip;]<\/p>\n","protected":false},"author":1,"featured_media":26013,"comment_status":"open","ping_status":"open","sticky":false,"template":"","format":"standard","meta":[],"categories":[53,48],"tags":[19336,12815,63,67,1009,165,19335,58,56,19719],"views":1090,"_links":{"self":[{"href":"https:\/\/www.enerjigazetesi.ist\/en\/wp-json\/wp\/v2\/posts\/33759"}],"collection":[{"href":"https:\/\/www.enerjigazetesi.ist\/en\/wp-json\/wp\/v2\/posts"}],"about":[{"href":"https:\/\/www.enerjigazetesi.ist\/en\/wp-json\/wp\/v2\/types\/post"}],"author":[{"embeddable":true,"href":"https:\/\/www.enerjigazetesi.ist\/en\/wp-json\/wp\/v2\/users\/1"}],"replies":[{"embeddable":true,"href":"https:\/\/www.enerjigazetesi.ist\/en\/wp-json\/wp\/v2\/comments?post=33759"}],"version-history":[{"count":4,"href":"https:\/\/www.enerjigazetesi.ist\/en\/wp-json\/wp\/v2\/posts\/33759\/revisions"}],"predecessor-version":[{"id":33763,"href":"https:\/\/www.enerjigazetesi.ist\/en\/wp-json\/wp\/v2\/posts\/33759\/revisions\/33763"}],"wp:featuredmedia":[{"embeddable":true,"href":"https:\/\/www.enerjigazetesi.ist\/en\/wp-json\/wp\/v2\/media\/26013"}],"wp:attachment":[{"href":"https:\/\/www.enerjigazetesi.ist\/en\/wp-json\/wp\/v2\/media?parent=33759"}],"wp:term":[{"taxonomy":"category","embeddable":true,"href":"https:\/\/www.enerjigazetesi.ist\/en\/wp-json\/wp\/v2\/categories?post=33759"},{"taxonomy":"post_tag","embeddable":true,"href":"https:\/\/www.enerjigazetesi.ist\/en\/wp-json\/wp\/v2\/tags?post=33759"}],"curies":[{"name":"wp","href":"https:\/\/api.w.org\/{rel}","templated":true}]}}