{"id":33740,"date":"2014-11-22T21:25:16","date_gmt":"2014-11-22T18:25:16","guid":{"rendered":"https:\/\/www.enerjigazetesi.ist\/?p=33740"},"modified":"2014-11-22T21:25:16","modified_gmt":"2014-11-22T18:25:16","slug":"atlantik-konseyi-enerji-ve-ekonomi-zirvesinde-diplomasi-trafigi","status":"publish","type":"post","link":"https:\/\/www.enerjigazetesi.ist\/en\/atlantik-konseyi-enerji-ve-ekonomi-zirvesinde-diplomasi-trafigi\/","title":{"rendered":"(Turkish) Atlantik Konseyi Enerji ve Ekonomi Zirvesi\u2019nde Diplomasi Trafi\u011fi!"},"content":{"rendered":"<p class=\"qtranxs-available-languages-message qtranxs-available-languages-message-en\">Sorry, this entry is only available in <a href=\"https:\/\/www.enerjigazetesi.ist\/tr\/wp-json\/wp\/v2\/posts\/33740\" class=\"qtranxs-available-language-link qtranxs-available-language-link-tr\" title=\"Turkish\">Turkish<\/a>. For the sake of viewer convenience, the content is shown below in the alternative language. You may click the link to switch the active language.<\/p><p><\/p>\n<p style=\"color: #3c3c3c;\"><strong>Bakan Y\u0131ld\u0131z Atlantik Konseyi Enerji ve Ekonomi Zirvesi kapsam\u0131nda 10 yabanc\u0131 bakan ve \u00e7ok say\u0131da \u00fcst d\u00fczey yetkili ile g\u00f6r\u00fc\u015ft\u00fc. Enerji ve Tabii Kaynaklar Bakan\u0131 Taner Y\u0131ld\u0131z, Borsa \u0130stanbul, Chevron, Halkbank ve THY i\u015f ortakl\u0131\u011f\u0131nda d\u00fczenlenen Atlantik Konseyi Enerji ve Ekonomi Zirvesi kapsam\u0131nda 10 yabanc\u0131 bakan ve \u00e7ok say\u0131da \u00fcst d\u00fczey yetkili ile g\u00f6r\u00fc\u015ft\u00fc.<a href=\"https:\/\/www.enerjigazetesi.ist\/wp-content\/uploads\/2014\/11\/atlantik-konseyi-enerji-ve-ekonomi-zirvesinde-diplomasi-trafigi.jpg\"><img loading=\"lazy\" class=\"alignright size-medium wp-image-33741\" src=\"https:\/\/www.enerjigazetesi.ist\/wp-content\/uploads\/2014\/11\/atlantik-konseyi-enerji-ve-ekonomi-zirvesinde-diplomasi-trafigi-300x229.jpg\" alt=\"atlantik-konseyi-enerji-ve-ekonomi-zirvesinde-diplomasi-trafigi\" width=\"300\" height=\"229\" srcset=\"https:\/\/www.enerjigazetesi.ist\/wp-content\/uploads\/2014\/11\/atlantik-konseyi-enerji-ve-ekonomi-zirvesinde-diplomasi-trafigi-300x229.jpg 300w, https:\/\/www.enerjigazetesi.ist\/wp-content\/uploads\/2014\/11\/atlantik-konseyi-enerji-ve-ekonomi-zirvesinde-diplomasi-trafigi-500x382.jpg 500w, https:\/\/www.enerjigazetesi.ist\/wp-content\/uploads\/2014\/11\/atlantik-konseyi-enerji-ve-ekonomi-zirvesinde-diplomasi-trafigi-65x50.jpg 65w, https:\/\/www.enerjigazetesi.ist\/wp-content\/uploads\/2014\/11\/atlantik-konseyi-enerji-ve-ekonomi-zirvesinde-diplomasi-trafigi.jpg 660w\" sizes=\"(max-width: 300px) 100vw, 300px\" \/><\/a><\/strong><\/p>\n<p style=\"color: #3c3c3c;\">10 bakan ve d\u00fcnyaca \u00fcnl\u00fc kurum ve kurulu\u015flar\u0131n \u00fcst d\u00fczey yetkili ile g\u00f6r\u00fc\u015fen Y\u0131ld\u0131z, zirvenin d\u00fcn ger\u00e7ekle\u015fen\u00a0birinci g\u00fcn\u00fcnde \u00f6nce ABD Enerji Bakan\u0131 Ernest Moniz ile kahvalt\u0131da bir araya geldi.<\/p>\n<p style=\"color: #3c3c3c;\">Ard\u0131ndan Atlantik Konseyi \u00dcst Y\u00f6neticisi (CEO) Frederick Kempe ile g\u00f6r\u00fc\u015fen Y\u0131ld\u0131z, g\u00fcn boyunca AB Komiseri Miguel Arias Canete, Irak Petrol Bakan\u0131 Adil Abdel Mehdi, \u00d6zbekistan D\u0131\u015f Ekonomik \u0130li\u015fkiler Bakan\u0131 Elyor Majidovich Ganiev, Romanya Enerjiden Sorumlu Devlet Bakan\u0131 Razvan Nicolescu, Yunanistan \u00c7evre, Enerji ve \u0130klim De\u011fi\u015fikli\u011fi Bakan\u0131 Yannis Maniatis, Litvanya Enerji Bakan\u0131 Rokas Masiulis, Tacikistan Enerji ve Su Kaynaklar\u0131 Bakan\u0131 Usmonali Usmonzoda, Irak K\u00fcrt B\u00f6lgesel Y\u00f6netimi (IKBY) Tabi Kaynaklar Bakan\u0131 Ashti Hawrami, BP G\u00fcney Koridoru Ba\u015fkan Yard\u0131mc\u0131s\u0131 Joe Murphy ile GE \u015eirketi MENA ve T\u00fcrkiye \u00dcst Y\u00f6neticisi (CEO) Rami Qasem\u2019le ikili g\u00f6r\u00fc\u015fmeler ger\u00e7ekle\u015ftirdi.<\/p>\n<p style=\"color: #3c3c3c;\">Y\u0131ld\u0131z, zirvenin ikinci g\u00fcn\u00fcnde ise KKTC \u00c7evre ve Do\u011fal Kaynaklar Bakan\u0131 Hakan Din\u00e7y\u00fcrek, Bosna Hersek Maden ve End\u00fcstri Bakan\u0131 Erdal Trhulj ve IRENA Genel Direkt\u00f6r\u00fc Adnan Amin ile ikili g\u00f6r\u00fc\u015fme ger\u00e7ekle\u015ftirdi.<\/p>\n<p style=\"color: #3c3c3c;\">G\u00f6r\u00fc\u015fmeler bas\u0131n kapal\u0131 ger\u00e7ekle\u015fti.<\/p>\n<p style=\"color: #3c3c3c;\">Kaynak: <a href=\"http:\/\/enerjienstitusu.com\/2014\/11\/22\/atlantik-konseyi-enerji-ve-ekonomi-zirvesinde-diplomasi-trafigi\/\" target=\"_blank\" rel=\"nofollow\">Enerji Enstit\u00fcs\u00fc<\/a><\/p>\n<p><\/p>","protected":false},"excerpt":{"rendered":"<p>Sorry, this entry is only available in Turkish. For the sake of viewer convenience, the content is shown below in the alternative language. You may click the link to switch the active language. Bakan Y\u0131ld\u0131z Atlantik Konseyi Enerji ve Ekonomi Zirvesi kapsam\u0131nda 10 yabanc\u0131 bakan ve \u00e7ok say\u0131da \u00fcst d\u00fczey yetkili ile g\u00f6r\u00fc\u015ft\u00fc. Enerji ve [&hellip;]<\/p>\n","protected":false},"author":1,"featured_media":33741,"comment_status":"open","ping_status":"open","sticky":false,"template":"","format":"standard","meta":[],"categories":[53],"tags":[621,710,4228,1542,63,67,1009,165,619,1389,10093,667,6344,19709,19710],"views":736,"_links":{"self":[{"href":"https:\/\/www.enerjigazetesi.ist\/en\/wp-json\/wp\/v2\/posts\/33740"}],"collection":[{"href":"https:\/\/www.enerjigazetesi.ist\/en\/wp-json\/wp\/v2\/posts"}],"about":[{"href":"https:\/\/www.enerjigazetesi.ist\/en\/wp-json\/wp\/v2\/types\/post"}],"author":[{"embeddable":true,"href":"https:\/\/www.enerjigazetesi.ist\/en\/wp-json\/wp\/v2\/users\/1"}],"replies":[{"embeddable":true,"href":"https:\/\/www.enerjigazetesi.ist\/en\/wp-json\/wp\/v2\/comments?post=33740"}],"version-history":[{"count":1,"href":"https:\/\/www.enerjigazetesi.ist\/en\/wp-json\/wp\/v2\/posts\/33740\/revisions"}],"predecessor-version":[{"id":33742,"href":"https:\/\/www.enerjigazetesi.ist\/en\/wp-json\/wp\/v2\/posts\/33740\/revisions\/33742"}],"wp:featuredmedia":[{"embeddable":true,"href":"https:\/\/www.enerjigazetesi.ist\/en\/wp-json\/wp\/v2\/media\/33741"}],"wp:attachment":[{"href":"https:\/\/www.enerjigazetesi.ist\/en\/wp-json\/wp\/v2\/media?parent=33740"}],"wp:term":[{"taxonomy":"category","embeddable":true,"href":"https:\/\/www.enerjigazetesi.ist\/en\/wp-json\/wp\/v2\/categories?post=33740"},{"taxonomy":"post_tag","embeddable":true,"href":"https:\/\/www.enerjigazetesi.ist\/en\/wp-json\/wp\/v2\/tags?post=33740"}],"curies":[{"name":"wp","href":"https:\/\/api.w.org\/{rel}","templated":true}]}}