{"id":33697,"date":"2014-11-21T09:39:53","date_gmt":"2014-11-21T06:39:53","guid":{"rendered":"https:\/\/www.enerjigazetesi.ist\/?p=33697"},"modified":"2014-11-21T09:39:53","modified_gmt":"2014-11-21T06:39:53","slug":"tupras-irak-merkezi-hukumetinden-ceyhana-gonderilen-petrole-talip","status":"publish","type":"post","link":"https:\/\/www.enerjigazetesi.ist\/en\/tupras-irak-merkezi-hukumetinden-ceyhana-gonderilen-petrole-talip\/","title":{"rendered":"(Turkish) T\u00dcPRA\u015e, Irak Merkezi H\u00fck\u00fcmetinden Ceyhan\u2019a G\u00f6nderilen Petrole Talip&#8230;"},"content":{"rendered":"<p class=\"qtranxs-available-languages-message qtranxs-available-languages-message-en\">Sorry, this entry is only available in <a href=\"https:\/\/www.enerjigazetesi.ist\/tr\/wp-json\/wp\/v2\/posts\/33697\" class=\"qtranxs-available-language-link qtranxs-available-language-link-tr\" title=\"Turkish\">Turkish<\/a>. For the sake of viewer convenience, the content is shown below in the alternative language. You may click the link to switch the active language.<\/p><p><\/p>\n<p style=\"color: #3c3c3c;\"><strong>T\u00dcPRA\u015e Genel M\u00fcd\u00fcr Yard\u0131mc\u0131s\u0131 Hasan Tan, T\u00dcPRA\u015e\u2019\u0131n Irak merkezi h\u00fck\u00fcmetinden Ceyhan\u2019a g\u00f6nderilen petrole talip oldu\u011funu bildirdi.<\/strong><span id=\"more-68237\"><\/span><\/p>\n<p style=\"color: #3c3c3c;\">Tan, d\u00fc\u015f\u00fcnce kurulu\u015fu Atlantic Coun<img loading=\"lazy\" class=\"alignleft size-medium wp-image-32885\" src=\"https:\/\/www.enerjigazetesi.ist\/wp-content\/uploads\/2014\/10\/kuzey-iraktan-petrol-akisi-gunluk-400-bin-varile-cikacak-300x208.jpg\" alt=\"kuzey-iraktan-petrol-akisi-gunluk-400-bin-varile-cikacak\" width=\"300\" height=\"208\" srcset=\"https:\/\/www.enerjigazetesi.ist\/wp-content\/uploads\/2014\/10\/kuzey-iraktan-petrol-akisi-gunluk-400-bin-varile-cikacak-300x208.jpg 300w, https:\/\/www.enerjigazetesi.ist\/wp-content\/uploads\/2014\/10\/kuzey-iraktan-petrol-akisi-gunluk-400-bin-varile-cikacak-500x346.jpg 500w, https:\/\/www.enerjigazetesi.ist\/wp-content\/uploads\/2014\/10\/kuzey-iraktan-petrol-akisi-gunluk-400-bin-varile-cikacak-72x50.jpg 72w, https:\/\/www.enerjigazetesi.ist\/wp-content\/uploads\/2014\/10\/kuzey-iraktan-petrol-akisi-gunluk-400-bin-varile-cikacak.jpg 637w\" sizes=\"(max-width: 300px) 100vw, 300px\" \/>cil\u2019\u0131n \u0130stanbul\u2019da d\u00fczenledi\u011fi Enerji ve Ekonomi Zirvesi\u2019nde, T\u00dcPRA\u015e\u2019\u0131n Erbil ve Ba\u011fdat aras\u0131nda var\u0131lan anla\u015fma \u00e7er\u00e7evesinde K\u00fcrt B\u00f6lgesel Y\u00f6netimi\u2019nde \u00e7\u0131kar\u0131lan ve Irak Milli Petrol \u015eirketi SOMO taraf\u0131ndan sat\u0131lacak petrol\u00fc alaca\u011f\u0131n\u0131 s\u00f6yledi. Tan, sat\u0131\u015f\u0131n zaman\u0131na ve miktar\u0131na ili\u015fkin bilgi vermedi.<\/p>\n<p style=\"color: #3c3c3c;\">S\u00f6z konusu anla\u015fma, Irak h\u00fck\u00fcmetinin, K\u00fcrt b\u00f6lgesel h\u00fck\u00fcmetine ilk ad\u0131mda 500 milyon dolar \u00f6deme yapmas\u0131n\u0131, K\u00fcrt y\u00f6netiminin de g\u00fcnl\u00fck 150 bin varil petrol\u00fc, Irak h\u00fck\u00fcmeti \u00fczerinden ihra\u00e7 etmesini \u00f6ng\u00f6r\u00fcyor. D\u00fcnya piyasas\u0131nda petrol fiyatlar\u0131n\u0131n d\u00fc\u015fmesi ve I\u015e\u0130D\u2019in Irak\u2019taki baz\u0131 petrol yataklar\u0131n\u0131 ele ge\u00e7irmesi nedeniyle \u00fclkenin petrol \u00fcretimi y\u00fczde 40 oran\u0131nda gerilemi\u015fti.<\/p>\n<p style=\"color: #3c3c3c;\">Enerji ve Tabii Kaynaklar Bakan\u0131 Taner Y\u0131ld\u0131z, d\u00fcn merkezi Irak h\u00fck\u00fcmetinin mart ay\u0131ndan bu yana ger\u00e7ekle\u015ftiremedi\u011fi petrol sevk\u0131yat\u0131n\u0131n bug\u00fcnlerde ba\u015flayaca\u011f\u0131n\u0131 bildirmi\u015fti.<\/p>\n<p style=\"color: #3c3c3c;\">Kaynak: Enerji Enstit\u00fcs\u00fc<\/p>\n<p><\/p>","protected":false},"excerpt":{"rendered":"<p>Sorry, this entry is only available in Turkish. For the sake of viewer convenience, the content is shown below in the alternative language. You may click the link to switch the active language. T\u00dcPRA\u015e Genel M\u00fcd\u00fcr Yard\u0131mc\u0131s\u0131 Hasan Tan, T\u00dcPRA\u015e\u2019\u0131n Irak merkezi h\u00fck\u00fcmetinden Ceyhan\u2019a g\u00f6nderilen petrole talip oldu\u011funu bildirdi. Tan, d\u00fc\u015f\u00fcnce kurulu\u015fu Atlantic Council\u2019\u0131n \u0130stanbul\u2019da [&hellip;]<\/p>\n","protected":false},"author":1,"featured_media":33330,"comment_status":"open","ping_status":"open","sticky":false,"template":"","format":"standard","meta":[],"categories":[53,44],"tags":[19675,63,5344,13509,13970,745,19676,12176,667,1000],"views":700,"_links":{"self":[{"href":"https:\/\/www.enerjigazetesi.ist\/en\/wp-json\/wp\/v2\/posts\/33697"}],"collection":[{"href":"https:\/\/www.enerjigazetesi.ist\/en\/wp-json\/wp\/v2\/posts"}],"about":[{"href":"https:\/\/www.enerjigazetesi.ist\/en\/wp-json\/wp\/v2\/types\/post"}],"author":[{"embeddable":true,"href":"https:\/\/www.enerjigazetesi.ist\/en\/wp-json\/wp\/v2\/users\/1"}],"replies":[{"embeddable":true,"href":"https:\/\/www.enerjigazetesi.ist\/en\/wp-json\/wp\/v2\/comments?post=33697"}],"version-history":[{"count":1,"href":"https:\/\/www.enerjigazetesi.ist\/en\/wp-json\/wp\/v2\/posts\/33697\/revisions"}],"predecessor-version":[{"id":33698,"href":"https:\/\/www.enerjigazetesi.ist\/en\/wp-json\/wp\/v2\/posts\/33697\/revisions\/33698"}],"wp:featuredmedia":[{"embeddable":true,"href":"https:\/\/www.enerjigazetesi.ist\/en\/wp-json\/wp\/v2\/media\/33330"}],"wp:attachment":[{"href":"https:\/\/www.enerjigazetesi.ist\/en\/wp-json\/wp\/v2\/media?parent=33697"}],"wp:term":[{"taxonomy":"category","embeddable":true,"href":"https:\/\/www.enerjigazetesi.ist\/en\/wp-json\/wp\/v2\/categories?post=33697"},{"taxonomy":"post_tag","embeddable":true,"href":"https:\/\/www.enerjigazetesi.ist\/en\/wp-json\/wp\/v2\/tags?post=33697"}],"curies":[{"name":"wp","href":"https:\/\/api.w.org\/{rel}","templated":true}]}}