{"id":33691,"date":"2014-11-20T18:47:20","date_gmt":"2014-11-20T15:47:20","guid":{"rendered":"https:\/\/www.enerjigazetesi.ist\/?p=33691"},"modified":"2014-11-20T18:47:20","modified_gmt":"2014-11-20T15:47:20","slug":"yildiz-atlantik-konseyi-enerji-ve-ekonomi-zirvesine-katildi","status":"publish","type":"post","link":"https:\/\/www.enerjigazetesi.ist\/en\/yildiz-atlantik-konseyi-enerji-ve-ekonomi-zirvesine-katildi\/","title":{"rendered":"(Turkish) Y\u0131ld\u0131z, Atlantik Konseyi Enerji ve Ekonomi Zirvesi\u2019ne Kat\u0131ld\u0131!"},"content":{"rendered":"<p class=\"qtranxs-available-languages-message qtranxs-available-languages-message-en\">Sorry, this entry is only available in <a href=\"https:\/\/www.enerjigazetesi.ist\/tr\/wp-json\/wp\/v2\/posts\/33691\" class=\"qtranxs-available-language-link qtranxs-available-language-link-tr\" title=\"Turkish\">Turkish<\/a>. For the sake of viewer convenience, the content is shown below in the alternative language. You may click the link to switch the active language.<\/p><p><\/p>\n<div class=\"pf-content\" style=\"color: #3c3c3c;\">\n<p><strong>Enerji ve Tabii Kaynaklar Bakan\u0131 Taner Y\u0131ld\u0131z T\u00fcrkiye\u2019nin, Irak petrolleriyle beraber Irak\u2019\u0131n normalle\u015fmesine katk\u0131 sa\u011flayacak yap\u0131y\u0131 uluslararas\u0131 arenaya deklare etti\u011fini belirterek, \u201cYakla\u015f\u0131k 2 milyar dolar\u0131n \u00fczerindeki gelir ile birlikte Ba\u011fdat ile Erbil\u2019in uzla\u015f\u0131 noktas\u0131na geldiklerini sevinerek g\u00f6r\u00fcyoruz\u201d dedi.<\/strong><span id=\"more-68231\"><\/span><\/p>\n<p>Enerji ve Tabii Kaynaklar Bakan\u0131 Taner Y\u0131ld\u0131z, Grand Tarabya Otel\u2019de ger\u00e7ekle\u015ftirilen \u201cAtlantik Konseyi 2014 Enerji ve Ekonomi Zirvesi\u201dne kat\u0131ld\u0131. \u201cZor zamanlarda i\u015f yapmak\u201d slogan\u0131yla ba\u015flayan zirveye Bakan Y\u0131ld\u0131z\u2019\u0131n yan\u0131 s\u0131ra, Arnavutluk Cumhurba\u015fkan\u0131 Bujhan Nisha<a href=\"https:\/\/www.enerjigazetesi.ist\/wp-content\/uploads\/2014\/11\/yildiz-atlantik-konseyi-enerji-ve-ekonomi-zirvesine-katildi.jpg\"><img loading=\"lazy\" class=\"alignleft size-medium wp-image-33692\" src=\"https:\/\/www.enerjigazetesi.ist\/wp-content\/uploads\/2014\/11\/yildiz-atlantik-konseyi-enerji-ve-ekonomi-zirvesine-katildi-300x198.jpg\" alt=\"yildiz-atlantik-konseyi-enerji-ve-ekonomi-zirvesine-katildi\" width=\"300\" height=\"198\" srcset=\"https:\/\/www.enerjigazetesi.ist\/wp-content\/uploads\/2014\/11\/yildiz-atlantik-konseyi-enerji-ve-ekonomi-zirvesine-katildi-300x198.jpg 300w, https:\/\/www.enerjigazetesi.ist\/wp-content\/uploads\/2014\/11\/yildiz-atlantik-konseyi-enerji-ve-ekonomi-zirvesine-katildi-500x330.jpg 500w, https:\/\/www.enerjigazetesi.ist\/wp-content\/uploads\/2014\/11\/yildiz-atlantik-konseyi-enerji-ve-ekonomi-zirvesine-katildi-75x50.jpg 75w, https:\/\/www.enerjigazetesi.ist\/wp-content\/uploads\/2014\/11\/yildiz-atlantik-konseyi-enerji-ve-ekonomi-zirvesine-katildi.jpg 653w\" sizes=\"(max-width: 300px) 100vw, 300px\" \/><\/a>ni, ABD Enerji Bakan\u0131 Ernest Moniz, ABD B\u00fcy\u00fckel\u00e7isi John Bass, ABD eski T\u00fcrkiye B\u00fcy\u00fckel\u00e7isi Francis Ricciardone, \u0130hlas Holding Y\u00f6netim Kurulu Ba\u015fkan\u0131 ve Atlantik Konseyi Y\u00f6netim Kurulu \u00dcyesi Ahmet M\u00fccahid \u00d6ren ve \u00e7ok say\u0131da davetli kat\u0131ld\u0131.<\/p>\n<p>Zirvede bir konu\u015fma yapan Bakan Y\u0131ld\u0131z, uluslararas\u0131 siyasetin zaman zaman enerji sekt\u00f6r\u00fcne y\u00fck oldu\u011funu belirterek, \u201cEnerji sekt\u00f6r\u00fcn\u00fcn o \u00fclkenin siyasetine de y\u00fck oldu\u011fu d\u00f6nemler var. Ham petrol ve do\u011falgaz\u0131n yer alt\u0131ndayken bir sava\u015f gerek\u00e7esi, yer \u00fcst\u00fcndeyken de bir bar\u0131\u015f gerek\u00e7esi olmu\u015f olmas\u0131, asl\u0131nda bu paradoksu daha iyi y\u00f6netmek zorunda oldu\u011fumuzu g\u00f6steriyor. \u00d6zellikle T\u00fcrkiye\u2019de, b\u00f6lgemizde Irak, \u0130srail-Filistin, Suriye, \u0130ran, Rusya Federasyonu ve Ukrayna kriziyle beraber \u00e7ok\u00e7a tart\u0131\u015f\u0131lmas\u0131 gereken ve enerji sekt\u00f6r\u00fc \u00fczerindeki etkilerini de\u011ferlendirece\u011fimiz b\u00fcy\u00fck bir yap\u0131 olu\u015ftu. \u00dclkelerin enerji arz g\u00fcvenli\u011fini ve b\u00fct\u00fcn bu kaynaklar\u0131n tedarikiyle alakal\u0131 gelinen noktada, yaln\u0131zca enerji sekt\u00f6r\u00fc olarak de\u011fil, uluslararas\u0131 ili\u015fkilerle beraber de ciddi bir \u00e7\u00f6z\u00fcm noktas\u0131n\u0131n yakalanmas\u0131 laz\u0131m geldi\u011finin alt\u0131n\u0131 \u00e7izmemiz laz\u0131m. Kuzey Irak\u2019taki Erbil ve merkezi \u0131rak h\u00fck\u00fcmetinin Ba\u011fdat\u2019\u0131n aras\u0131ndaki anla\u015fmazl\u0131klar\u0131n bu y\u0131l kendini daha \u00e7ok \u00e7\u00f6z\u00fcm odakl\u0131 noktalara b\u0131rakt\u0131\u011f\u0131n\u0131 g\u00f6r\u00fcyoruz. T\u00fcrkiye, Irak petrolleriyle beraber Irak\u2019\u0131n normalle\u015fmesine katk\u0131 koyacak yap\u0131y\u0131, sistemi kurmaya \u00e7al\u0131\u015ft\u0131\u011f\u0131n\u0131 uluslararas\u0131 arenaya deklare etmi\u015fti. Bu \u00e7ok\u00e7a tart\u0131\u015f\u0131ld\u0131. Bunun ne kadar hukuki olup olmad\u0131\u011f\u0131 tart\u0131\u015f\u0131ld\u0131 ve \u015fu anda geldi\u011fimiz noktada o y\u0131ldan bu y\u0131la 35 tane kargonun, 25 milyon varilin \u00fczerindeki ham petrol aktar\u0131m\u0131yla beraber bu haftan\u0131n ba\u015f\u0131nda geldi\u011fimiz nokta olumlu bir nokta olarak s\u00f6ylenebilir. Yakla\u015f\u0131k 2 milyar dolar\u0131n \u00fczerindeki bir gelirin hem Ba\u011fdat\u2019\u0131n, hem de Erbil\u2019in, yani Irak\u2019\u0131n normalle\u015fmesi ad\u0131na konan bir katk\u0131 oldu\u011funu ve bu kurulan sistem sayesinde oldu\u011funu ve en son Ba\u011fdat i\u015fle Erbil\u2019in bu konuda bir uzla\u015f\u0131 noktas\u0131na geldiklerini sevinerek g\u00f6r\u00fcyoruz. Do\u011fruyu tercih etti\u011fi kadar g\u00fc\u00e7lenen bir sistem oldu\u011funu g\u00f6r\u00fcyoruz\u201d dedi.<\/p>\n<p><strong>\u201cT\u00dcRK\u0130YE\u2019DE KAMULA\u015eTIRMA BA\u015eLADI\u201d<\/strong><\/p>\n<p>TANAP\u2019\u0131n ne kadar ger\u00e7ekle\u015ftirilebilece\u011fi, bunun sadece T\u00fcrkiye\u2019nin do\u011falgazdaki arz g\u00fcvenli\u011fiyle alakal\u0131 konular i\u00e7in de\u011fil, ayn\u0131 zamanda Avrupa Birli\u011fi \u00fcyesi \u00fclkelerin enerji arz g\u00fcvenli\u011fiyle alakal\u0131 \u00f6nemli bir \u00e7\u00f6z\u00fcm noktas\u0131 oldu\u011funu ifade eden Bakan Y\u0131ld\u0131z, \u201cBununla alakal\u0131 T\u00fcrkiye\u2019de kamula\u015ft\u0131rmalar\u0131n ba\u015flad\u0131\u011f\u0131n\u0131, boruyla alakal\u0131 ihalelerin yap\u0131ld\u0131\u011f\u0131n\u0131 ve bunun i\u015f\u00e7ili\u011fiyle alakal\u0131 ihalelerin sonland\u0131r\u0131ld\u0131\u011f\u0131n\u0131 sevinerek s\u00f6ylemeliyiz. 2018 y\u0131l\u0131n\u0131n sonuna kadar programland\u0131\u011f\u0131 \u00fczere in\u015fallah biz bu projeyi tamamlayaca\u011f\u0131z. Azerbaycan ve \u00f6zel \u015firketlere te\u015fekk\u00fcr ediyoruz. \u00d6nemli bir \u00e7\u00f6z\u00fcm noktas\u0131 oldu\u011funu s\u00f6ylemi\u015ftik. Hala 1,3 milyar insan enerjiye ula\u015fam\u0131yor. Enerji ile ilgili politikalar globalle\u015fiyor. Ama bir k\u0131s\u0131m politikalar ulusalla\u015f\u0131yor. T\u00fcrkiye 7 bin megavatl\u0131k kurulu g\u00fcc\u00fcne yeni bir g\u00fc\u00e7 ekledi. Y\u00fczde otuzlara yakla\u015fan yenilenebilir enerji kaynaklar\u0131m\u0131z d\u00fcnya ortalamas\u0131n\u0131n \u00fczerinde. Tamamlanmas\u0131 gereken durumun da ilerleyece\u011fini \u00fcmit ediyoruz. Rusya Ukrayna hala kayg\u0131lar tam olarak kalkmad\u0131. T\u00fcrkiye\u2019nin olas\u0131 etkilenmeyle ilgili farkl\u0131 \u00e7\u00f6z\u00fcm \u00f6nerilerinin oldu\u011funu s\u00f6ylemeliyim\u201d \u015feklinde konu\u015ftu.<\/p>\n<p><strong>\u201cENERJ\u0130 \u0130\u00c7\u0130N G\u00dcNDE 1 M\u0130LYAR EURO HARCANIYOR\u201d<\/strong><\/p>\n<p>Ab\u2019nin \u0130klim ve Enerjiden Sorumlu Komisyon \u00dcyesi Miguel Arias Cariette ise \u201cEnerji talebi art\u0131yor. G\u00fcnde 1 milyar Euro harcan\u0131yor enerji i\u00e7in. Biz g\u00fcn\u00fcm\u00fczdeki hayalimiz g\u00fc\u00e7l\u00fc bir enerji birli\u011fi. G\u00fcvenli enerjinin s\u00fcrd\u00fcr\u00fclebilir olmas\u0131 laz\u0131m. Enerji komisyonunun nihai hedefi bu olacakt\u0131r. Liderler bir araya gelecek. Birlikte hareket edecek. Enerji g\u00fcvenli\u011fi sa\u011flanacak. Tek bir iklim politikas\u0131na do\u011fru hareket ederek, enerji portf\u00f6y\u00fc olabilir. Eminim ki arzu etti\u011fimiz noktaya varaca\u011f\u0131z\u201d diye konu\u015ftu.<\/p>\n<p>ABD Enerji Bakan\u0131 Ernest Moniz de, enerji sekt\u00f6r\u00fcnde b\u00fcy\u00fck de\u011fi\u015fimlere ihtiya\u00e7 oldu\u011funu belirterek, \u201cZorluklarla nas\u0131l ba\u015fa \u00e7\u0131k\u0131laca\u011f\u0131 bir yap\u0131ya ula\u015fmal\u0131y\u0131z. T\u00fcrb\u00fclans bir ak\u0131m rejimidir. Kaotik \u00f6zellik de\u011fi\u015fimlerinden kaynaklan\u0131r. Odaklanmam\u0131z gereken bu t\u00fcrb\u00fclanslardan dinami\u011fi nas\u0131l ula\u015faca\u011f\u0131m\u0131z\u0131n yollar\u0131n\u0131 bulmak olmal\u0131d\u0131r. B\u00fcy\u00fck de\u011fi\u015fimlere ihtiya\u00e7 var enerji sekt\u00f6r\u00fcnde. Bu de\u011fi\u015fim ihtiya\u00e7 duydu\u011fumuz \u015fey. Bunun h\u0131z\u0131n\u0131n nas\u0131l \u00f6l\u00e7ece\u011fimiz ayr\u0131 bir konu. Bu meselelere bakt\u0131\u011f\u0131m\u0131z zaman t\u00fcrb\u00fclans kaos konu\u015facak \u00e7ok \u015feyimiz var. Ortado\u011fu\u2019da Afrika\u2019da ya\u015fanan zorluklar d\u00fc\u015f\u00fcn\u00fcld\u00fc\u011f\u00fcnde \u00f6zellikle enerjide zorluklara odaklanmak daha kolay yol. Bir\u00e7ok zorluk var. Beklenmedik durumlar bunlar. Ama bunlar\u0131n pozitif y\u00f6nleri var. \u00dcretimle ilgili baz\u0131 \u00fclkelerde toparlanma oldu\u011funu g\u00f6r\u00fcyoruz. Bu meselelerin \u00e7\u00f6z\u00fcm\u00fcne daha da \u00e7ok \u015fey koymal\u0131y\u0131z. Ukrayna krizinde ya\u015fananlar sonras\u0131 enerji g\u00fcvenli daha \u00f6nemli hale geldi. Bizler Avrupa\u2019da meslekta\u015flar\u0131m\u0131zla birlikte g\u00f6r\u00fc\u015f\u00fcyoruz. Afrika\u2019ya bakacak olursak ABD ba\u015fkan\u0131 Afrika ABD zirvesi ger\u00e7ekle\u015ftirildi. Bu k\u0131tadaki inan\u0131lmaz f\u0131rsatlar ve on y\u0131ll\u0131k kritik s\u00fcrece de\u011findik. Bir milyardan fazla insan\u0131n enerjiye eri\u015fimi yok. Teknoloji ve alternatif yenilenebilir enerji kaynaklar\u0131n sayesinde maliyetin d\u00fc\u015f\u00fcr\u00fclmesi \u00e7ok \u00f6nemli. Ak\u00fcler sayesinde d\u00f6rt y\u0131ll\u0131k s\u00fcrede y\u00fczde altm\u0131\u015fl\u0131k maliyette bir azalma olacak. Maliyetlerin azalmas\u0131 sayesinde inan\u0131lmaz bir rol alacak bu alanlar. Ger\u00e7ek f\u0131rsatlardan bizlerin yaralanmas\u0131 gerek. Enerji teknolojisinde maliyetlerin azalt\u0131lmas\u0131 \u00e7ok \u00f6nemli\u201d ifadesini kulland\u0131.<\/p>\n<p>Kaynak: <a href=\"http:\/\/enerjienstitusu.com\/2014\/11\/20\/bakan-yildiz-atlantik-konseyi-enerji-ve-ekonomi-zirvesine-katildi\/\" target=\"_blank\" rel=\"nofollow\">Enerji Enstit\u00fcs\u00fc<\/a><\/p>\n<p>&nbsp;<\/p>\n<\/div>\n<div class=\"social-article\" style=\"color: #3c3c3c;\"><\/div>\n<p><\/p>","protected":false},"excerpt":{"rendered":"<p>Sorry, this entry is only available in Turkish. For the sake of viewer convenience, the content is shown below in the alternative language. You may click the link to switch the active language. Enerji ve Tabii Kaynaklar Bakan\u0131 Taner Y\u0131ld\u0131z T\u00fcrkiye\u2019nin, Irak petrolleriyle beraber Irak\u2019\u0131n normalle\u015fmesine katk\u0131 sa\u011flayacak yap\u0131y\u0131 uluslararas\u0131 arenaya deklare etti\u011fini belirterek, \u201cYakla\u015f\u0131k [&hellip;]<\/p>\n","protected":false},"author":1,"featured_media":33692,"comment_status":"open","ping_status":"open","sticky":false,"template":"","format":"standard","meta":[],"categories":[53],"tags":[1198,19670,15636,710,63,67,1009,165,10615,11656,875,2297,667],"views":855,"_links":{"self":[{"href":"https:\/\/www.enerjigazetesi.ist\/en\/wp-json\/wp\/v2\/posts\/33691"}],"collection":[{"href":"https:\/\/www.enerjigazetesi.ist\/en\/wp-json\/wp\/v2\/posts"}],"about":[{"href":"https:\/\/www.enerjigazetesi.ist\/en\/wp-json\/wp\/v2\/types\/post"}],"author":[{"embeddable":true,"href":"https:\/\/www.enerjigazetesi.ist\/en\/wp-json\/wp\/v2\/users\/1"}],"replies":[{"embeddable":true,"href":"https:\/\/www.enerjigazetesi.ist\/en\/wp-json\/wp\/v2\/comments?post=33691"}],"version-history":[{"count":1,"href":"https:\/\/www.enerjigazetesi.ist\/en\/wp-json\/wp\/v2\/posts\/33691\/revisions"}],"predecessor-version":[{"id":33693,"href":"https:\/\/www.enerjigazetesi.ist\/en\/wp-json\/wp\/v2\/posts\/33691\/revisions\/33693"}],"wp:featuredmedia":[{"embeddable":true,"href":"https:\/\/www.enerjigazetesi.ist\/en\/wp-json\/wp\/v2\/media\/33692"}],"wp:attachment":[{"href":"https:\/\/www.enerjigazetesi.ist\/en\/wp-json\/wp\/v2\/media?parent=33691"}],"wp:term":[{"taxonomy":"category","embeddable":true,"href":"https:\/\/www.enerjigazetesi.ist\/en\/wp-json\/wp\/v2\/categories?post=33691"},{"taxonomy":"post_tag","embeddable":true,"href":"https:\/\/www.enerjigazetesi.ist\/en\/wp-json\/wp\/v2\/tags?post=33691"}],"curies":[{"name":"wp","href":"https:\/\/api.w.org\/{rel}","templated":true}]}}