{"id":33677,"date":"2014-11-20T18:33:01","date_gmt":"2014-11-20T15:33:01","guid":{"rendered":"https:\/\/www.enerjigazetesi.ist\/?p=33677"},"modified":"2014-11-20T18:33:47","modified_gmt":"2014-11-20T15:33:47","slug":"turkiyenin-gunes-enerjisinde-cok-hizli-ilerleyebilecek-kapasitesi-var","status":"publish","type":"post","link":"https:\/\/www.enerjigazetesi.ist\/en\/turkiyenin-gunes-enerjisinde-cok-hizli-ilerleyebilecek-kapasitesi-var\/","title":{"rendered":"(Turkish) T\u00fcrkiye\u2019nin G\u00fcne\u015f Enerjisinde \u00c7ok H\u0131zl\u0131 \u0130lerleyebilecek Kapasitesi&#8230;"},"content":{"rendered":"<p class=\"qtranxs-available-languages-message qtranxs-available-languages-message-en\">Sorry, this entry is only available in <a href=\"https:\/\/www.enerjigazetesi.ist\/tr\/wp-json\/wp\/v2\/posts\/33677\" class=\"qtranxs-available-language-link qtranxs-available-language-link-tr\" title=\"Turkish\">Turkish<\/a>. For the sake of viewer convenience, the content is shown below in the alternative language. You may click the link to switch the active language.<\/p><p><\/p>\n<p style=\"color: #3c3c3c;\"><strong>T\u00fcrkiye B\u00f6l\u00fcm\u00fc (G\u00dcNDER) Ba\u015fkan\u0131 Kemal Gani Bayraktar, T\u00fcrkiye\u2019nin g\u00fcne\u015f enerjisi ile elektrik \u00fcretiminde \u00e7ok h\u0131zl\u0131 ilerleyebilecek kapasitesinin bulundu\u011funu s\u00f6yledi. \u0130zmir\u2019de d\u00fczenlenen \u201cSOLARTR 2014\u2033 konferans\u0131ndakonu\u015fan Bayraktar, d\u00fcnyada kurulu kapasiteye bak\u0131ld\u0131\u011f\u0131nda g\u00fcne\u015f enerjisinden elektrik \u00fcretiminde neredeyse s\u0131f\u0131r noktas\u0131nda olan T\u00fcrkiye\u2019nin y\u0131l sonunda 80 ile 100 megawat kurulu g\u00fcce ula\u015fabilece\u011fini belirtt<a href=\"https:\/\/www.enerjigazetesi.ist\/wp-content\/uploads\/2014\/11\/turkiyenin-gunes-enerjisinde-cok-hizli-ilerleyebilecek-kapasitesi-var.jpg\"><img loading=\"lazy\" class=\"alignleft size-medium wp-image-33678\" src=\"https:\/\/www.enerjigazetesi.ist\/wp-content\/uploads\/2014\/11\/turkiyenin-gunes-enerjisinde-cok-hizli-ilerleyebilecek-kapasitesi-var-300x206.jpg\" alt=\"turkiyenin-gunes-enerjisinde-cok-hizli-ilerleyebilecek-kapasitesi-var\" width=\"300\" height=\"206\" srcset=\"https:\/\/www.enerjigazetesi.ist\/wp-content\/uploads\/2014\/11\/turkiyenin-gunes-enerjisinde-cok-hizli-ilerleyebilecek-kapasitesi-var-300x206.jpg 300w, https:\/\/www.enerjigazetesi.ist\/wp-content\/uploads\/2014\/11\/turkiyenin-gunes-enerjisinde-cok-hizli-ilerleyebilecek-kapasitesi-var-500x344.jpg 500w, https:\/\/www.enerjigazetesi.ist\/wp-content\/uploads\/2014\/11\/turkiyenin-gunes-enerjisinde-cok-hizli-ilerleyebilecek-kapasitesi-var-72x50.jpg 72w, https:\/\/www.enerjigazetesi.ist\/wp-content\/uploads\/2014\/11\/turkiyenin-gunes-enerjisinde-cok-hizli-ilerleyebilecek-kapasitesi-var.jpg 870w\" sizes=\"(max-width: 300px) 100vw, 300px\" \/><\/a>i.<\/strong><\/p>\n<p style=\"color: #3c3c3c;\">G\u00fcne\u015f enerjisinden elektrik \u00fcretiminin d\u00fcnyada 2013 sonu itibariyle kurulu g\u00fcc\u00fcn 140 bin megawat oldu\u011funu hat\u0131rlatan Bayraktar, T\u00fcrkiye\u2019nin bu alanda katedece\u011fi mesafenin \u00e7ok oldu\u011funu kaydetti.<\/p>\n<p style=\"color: #3c3c3c;\">Bayraktar, \u201cT\u00fcrkiye g\u00fcne\u015f enerjisi ile elektrik \u00fcretiminde \u00e7ok h\u0131zl\u0131 ilerleyebilir. T\u00fcrkiye her y\u0131l 2.5-3 bin megawatl\u0131k g\u00fc\u00e7 kurabilir. 8 y\u0131lda 24 bin megawat olabilir. Nereden bakarsan\u0131z bak\u0131n 2023\u2019e 23 bin megawat ile ilerleyebiliriz\u201d dedi.<\/p>\n<p style=\"color: #3c3c3c;\">T\u00fcrkiye\u2019nin \u00f6n\u00fcndeki mesafeyi \u00e7ok h\u0131zl\u0131 kat edebilece\u011fine i\u015faret eden Bayraktar, \u015funlar\u0131 s\u00f6yledi:<\/p>\n<p style=\"color: #3c3c3c;\">\u201cSaha var, g\u00fcne\u015f var, sanayimiz var. Nerede t\u0131kan\u0131yor? Te\u015fvikte falan de\u011fil. B\u00fcrokratik s\u00fcre\u00e7lerin uzamas\u0131ndan ba\u015fka bir \u015fey de\u011fil. Bu y\u0131l 600 megawat kapasite talebi i\u00e7in 496 proje, 8 bin megawatl\u0131k kapasite talebi oldu. \u00d6l\u00e7\u00fcm zorunlulu\u011fu gibi \u015feyleri eklenince 1 seneden beri 600 megawatl\u0131k yat\u0131r\u0131m ger\u00e7ekle\u015fmedi.\u201d<\/p>\n<h2 style=\"color: #232323;\">Bireysel kullan\u0131c\u0131 daha kolay yat\u0131r\u0131m yap\u0131yor<\/h2>\n<p style=\"color: #3c3c3c;\">Sanayicilerin kendi \u00e7at\u0131lar\u0131nda sistemi kurup elektrik \u00fcretebildi\u011fini belirten Bayraktar, bireysel kullan\u0131c\u0131n\u0131n daha kolay yat\u0131r\u0131m yapt\u0131\u011f\u0131n\u0131 ifade etti.<\/p>\n<p style=\"color: #3c3c3c;\">Bayraktar, g\u00fcne\u015f enerjisi yat\u0131r\u0131mlar\u0131nda geli\u015fen teknolojiyle maliyetin d\u00fc\u015ft\u00fc\u011f\u00fcn\u00fc, yat\u0131r\u0131mc\u0131lar\u0131n kendi b\u00fct\u00e7eleriyle tesis kurabildi\u011fine i\u015faret etti. Bayraktar, T\u00fcrkiye\u2019de g\u00fcne\u015f enerjisi teknolojilerini \u00fcreten 20 civar\u0131nda firman\u0131n bulundu\u011funu, \u201cTeknoloji \u00fcretiminin y\u00fczde 55\u2019i yerli hale geldi. Gelecekte y\u00fczde 85\u2019i yerli olmas\u0131 bekleniyor\u201d dedi.<\/p>\n<p style=\"color: #3c3c3c;\">Kaynak: <a href=\"http:\/\/enerjienstitusu.com\/2014\/11\/20\/enerji-ihtiyacimizin-yuzde-100u-yenilenebilir-enerjiden-karsilanabilir\/\" target=\"_blank\" rel=\"nofollow\">Enerji Enstit\u00fcs\u00fc<\/a><\/p>\n<p><\/p>","protected":false},"excerpt":{"rendered":"<p>Sorry, this entry is only available in Turkish. For the sake of viewer convenience, the content is shown below in the alternative language. You may click the link to switch the active language. T\u00fcrkiye B\u00f6l\u00fcm\u00fc (G\u00dcNDER) Ba\u015fkan\u0131 Kemal Gani Bayraktar, T\u00fcrkiye\u2019nin g\u00fcne\u015f enerjisi ile elektrik \u00fcretiminde \u00e7ok h\u0131zl\u0131 ilerleyebilecek kapasitesinin bulundu\u011funu s\u00f6yledi. \u0130zmir\u2019de d\u00fczenlenen \u201cSOLARTR [&hellip;]<\/p>\n","protected":false},"author":1,"featured_media":33678,"comment_status":"open","ping_status":"open","sticky":false,"template":"","format":"standard","meta":[],"categories":[53,49],"tags":[19590,19,63,67,1009,93,165,1382,227,13,1517,16,19661,16388,105],"views":779,"_links":{"self":[{"href":"https:\/\/www.enerjigazetesi.ist\/en\/wp-json\/wp\/v2\/posts\/33677"}],"collection":[{"href":"https:\/\/www.enerjigazetesi.ist\/en\/wp-json\/wp\/v2\/posts"}],"about":[{"href":"https:\/\/www.enerjigazetesi.ist\/en\/wp-json\/wp\/v2\/types\/post"}],"author":[{"embeddable":true,"href":"https:\/\/www.enerjigazetesi.ist\/en\/wp-json\/wp\/v2\/users\/1"}],"replies":[{"embeddable":true,"href":"https:\/\/www.enerjigazetesi.ist\/en\/wp-json\/wp\/v2\/comments?post=33677"}],"version-history":[{"count":2,"href":"https:\/\/www.enerjigazetesi.ist\/en\/wp-json\/wp\/v2\/posts\/33677\/revisions"}],"predecessor-version":[{"id":33681,"href":"https:\/\/www.enerjigazetesi.ist\/en\/wp-json\/wp\/v2\/posts\/33677\/revisions\/33681"}],"wp:featuredmedia":[{"embeddable":true,"href":"https:\/\/www.enerjigazetesi.ist\/en\/wp-json\/wp\/v2\/media\/33678"}],"wp:attachment":[{"href":"https:\/\/www.enerjigazetesi.ist\/en\/wp-json\/wp\/v2\/media?parent=33677"}],"wp:term":[{"taxonomy":"category","embeddable":true,"href":"https:\/\/www.enerjigazetesi.ist\/en\/wp-json\/wp\/v2\/categories?post=33677"},{"taxonomy":"post_tag","embeddable":true,"href":"https:\/\/www.enerjigazetesi.ist\/en\/wp-json\/wp\/v2\/tags?post=33677"}],"curies":[{"name":"wp","href":"https:\/\/api.w.org\/{rel}","templated":true}]}}