{"id":33674,"date":"2014-11-20T12:31:34","date_gmt":"2014-11-20T09:31:34","guid":{"rendered":"https:\/\/www.enerjigazetesi.ist\/?p=33674"},"modified":"2014-11-20T12:31:34","modified_gmt":"2014-11-20T09:31:34","slug":"cernde-iki-atomalti-parcacigi-kesfedildi","status":"publish","type":"post","link":"https:\/\/www.enerjigazetesi.ist\/en\/cernde-iki-atomalti-parcacigi-kesfedildi\/","title":{"rendered":"(Turkish) CERN\u2019de iki Atomalt\u0131 Par\u00e7ac\u0131\u011f\u0131 Ke\u015ffedildi!"},"content":{"rendered":"<p class=\"qtranxs-available-languages-message qtranxs-available-languages-message-en\">Sorry, this entry is only available in <a href=\"https:\/\/www.enerjigazetesi.ist\/tr\/wp-json\/wp\/v2\/posts\/33674\" class=\"qtranxs-available-language-link qtranxs-available-language-link-tr\" title=\"Turkish\">Turkish<\/a>. For the sake of viewer convenience, the content is shown below in the alternative language. You may click the link to switch the active language.<\/p><p><\/p>\n<p style=\"color: #3c3c3c;\"><strong>Avrupa N\u00fckleer Ara\u015ft\u0131rma Merkezi (CERN) bilim adamlar\u0131, iki atomalt\u0131 par\u00e7ac\u0131\u011f\u0131 ke\u015ffetti. CERN\u2019den yap\u0131lan a\u00e7\u0131klamada, ke\u015ffin, d\u00fcnyan\u0131n nas\u0131l meydana geldi\u011fini tan\u0131mlayan par\u00e7ac\u0131k fizi\u011finin \u201cStandart Model\u201dinin \u00f6tesinde i\u015flerin nas\u0131l y\u00fcr\u00fcd\u00fc\u011f\u00fcne \u0131\u015f\u0131k tutaca\u011f\u0131 belirtildi.<img loading=\"lazy\" class=\"alignright size-medium wp-image-33675\" src=\"https:\/\/www.enerjigazetesi.ist\/wp-content\/uploads\/2014\/11\/cernde-iki-atomalti-parcacigi-kesfedildi-300x200.jpg\" alt=\"cernde-iki-atomalti-parcacigi-kesfedildi\" width=\"300\" height=\"200\" srcset=\"https:\/\/www.enerjigazetesi.ist\/wp-content\/uploads\/2014\/11\/cernde-iki-atomalti-parcacigi-kesfedildi-300x200.jpg 300w, https:\/\/www.enerjigazetesi.ist\/wp-content\/uploads\/2014\/11\/cernde-iki-atomalti-parcacigi-kesfedildi-500x334.jpg 500w, https:\/\/www.enerjigazetesi.ist\/wp-content\/uploads\/2014\/11\/cernde-iki-atomalti-parcacigi-kesfedildi-74x50.jpg 74w, https:\/\/www.enerjigazetesi.ist\/wp-content\/uploads\/2014\/11\/cernde-iki-atomalti-parcacigi-kesfedildi.jpg 870w\" sizes=\"(max-width: 300px) 100vw, 300px\" \/><\/strong><\/p>\n<p style=\"color: #3c3c3c;\">B\u00fcy\u00fck Hadron \u00c7arp\u0131\u015ft\u0131r\u0131c\u0131s\u0131 kullan\u0131larak yap\u0131lan deneylerde ke\u015ffedilen atomalt\u0131 par\u00e7ac\u0131klar, devasa bir g\u00fcc\u00fcn bir araya getirdi\u011fi \u00fc\u00e7 zerreci\u011fin olu\u015fturdu\u011fu baryondan meydana geliyor.<\/p>\n<p style=\"color: #3c3c3c;\">CERN\u2019e ba\u011fl\u0131 LPNHE Laboratuvar\u0131\u2019nda g\u00f6revli Matthew Charles, \u201cDo\u011fa bize c\u00f6mert davrand\u0131. Birini bulmaya \u00e7al\u0131\u015f\u0131rken ikisini birden ke\u015ffettik\u201d dedi.<\/p>\n<p style=\"color: #3c3c3c;\">Ke\u015ffedilen yeni par\u00e7ac\u0131klar\u0131n, 14 milyar y\u0131l \u00f6nce evrenin do\u011fumuna yol a\u00e7t\u0131\u011f\u0131na inan\u0131lan B\u00fcy\u00fck Patlama ortam\u0131n\u0131 yaratmay\u0131 ama\u00e7layan 10 milyar dolar tutar\u0131ndaki deney s\u0131ras\u0131nda, 27 kilometrelik t\u00fcnelde birbirleriyle \u00e7arp\u0131\u015ft\u0131r\u0131lan protonlardan 6 kat da\u011fa a\u011f\u0131r oldu\u011fu belirlendi.<\/p>\n<p style=\"color: #3c3c3c;\">Ara\u015ft\u0131rma sonu\u00e7lar\u0131, \u201cPhysical Review Letters\u201d dergisinde yay\u0131mlanacak.<\/p>\n<p style=\"color: #3c3c3c;\">B\u00fcy\u00fck Hadron \u00c7arp\u0131\u015ft\u0131r\u0131c\u0131s\u0131 kullan\u0131larak daha \u00f6nce de par\u00e7ac\u0131klara k\u00fctlelerini verdi\u011fi d\u00fc\u015f\u00fcn\u00fclen ve \u201cHiggs Bozonu\u201d ad\u0131 verilen atomalt\u0131 par\u00e7ac\u0131\u011f\u0131 ke\u015ffedilmi\u015fti. \u201cTanr\u0131 Par\u00e7ac\u0131\u011f\u0131\u201d olarak da bilinen Higgs Bozonu\u2019nun ke\u015ffi, ge\u00e7en y\u0131l Bel\u00e7ikal\u0131 fizik\u00e7i Fran\u00e7ois Englert ile \u0130ngiliz bilim adam\u0131 Peter W. Higgs\u2019e Nobel Fizik \u00d6d\u00fcl\u00fc getirmi\u015fti.<\/p>\n<p style=\"color: #3c3c3c;\">Kaynak: <a href=\"http:\/\/enerjienstitusu.com\/2014\/11\/20\/cernde-iki-atomalti-parcacigi-kesfedildi\/\" target=\"_blank\" rel=\"nofollow\">Enerji Enstit\u00fcs\u00fc<\/a><\/p>\n<p><\/p>","protected":false},"excerpt":{"rendered":"<p>Sorry, this entry is only available in Turkish. For the sake of viewer convenience, the content is shown below in the alternative language. You may click the link to switch the active language. Avrupa N\u00fckleer Ara\u015ft\u0131rma Merkezi (CERN) bilim adamlar\u0131, iki atomalt\u0131 par\u00e7ac\u0131\u011f\u0131 ke\u015ffetti. CERN\u2019den yap\u0131lan a\u00e7\u0131klamada, ke\u015ffin, d\u00fcnyan\u0131n nas\u0131l meydana geldi\u011fini tan\u0131mlayan par\u00e7ac\u0131k fizi\u011finin [&hellip;]<\/p>\n","protected":false},"author":1,"featured_media":33675,"comment_status":"open","ping_status":"open","sticky":false,"template":"","format":"standard","meta":[],"categories":[53,43],"tags":[19657,19658,12446,63,67,1009,165,19659,18761,71,21,19660],"views":924,"_links":{"self":[{"href":"https:\/\/www.enerjigazetesi.ist\/en\/wp-json\/wp\/v2\/posts\/33674"}],"collection":[{"href":"https:\/\/www.enerjigazetesi.ist\/en\/wp-json\/wp\/v2\/posts"}],"about":[{"href":"https:\/\/www.enerjigazetesi.ist\/en\/wp-json\/wp\/v2\/types\/post"}],"author":[{"embeddable":true,"href":"https:\/\/www.enerjigazetesi.ist\/en\/wp-json\/wp\/v2\/users\/1"}],"replies":[{"embeddable":true,"href":"https:\/\/www.enerjigazetesi.ist\/en\/wp-json\/wp\/v2\/comments?post=33674"}],"version-history":[{"count":1,"href":"https:\/\/www.enerjigazetesi.ist\/en\/wp-json\/wp\/v2\/posts\/33674\/revisions"}],"predecessor-version":[{"id":33676,"href":"https:\/\/www.enerjigazetesi.ist\/en\/wp-json\/wp\/v2\/posts\/33674\/revisions\/33676"}],"wp:featuredmedia":[{"embeddable":true,"href":"https:\/\/www.enerjigazetesi.ist\/en\/wp-json\/wp\/v2\/media\/33675"}],"wp:attachment":[{"href":"https:\/\/www.enerjigazetesi.ist\/en\/wp-json\/wp\/v2\/media?parent=33674"}],"wp:term":[{"taxonomy":"category","embeddable":true,"href":"https:\/\/www.enerjigazetesi.ist\/en\/wp-json\/wp\/v2\/categories?post=33674"},{"taxonomy":"post_tag","embeddable":true,"href":"https:\/\/www.enerjigazetesi.ist\/en\/wp-json\/wp\/v2\/tags?post=33674"}],"curies":[{"name":"wp","href":"https:\/\/api.w.org\/{rel}","templated":true}]}}