{"id":33660,"date":"2014-11-20T11:34:59","date_gmt":"2014-11-20T08:34:59","guid":{"rendered":"https:\/\/www.enerjigazetesi.ist\/?p=33660"},"modified":"2014-11-20T11:44:50","modified_gmt":"2014-11-20T08:44:50","slug":"turkiye-ile-cezayir-enerji-alaninda-isbirligine-dair-ortak-deklarasyon-imzaladi","status":"publish","type":"post","link":"https:\/\/www.enerjigazetesi.ist\/en\/turkiye-ile-cezayir-enerji-alaninda-isbirligine-dair-ortak-deklarasyon-imzaladi\/","title":{"rendered":"(Turkish) T\u00fcrkiye \u0130le Cezayir&#8217;den \u201cEnerji Alan\u0131nda \u0130\u015fbirli\u011fine Dair Ortak Deklarasyon!\u201d"},"content":{"rendered":"<p class=\"qtranxs-available-languages-message qtranxs-available-languages-message-en\">Sorry, this entry is only available in <a href=\"https:\/\/www.enerjigazetesi.ist\/tr\/wp-json\/wp\/v2\/posts\/33660\" class=\"qtranxs-available-language-link qtranxs-available-language-link-tr\" title=\"Turkish\">Turkish<\/a>. For the sake of viewer convenience, the content is shown below in the alternative language. You may click the link to switch the active language.<\/p><p><\/p>\n<p style=\"color: #3c3c3c;\"><strong>Cezayir\u2019den s\u0131v\u0131la\u015ft\u0131r\u0131lm\u0131\u015f do\u011falgaz (LNG) al\u0131m\u0131na ili\u015fkin iki \u00fclke aras\u0131ndaki mevcut anla\u015fman\u0131n 10 y\u0131l uzat\u0131lmas\u0131n\u0131 \u00f6ng\u00f6ren deklarasyon kapsam\u0131nda, iki \u00fclke \u015firketleri aras\u0131nda do\u011f<a href=\"https:\/\/www.enerjigazetesi.ist\/wp-content\/uploads\/2014\/11\/turkiye-ile-cezayir-enerji-alaninda-isbirligine-dair-ortak-deklarasyon-imzaladi.jpg\"><img loading=\"lazy\" class=\"alignright size-medium wp-image-33661\" src=\"https:\/\/www.enerjigazetesi.ist\/wp-content\/uploads\/2014\/11\/turkiye-ile-cezayir-enerji-alaninda-isbirligine-dair-ortak-deklarasyon-imzaladi-300x220.jpg\" alt=\"turkiye-ile-cezayir-enerji-alaninda-isbirligine-dair-ortak-deklarasyon-imzaladi\" width=\"300\" height=\"220\" srcset=\"https:\/\/www.enerjigazetesi.ist\/wp-content\/uploads\/2014\/11\/turkiye-ile-cezayir-enerji-alaninda-isbirligine-dair-ortak-deklarasyon-imzaladi-300x220.jpg 300w, https:\/\/www.enerjigazetesi.ist\/wp-content\/uploads\/2014\/11\/turkiye-ile-cezayir-enerji-alaninda-isbirligine-dair-ortak-deklarasyon-imzaladi-500x367.jpg 500w, https:\/\/www.enerjigazetesi.ist\/wp-content\/uploads\/2014\/11\/turkiye-ile-cezayir-enerji-alaninda-isbirligine-dair-ortak-deklarasyon-imzaladi-67x50.jpg 67w, https:\/\/www.enerjigazetesi.ist\/wp-content\/uploads\/2014\/11\/turkiye-ile-cezayir-enerji-alaninda-isbirligine-dair-ortak-deklarasyon-imzaladi.jpg 870w\" sizes=\"(max-width: 300px) 100vw, 300px\" \/><\/a>algaz aranmas\u0131 ve \u00fcretimine ili\u015fkin ortak projeler geli\u015ftirilecek.<span id=\"more-68207\"><\/span><\/strong><\/p>\n<p style=\"color: #3c3c3c;\">T\u00fcrkiye ile Cezayir aras\u0131nda \u201cEnerji Alan\u0131nda \u0130\u015fbirli\u011fine Dair Ortak Deklarasyon\u201d imzaland\u0131.Cumhurba\u015fkan\u0131 Recep Tayyip Erdo\u011fan\u2019a, Cezayir\u2019e yapt\u0131\u011f\u0131 resmi ziyarette e\u015flik eden Enerji ve Tabii Kaynaklar Bakan\u0131 Taner Y\u0131ld\u0131z, Cezayir Enerji Bakan\u0131 Youcef Yousfi ile bir araya geldi. Bas\u0131na kapal\u0131 ger\u00e7ekle\u015fen g\u00f6r\u00fc\u015fmede bakanlar, \u201cEnerji Alan\u0131nda \u0130\u015fbirli\u011fine Dair Ortak Deklarasyon\u201da imza att\u0131. Enerji Ve Tabii Kaynaklar Bakanl\u0131\u011f\u0131 yetkililerinden al\u0131nan bilgiye g\u00f6re, T\u00fcrkiye ile Cezayir aras\u0131nda mevcut karde\u015flik ba\u011flar\u0131 ve ekonomik i\u015fbirli\u011fi kapsam\u0131nda imzalanan deklarasyon d\u00f6rt ba\u015fl\u0131ktan olu\u015fuyor.<\/p>\n<p style=\"color: #3c3c3c;\">Buna g\u00f6re, iki \u00fclke enerji \u015firketleri aras\u0131nda mevcut s\u0131v\u0131la\u015ft\u0131r\u0131lm\u0131\u015f do\u011falgaz (LNG) sat\u0131m anla\u015fmas\u0131 10 y\u0131l s\u00fcreyle uzat\u0131l\u0131yor. \u0130ki \u00fclke \u015firketleri aras\u0131nda do\u011falgaz aranmas\u0131 ve \u00fcretimine ili\u015fkin ortak projeler geli\u015ftirilecek. G\u00fcne\u015f enerji ba\u015fta olmak \u00fczere yenilenebilir enerji kaynaklar\u0131na ili\u015fkin i\u015fbirli\u011fi yap\u0131lacak. Elektrik iletimi ve sistem i\u015fletimi geli\u015ftirilmesine ili\u015fkin de i\u015fbirli\u011fi i\u00e7inde \u00e7al\u0131\u015f\u0131lacak.<\/p>\n<p style=\"color: #3c3c3c;\">Kaynak: <a href=\"http:\/\/enerjienstitusu.com\/2014\/11\/20\/turkiye-ile-cezayir-enerji-alaninda-isbirligine-dair-ortak-deklarasyon-imzaladi\/\" target=\"_blank\" rel=\"nofollow\">Enerji Enstit\u00fcs\u00fc<\/a><\/p>\n<p><\/p>","protected":false},"excerpt":{"rendered":"<p>Sorry, this entry is only available in Turkish. For the sake of viewer convenience, the content is shown below in the alternative language. You may click the link to switch the active language. Cezayir\u2019den s\u0131v\u0131la\u015ft\u0131r\u0131lm\u0131\u015f do\u011falgaz (LNG) al\u0131m\u0131na ili\u015fkin iki \u00fclke aras\u0131ndaki mevcut anla\u015fman\u0131n 10 y\u0131l uzat\u0131lmas\u0131n\u0131 \u00f6ng\u00f6ren deklarasyon kapsam\u0131nda, iki \u00fclke \u015firketleri aras\u0131nda do\u011falgaz [&hellip;]<\/p>\n","protected":false},"author":1,"featured_media":33661,"comment_status":"open","ping_status":"open","sticky":false,"template":"","format":"standard","meta":[],"categories":[46,53],"tags":[19652,92,19647,226,19590,2479,63,19648,67,1009,165,2012,19649,19650,2585,667,19651],"views":745,"_links":{"self":[{"href":"https:\/\/www.enerjigazetesi.ist\/en\/wp-json\/wp\/v2\/posts\/33660"}],"collection":[{"href":"https:\/\/www.enerjigazetesi.ist\/en\/wp-json\/wp\/v2\/posts"}],"about":[{"href":"https:\/\/www.enerjigazetesi.ist\/en\/wp-json\/wp\/v2\/types\/post"}],"author":[{"embeddable":true,"href":"https:\/\/www.enerjigazetesi.ist\/en\/wp-json\/wp\/v2\/users\/1"}],"replies":[{"embeddable":true,"href":"https:\/\/www.enerjigazetesi.ist\/en\/wp-json\/wp\/v2\/comments?post=33660"}],"version-history":[{"count":3,"href":"https:\/\/www.enerjigazetesi.ist\/en\/wp-json\/wp\/v2\/posts\/33660\/revisions"}],"predecessor-version":[{"id":33670,"href":"https:\/\/www.enerjigazetesi.ist\/en\/wp-json\/wp\/v2\/posts\/33660\/revisions\/33670"}],"wp:featuredmedia":[{"embeddable":true,"href":"https:\/\/www.enerjigazetesi.ist\/en\/wp-json\/wp\/v2\/media\/33661"}],"wp:attachment":[{"href":"https:\/\/www.enerjigazetesi.ist\/en\/wp-json\/wp\/v2\/media?parent=33660"}],"wp:term":[{"taxonomy":"category","embeddable":true,"href":"https:\/\/www.enerjigazetesi.ist\/en\/wp-json\/wp\/v2\/categories?post=33660"},{"taxonomy":"post_tag","embeddable":true,"href":"https:\/\/www.enerjigazetesi.ist\/en\/wp-json\/wp\/v2\/tags?post=33660"}],"curies":[{"name":"wp","href":"https:\/\/api.w.org\/{rel}","templated":true}]}}