{"id":33649,"date":"2014-11-19T18:25:59","date_gmt":"2014-11-19T15:25:59","guid":{"rendered":"https:\/\/www.enerjigazetesi.ist\/?p=33649"},"modified":"2014-11-19T18:25:59","modified_gmt":"2014-11-19T15:25:59","slug":"ulasimin-olmadigi-yerlere-elektrik-ulastiran-esektrik-dunyaya-yayiliyor","status":"publish","type":"post","link":"https:\/\/www.enerjigazetesi.ist\/en\/ulasimin-olmadigi-yerlere-elektrik-ulastiran-esektrik-dunyaya-yayiliyor\/","title":{"rendered":"(Turkish) Ula\u015f\u0131m\u0131n Olmad\u0131\u011f\u0131 Yerlere Elektrik Ula\u015ft\u0131ran \u201cE\u015fektrik\u201d D\u00fcnyaya Yay\u0131l\u0131yor&#8230;"},"content":{"rendered":"<p class=\"qtranxs-available-languages-message qtranxs-available-languages-message-en\">Sorry, this entry is only available in <a href=\"https:\/\/www.enerjigazetesi.ist\/tr\/wp-json\/wp\/v2\/posts\/33649\" class=\"qtranxs-available-language-link qtranxs-available-language-link-tr\" title=\"Turkish\">Turkish<\/a>. For the sake of viewer convenience, the content is shown below in the alternative language. You may click the link to switch the active language.<\/p><p><\/p>\n<p style=\"color: #3c3c3c;\"><strong>Ula\u015f\u0131m\u0131n olmad\u0131\u011f\u0131 yerlere e\u015fek s\u0131rt\u0131nda elektrik ula\u015ft\u0131rd\u0131\u011f\u0131 i\u00e7in \u2018E\u015fektrik\u2019 ad\u0131 verilen uygulamaya, yurti\u00e7i ve d\u0131\u015f\u0131ndan talep geldi. Antalyal\u0131 bir firmayla \u0130zmir Dam\u0131zl\u0131k Koyun Ke\u00e7i Birli\u011fi\u2019nin birlikte y\u00fcr\u00fctt\u00fc\u011f\u00fc, ula\u015f\u0131m\u0131n olmad\u0131\u011f\u0131 yerlere e\u015fek s\u0131rt\u0131nda elektrik ula\u015ft\u0131rd\u0131\u011f\u0131 i\u00e7in \u2018E\u015fektrik\u2019 ad\u0131 verilen uygulamaya, yurti\u00e7i ve d\u0131\u015f\u0131ndan talep geldi.<\/strong><\/p>\n<p style=\"color: #3c3c3c;\">Antalya\u2019da Ser-G\u00fc<a href=\"https:\/\/www.enerjigazetesi.ist\/wp-content\/uploads\/2014\/11\/ulasimin-olmadigi-yerlere-elektrik-ulastiran-esektrik-dunyaya-yayiliyor.jpg\"><img loading=\"lazy\" class=\"alignleft size-medium wp-image-33650\" src=\"https:\/\/www.enerjigazetesi.ist\/wp-content\/uploads\/2014\/11\/ulasimin-olmadigi-yerlere-elektrik-ulastiran-esektrik-dunyaya-yayiliyor-300x185.jpg\" alt=\"ulasimin-olmadigi-yerlere-elektrik-ulastiran-esektrik-dunyaya-yayiliyor\" width=\"300\" height=\"185\" srcset=\"https:\/\/www.enerjigazetesi.ist\/wp-content\/uploads\/2014\/11\/ulasimin-olmadigi-yerlere-elektrik-ulastiran-esektrik-dunyaya-yayiliyor-300x185.jpg 300w, https:\/\/www.enerjigazetesi.ist\/wp-content\/uploads\/2014\/11\/ulasimin-olmadigi-yerlere-elektrik-ulastiran-esektrik-dunyaya-yayiliyor-500x308.jpg 500w, https:\/\/www.enerjigazetesi.ist\/wp-content\/uploads\/2014\/11\/ulasimin-olmadigi-yerlere-elektrik-ulastiran-esektrik-dunyaya-yayiliyor-80x50.jpg 80w, https:\/\/www.enerjigazetesi.ist\/wp-content\/uploads\/2014\/11\/ulasimin-olmadigi-yerlere-elektrik-ulastiran-esektrik-dunyaya-yayiliyor.jpg 602w\" sizes=\"(max-width: 300px) 100vw, 300px\" \/><\/a>n G\u00fcne\u015f Enerji Sistemleri ile \u0130zmir Dam\u0131zl\u0131k Koyun Ke\u00e7i Birli\u011fi, yaylada ya\u015fayanlar ve \u00e7obanlar i\u00e7in \u2018Sosyalle\u015fme ve Bilin\u00e7lenme\u2019 ba\u015fl\u0131kl\u0131 proje \u00fcretti. K\u0131rda ya\u015fayanlar\u0131 k\u0131rda tutmay\u0131 ama\u00e7layan ve ge\u00e7en yaz hayata ge\u00e7irilen projede, ta\u015f\u0131nabilir g\u00fcne\u015f enerji panelleri e\u015fe\u011fin s\u0131rt\u0131na y\u00fcklendi. 5 ile 7 kilowatt g\u00fcc\u00fcndeki ta\u015f\u0131nabilir sistem, ula\u015f\u0131m\u0131n olmad\u0131\u011f\u0131 yerlere e\u015fek s\u0131rt\u0131nda g\u00f6t\u00fcr\u00fclerek elektrik ula\u015ft\u0131r\u0131ld\u0131. Yakla\u015f\u0131k 2 bin 800 lira maliyetli sistem, yaylalarda ya\u015fayan \u00e7ift\u00e7i ve \u00e7obanlar\u0131n ayd\u0131nlatma, buzdolab\u0131, televizyon, hatta internet ihtiyac\u0131n\u0131 kar\u015f\u0131layabildi\u011fi gibi s\u00fct sa\u011f\u0131m \u00fcniteleri ve s\u00fct so\u011futma tanklar\u0131 gibi cihazlar\u0131 \u00e7al\u0131\u015ft\u0131rarak k\u0131r hayat\u0131n\u0131 kolayla\u015ft\u0131r\u0131yor.<\/p>\n<p style=\"color: #3c3c3c;\"><strong>YURT\u0130\u00c7\u0130 VE DI\u015eINDAN TALEP<\/strong><\/p>\n<p style=\"color: #3c3c3c;\">\u0130lk olarak \u0130zmir b\u00f6lgesinde ba\u015flat\u0131lan E\u015fektrik uygulamas\u0131 New York Times, Alman Pro Tv gibi d\u00fcnyaca \u00fcnl\u00fc medya kurulu\u015flar\u0131nda haber ve belgesel oldu. \u0130zmir\u2019de \u015fu an i\u00e7in 22 \u00e7oban\u0131n e\u015fekle, 57 \u00e7oban\u0131n da yaylada yerle\u015fik kulland\u0131\u011f\u0131 \u2018E\u015fektrik\u2019e, hem T\u00fcrkiye hem yurtd\u0131\u015f\u0131ndan \u00e7ok say\u0131da talep geldi. T\u00fcrkiye genelinde k\u00fc\u00e7\u00fckba\u015f hayvan \u00e7iftlikleri ve tavuk k\u00fcmeslerinde de kullan\u0131lmaya ba\u015flan\u0131lan E\u015fektrik, Eski\u015fehir, Bolu, U\u015fak, \u00c7anakkale, K\u00fctahya, Isparta, Trakya ve Ankara\u2019da da ba\u015flat\u0131ld\u0131. Yurtd\u0131\u015f\u0131nda ise G\u00fcney Afrika \u00fclkeleri, Kosova, Kuzey K\u0131br\u0131s T\u00fcrk Cumhuriyeti\u2019nden talep ald\u0131klar\u0131n\u0131 belirten Ser-G\u00fcn Is\u0131 Genel M\u00fcd\u00fcr Yard\u0131mc\u0131s\u0131 U\u011fur Polat, Fas, Nijerya gibi \u00fclkelerde \u00e7ok ihtiya\u00e7 duyuldu\u011funu dile getirdi.<\/p>\n<p style=\"color: #3c3c3c;\">Antalya\u2019daki YAPEX Yap\u0131 Fuar\u0131\u2019nda da stant a\u00e7an Ser-G\u00fcn Is\u0131, burada E\u015fektrik\u2019in semeri ve \u00fczerindeki g\u00fcne\u015f panelini sergiledi. Nijerya\u2019daki 3 yat\u0131r\u0131m firmas\u0131n\u0131n CEO\u2019su Ruth Obih, ya\u015fad\u0131klar\u0131 b\u00f6lgede g\u00fcnl\u00fck 7 saati bulan elektrik kesintisi oldu\u011funu, bu kesintilere kar\u015f\u0131 hem yerle\u015fik kullan\u0131m, hem de hareket halindeki k\u00f6yl\u00fcler i\u00e7in E\u015fektrik\u2019in b\u00fcy\u00fck ihtiya\u00e7 oldu\u011funu s\u00f6yledi. Antalyal\u0131 firman\u0131n E\u015fektrik sistemi Nijerya\u2019da da uygulanacak.<\/p>\n<p style=\"color: #3c3c3c;\">Kaynak: <a href=\"http:\/\/enerjienstitusu.com\/2014\/11\/19\/ulasimin-olmadigi-yerlere-elektrik-ulastiran-esektrik-dunyaya-yayiliyor\/\" target=\"_blank\" rel=\"nofollow\">Enerji Enstit\u00fcs\u00fc<\/a><\/p>\n<p><\/p>","protected":false},"excerpt":{"rendered":"<p>Sorry, this entry is only available in Turkish. For the sake of viewer convenience, the content is shown below in the alternative language. You may click the link to switch the active language. Ula\u015f\u0131m\u0131n olmad\u0131\u011f\u0131 yerlere e\u015fek s\u0131rt\u0131nda elektrik ula\u015ft\u0131rd\u0131\u011f\u0131 i\u00e7in \u2018E\u015fektrik\u2019 ad\u0131 verilen uygulamaya, yurti\u00e7i ve d\u0131\u015f\u0131ndan talep geldi. Antalyal\u0131 bir firmayla \u0130zmir Dam\u0131zl\u0131k [&hellip;]<\/p>\n","protected":false},"author":1,"featured_media":33650,"comment_status":"open","ping_status":"open","sticky":false,"template":"","format":"standard","meta":[],"categories":[51,53,49],"tags":[19590,19638,63,67,3136,1009,165,19639,13,142,19640,19641],"views":725,"_links":{"self":[{"href":"https:\/\/www.enerjigazetesi.ist\/en\/wp-json\/wp\/v2\/posts\/33649"}],"collection":[{"href":"https:\/\/www.enerjigazetesi.ist\/en\/wp-json\/wp\/v2\/posts"}],"about":[{"href":"https:\/\/www.enerjigazetesi.ist\/en\/wp-json\/wp\/v2\/types\/post"}],"author":[{"embeddable":true,"href":"https:\/\/www.enerjigazetesi.ist\/en\/wp-json\/wp\/v2\/users\/1"}],"replies":[{"embeddable":true,"href":"https:\/\/www.enerjigazetesi.ist\/en\/wp-json\/wp\/v2\/comments?post=33649"}],"version-history":[{"count":1,"href":"https:\/\/www.enerjigazetesi.ist\/en\/wp-json\/wp\/v2\/posts\/33649\/revisions"}],"predecessor-version":[{"id":33651,"href":"https:\/\/www.enerjigazetesi.ist\/en\/wp-json\/wp\/v2\/posts\/33649\/revisions\/33651"}],"wp:featuredmedia":[{"embeddable":true,"href":"https:\/\/www.enerjigazetesi.ist\/en\/wp-json\/wp\/v2\/media\/33650"}],"wp:attachment":[{"href":"https:\/\/www.enerjigazetesi.ist\/en\/wp-json\/wp\/v2\/media?parent=33649"}],"wp:term":[{"taxonomy":"category","embeddable":true,"href":"https:\/\/www.enerjigazetesi.ist\/en\/wp-json\/wp\/v2\/categories?post=33649"},{"taxonomy":"post_tag","embeddable":true,"href":"https:\/\/www.enerjigazetesi.ist\/en\/wp-json\/wp\/v2\/tags?post=33649"}],"curies":[{"name":"wp","href":"https:\/\/api.w.org\/{rel}","templated":true}]}}