{"id":33612,"date":"2014-11-18T18:52:22","date_gmt":"2014-11-18T15:52:22","guid":{"rendered":"https:\/\/www.enerjigazetesi.ist\/?p=33612"},"modified":"2014-11-18T18:52:22","modified_gmt":"2014-11-18T15:52:22","slug":"turkiyenin-cari-acigi-petrol-fiyatlarinin-dusmesiyle-giderek-azaliyor","status":"publish","type":"post","link":"https:\/\/www.enerjigazetesi.ist\/en\/turkiyenin-cari-acigi-petrol-fiyatlarinin-dusmesiyle-giderek-azaliyor\/","title":{"rendered":"(Turkish) T\u00fcrkiye\u2019nin Cari A\u00e7\u0131\u011f\u0131, Petrol Fiyatlar\u0131n\u0131n D\u00fc\u015fmesiyle Giderek Azal\u0131yor&#8230;"},"content":{"rendered":"<p class=\"qtranxs-available-languages-message qtranxs-available-languages-message-en\">Sorry, this entry is only available in <a href=\"https:\/\/www.enerjigazetesi.ist\/tr\/wp-json\/wp\/v2\/posts\/33612\" class=\"qtranxs-available-language-link qtranxs-available-language-link-tr\" title=\"Turkish\">Turkish<\/a>. For the sake of viewer convenience, the content is shown below in the alternative language. You may click the link to switch the active language.<\/p><p><\/p>\n<p style=\"color: #3c3c3c;\"><strong>Jeopolitik gerginlikler ve Avrupa\u2019daki toparlanman\u0131n gecikmesinin cari a\u00e7\u0131\u011f\u0131 olumsuz etkiledi\u011fi bu d\u00f6nemde, petrol fiyatlar\u0131ndaki d\u00fc\u015f\u00fc\u015f ayr\u0131 bir \u00f6nem ta\u015f\u0131rken, uzmanlar T\u00fcrkiye\u2019nin bu y\u0131lki cari a\u00e7\u0131\u011f\u0131n\u0131n ge\u00e7mi\u015f y\u0131llara oranla b\u00fcy\u00fck\u00a0gerileme g\u00f6sterece\u011fine i\u015faret ediyor. Ge\u00e7en y\u0131l kas\u0131m ay\u0131nda 112 dolar seviyesinde bulunan brent petrol fiyatlar\u0131, bu y\u0131l\u0131n ayn\u0131 d\u00f6neminde 78,8 dolara kadar gerilerken, petrol\u00fcn varil fiyat\u0131ndaki her 10 dolarl\u0131k d\u00fc\u015f\u00fc\u015f T\u00fcrkiye\u2019nin cari a\u00e7\u0131\u011f\u0131n\u0131n GSYH\u2019ye oran\u0131n\u0131 y\u00fczde 0,6 d\u00fc\u015f\u00fcr\u00fcyor. Bu y\u0131l cari a\u00e7\u0131\u011f\u0131n GSYH\u2019ye oran\u0131n y\u00fczde 5,7 olmas\u0131 \u00f6ng\u00f6r\u00fcl\u00fcyor.<\/strong><\/p>\n<p style=\"color: #3c3c3c;\">T\u00fcrkiye\u2019nin 2013 y\u0131l\u0131 cari i\u015flemler a\u00e7\u0131\u011f\u0131, bir \u00f6nceki y\u0131la g\u00f6re 16 milyar 507 milyon dolar artarak 65 milyar 4 milyon dolara y\u00fckselmi\u015fti.<img loading=\"lazy\" class=\"alignright size-medium wp-image-33613\" src=\"https:\/\/www.enerjigazetesi.ist\/wp-content\/uploads\/2014\/11\/turkiyenin-cari-acigi-petrol-fiyatlarinin-dusmesiyle-giderek-azaliyor-300x193.jpg\" alt=\"turkiyenin-cari-acigi-petrol-fiyatlarinin-dusmesiyle-giderek-azaliyor\" width=\"300\" height=\"193\" srcset=\"https:\/\/www.enerjigazetesi.ist\/wp-content\/uploads\/2014\/11\/turkiyenin-cari-acigi-petrol-fiyatlarinin-dusmesiyle-giderek-azaliyor-300x193.jpg 300w, https:\/\/www.enerjigazetesi.ist\/wp-content\/uploads\/2014\/11\/turkiyenin-cari-acigi-petrol-fiyatlarinin-dusmesiyle-giderek-azaliyor-500x322.jpg 500w, https:\/\/www.enerjigazetesi.ist\/wp-content\/uploads\/2014\/11\/turkiyenin-cari-acigi-petrol-fiyatlarinin-dusmesiyle-giderek-azaliyor-77x50.jpg 77w, https:\/\/www.enerjigazetesi.ist\/wp-content\/uploads\/2014\/11\/turkiyenin-cari-acigi-petrol-fiyatlarinin-dusmesiyle-giderek-azaliyor.jpg 870w\" sizes=\"(max-width: 300px) 100vw, 300px\" \/><\/p>\n<p style=\"color: #3c3c3c;\">Bu y\u0131l\u0131n ocak-a\u011fustos d\u00f6nemindeki cari i\u015flemler a\u00e7\u0131\u011f\u0131 da ge\u00e7en y\u0131l\u0131n d\u00f6nemine g\u00f6re 16 milyar 199 milyon dolar azalarak 29 milyar 586 milyon dolara gerilemi\u015fti.<\/p>\n<h2 style=\"color: #232323;\">Cepten 1,5 milyar dolar daha az \u00e7\u0131kt\u0131<\/h2>\n<p style=\"color: #3c3c3c;\">Ham petrol ithalat\u0131n\u0131n azalmas\u0131 ve petrol fiyatlar\u0131n\u0131n gerilemesiyle T\u00fcrkiye\u2019nin bu alandaki ihtiyac\u0131n\u0131 kar\u015f\u0131lamak i\u00e7in yapt\u0131\u011f\u0131 \u00f6deme, y\u0131l\u0131n 9 ay\u0131nda ge\u00e7en y\u0131l\u0131n ayn\u0131 d\u00f6nemine g\u00f6re 1,5 milyar dolar d\u00fc\u015ft\u00fc.<\/p>\n<p style=\"color: #3c3c3c;\">T\u00fcrkiye ge\u00e7en y\u0131l\u0131n 9 ay\u0131nda 14 milyon 23 bin ton ham petrol ithal etti. Bu y\u0131l\u0131n ayn\u0131 d\u00f6neminde ithal edilen ham petrol 12 milyon 460 bin tona geriledi. Bu y\u0131l\u0131n ocak-eyl\u00fcl d\u00f6nemindeki ham petrol ithalat\u0131 ge\u00e7en y\u0131l\u0131n ayn\u0131 d\u00f6nemine g\u00f6re 1 milyon 563 bin ton geriledi. S\u00f6z konusu d\u00f6nemde ham petrol ithalat\u0131nda y\u00fczde 11,1\u2019lik gerileme kaydedildi.<\/p>\n<p style=\"color: #3c3c3c;\">Ham petrol ithalat\u0131 i\u00e7in bu y\u0131l\u0131n 9 ay\u0131nda yap\u0131lan \u00f6deme tutar\u0131, son 4 y\u0131l\u0131n ayn\u0131 d\u00f6nemine g\u00f6re en d\u00fc\u015f\u00fck d\u00fczeyde kald\u0131.<\/p>\n<p style=\"color: #3c3c3c;\">T\u00fcrkiye, 2011\u2019in 9 ay\u0131nda ham petrol ithaline kar\u015f\u0131l\u0131k 11 milyar 445 milyon, 2012\u2019nin ayn\u0131 d\u00f6neminde 12 milyar 37 milyon, 2013\u2019\u00fcn ayn\u0131 d\u00f6neminde 11 milyar 314 milyon dolar \u00f6derken, bu y\u0131l\u0131n ayn\u0131 d\u00f6neminde ham petrol ithalat\u0131n\u0131n faturas\u0131 9 milyar 814 milyon dolara d\u00fc\u015ft\u00fc.<\/p>\n<h2 style=\"color: #232323;\">\u201cPetrol fiyatlar\u0131ndaki d\u00fc\u015f\u00fc\u015f sanayicinin maliyetlerini d\u00fc\u015f\u00fcrecek\u201d<\/h2>\n<p style=\"color: #3c3c3c;\">Siyaset, Ekonomi ve Toplum Ara\u015ft\u0131rmalar\u0131 Vakf\u0131 (SETA) Ekonomi Direkt\u00f6r\u00fc Erdal Tanas Karag\u00f6l, \u00a0petrol fiyatlar\u0131ndaki d\u00fc\u015f\u00fc\u015f\u00fcn, T\u00fcrkiye\u2019nin makroekonomik bir\u00e7ok g\u00f6stergesine olumlu katk\u0131 yapaca\u011f\u0131n\u0131 s\u00f6yledi.<\/p>\n<p style=\"color: #3c3c3c;\">Enerji kalemlerinin herhangi birinde ya\u015fanan fiyat d\u00fc\u015f\u00fc\u015f\u00fcn\u00fcn, T\u00fcrkiye ekonomisinde \u00f6nemli de\u011fi\u015fimlere neden oldu\u011funa i\u015faret eden Karag\u00f6l, \u201c\u00c7\u00fcnk\u00fc b\u00fcy\u00fck \u00f6l\u00e7\u00fcde enerjiyi ithal eden bir \u00fclkeyiz ve s\u00f6z konusu kaleme \u00f6nemli bir harcama yap\u0131yoruz. Burada ya\u015fanan en ufak bir fiyat de\u011fi\u015fiminin etkisi de bu nedenle b\u00fcy\u00fck oluyor\u201d dedi.<\/p>\n<p style=\"color: #3c3c3c;\">Karag\u00f6l, petrol fiyatlar\u0131nda ya\u015fanan d\u00fc\u015f\u00fc\u015f\u00fcn d\u0131\u015f ticaret a\u00e7\u0131\u011f\u0131ndan cari a\u00e7\u0131\u011fa, b\u00fct\u00e7eden \u00fcretim maliyetlerine ve enflasyona kadar \u00f6nemli etkileri olaca\u011f\u0131n\u0131 ifade etti.<\/p>\n<p style=\"color: #3c3c3c;\">S\u00f6z konusu fiyat de\u011fi\u015fiminin d\u0131\u015f ticaret ve cari a\u00e7\u0131ktaki etkisinin hemen, enflasyon ve \u00fcretim maliyetlerine etkisinin ise yak\u0131n zamanda g\u00f6r\u00fclece\u011fini anlatan Karag\u00f6l, \u015funlar\u0131 kaydetti:<\/p>\n<p style=\"color: #3c3c3c;\">\u201cPetrol, \u00fcretimde kullan\u0131lan \u00f6nemli bir girdi oldu\u011fu i\u00e7in fiyatlardaki bu d\u00fc\u015f\u00fc\u015f, \u00f6zellikle sanayicilerimizin girdi maliyetlerini ciddi oranda a\u015fa\u011f\u0131 \u00e7ekecektir. Bu da \u00fcreticilerimizin rekabet g\u00fcc\u00fcne ve sat\u0131\u015flar\u0131na olumlu anlamda yans\u0131yacak. \u00dcretimde g\u00f6r\u00fclen bu geli\u015fme, tabii ki \u00fclkenin b\u00fcy\u00fcme rakamlar\u0131n\u0131 da pozitif y\u00f6nde etkileyecek. \u00d6te yandan, s\u00f6z konusu fiyat d\u00fc\u015f\u00fc\u015f\u00fc, enflasyonla m\u00fccadeleye de \u00f6nemli katk\u0131 sunacak.<\/p>\n<p style=\"color: #3c3c3c;\">Son olarak, t\u00fcm bu pozitif yans\u0131malar\u0131n \u00fclke ekonomisinde olu\u015fturaca\u011f\u0131 olumlu havaya da de\u011finmek gerekir. Makroekonomik bir\u00e7ok veriyi etkileyecek bu geli\u015fmenin, beklentileri de olumlu y\u00f6nde etkileyece\u011fini d\u00fc\u015f\u00fcn\u00fcyorum. Ayr\u0131ca b\u00f6lgemizdeki jeopolitik risklere ra\u011fmen petrol fiyatlar\u0131n\u0131n d\u00fc\u015fmesi, en az\u0131ndan bu alandaki riskleri azaltma noktas\u0131nda da katk\u0131 yapm\u0131\u015f olacak.\u201d<\/p>\n<p style=\"color: #3c3c3c;\">Haberin Devam\u0131 i\u00e7in\u00a0<a style=\"color: #c75615;\" href=\"http:\/\/www.cnnturk.com\/haber\/ekonomi\/genel\/ekonomiye-petrol-dopingi\" target=\"_blank\" rel=\"nofollow\">t\u0131klay\u0131n\u0131z&gt;&gt;&gt;<\/a><\/p>\n<p style=\"color: #3c3c3c;\">Kaynak: Cnn Turk<\/p>\n<p><\/p>","protected":false},"excerpt":{"rendered":"<p>Sorry, this entry is only available in Turkish. For the sake of viewer convenience, the content is shown below in the alternative language. You may click the link to switch the active language. Jeopolitik gerginlikler ve Avrupa\u2019daki toparlanman\u0131n gecikmesinin cari a\u00e7\u0131\u011f\u0131 olumsuz etkiledi\u011fi bu d\u00f6nemde, petrol fiyatlar\u0131ndaki d\u00fc\u015f\u00fc\u015f ayr\u0131 bir \u00f6nem ta\u015f\u0131rken, uzmanlar T\u00fcrkiye\u2019nin bu [&hellip;]<\/p>\n","protected":false},"author":1,"featured_media":33613,"comment_status":"open","ping_status":"open","sticky":false,"template":"","format":"standard","meta":[],"categories":[53,44],"tags":[63,67,3136,1009,165,2254,17107,7750,59,79,347,3238,846,18687],"views":490,"_links":{"self":[{"href":"https:\/\/www.enerjigazetesi.ist\/en\/wp-json\/wp\/v2\/posts\/33612"}],"collection":[{"href":"https:\/\/www.enerjigazetesi.ist\/en\/wp-json\/wp\/v2\/posts"}],"about":[{"href":"https:\/\/www.enerjigazetesi.ist\/en\/wp-json\/wp\/v2\/types\/post"}],"author":[{"embeddable":true,"href":"https:\/\/www.enerjigazetesi.ist\/en\/wp-json\/wp\/v2\/users\/1"}],"replies":[{"embeddable":true,"href":"https:\/\/www.enerjigazetesi.ist\/en\/wp-json\/wp\/v2\/comments?post=33612"}],"version-history":[{"count":1,"href":"https:\/\/www.enerjigazetesi.ist\/en\/wp-json\/wp\/v2\/posts\/33612\/revisions"}],"predecessor-version":[{"id":33614,"href":"https:\/\/www.enerjigazetesi.ist\/en\/wp-json\/wp\/v2\/posts\/33612\/revisions\/33614"}],"wp:featuredmedia":[{"embeddable":true,"href":"https:\/\/www.enerjigazetesi.ist\/en\/wp-json\/wp\/v2\/media\/33613"}],"wp:attachment":[{"href":"https:\/\/www.enerjigazetesi.ist\/en\/wp-json\/wp\/v2\/media?parent=33612"}],"wp:term":[{"taxonomy":"category","embeddable":true,"href":"https:\/\/www.enerjigazetesi.ist\/en\/wp-json\/wp\/v2\/categories?post=33612"},{"taxonomy":"post_tag","embeddable":true,"href":"https:\/\/www.enerjigazetesi.ist\/en\/wp-json\/wp\/v2\/tags?post=33612"}],"curies":[{"name":"wp","href":"https:\/\/api.w.org\/{rel}","templated":true}]}}