{"id":33554,"date":"2014-11-17T15:51:14","date_gmt":"2014-11-17T12:51:14","guid":{"rendered":"https:\/\/www.enerjigazetesi.ist\/?p=33554"},"modified":"2014-11-17T15:51:57","modified_gmt":"2014-11-17T12:51:57","slug":"bakan-yildiz-ne-zeytinlikten-ne-de-enerji-santrallerinden-vazgeceriz","status":"publish","type":"post","link":"https:\/\/www.enerjigazetesi.ist\/en\/bakan-yildiz-ne-zeytinlikten-ne-de-enerji-santrallerinden-vazgeceriz\/","title":{"rendered":"(Turkish) Bakan Y\u0131ld\u0131z: \u201cNe Zeytinlikten Ne de Enerji Santrallerinden Vazge\u00e7eriz!\u201d"},"content":{"rendered":"<p class=\"qtranxs-available-languages-message qtranxs-available-languages-message-en\">Sorry, this entry is only available in <a href=\"https:\/\/www.enerjigazetesi.ist\/tr\/wp-json\/wp\/v2\/posts\/33554\" class=\"qtranxs-available-language-link qtranxs-available-language-link-tr\" title=\"Turkish\">Turkish<\/a>. For the sake of viewer convenience, the content is shown below in the alternative language. You may click the link to switch the active language.<\/p><p><\/p>\n<p style=\"color: #3c3c3c;\"><strong>Enerji ve Tabii Kaynaklar Bakan\u0131 Taner Y\u0131ld\u0131z, Soma\u2019da kurulmas\u0131 planlanan termik santrale ili\u015fkin, \u201cBize soruyorlar, \u2018zeytinlikten mi vazge\u00e7iyorsunuz, santralden mi\u2019 diye. \u015eunu bilin ki bu, bir keyfiyet meselesidir, kemiyet, rakam meselesi de\u011fildir. Biz ne zeytinlikten ne de enerji santrallerinden vazge\u00e7meyiz\u201d dedi.<\/strong><span id=\"more-68124\"><\/span><\/p>\n<p style=\"color: #3c3c3c;\">AK Parti Kartepe \u0130l\u00e7e Ba\u015fkanl\u0131\u011f\u0131n\u0131n kongresinde konu\u015fan Y\u0131ld\u0131z, zeytin ve elektrik santrali konusunda birini tercih etmenin di\u011ferinden vazge\u00e7mek anlam\u0131na gelmedi\u011fini, madenlerde de enerji santrallerinde de \u00fclkenin g<a href=\"https:\/\/www.enerjigazetesi.ist\/wp-content\/uploads\/2014\/11\/bakan-yildiz-ne-zeytinlikten-ne-de-enerji-santrallerinden-vazgeceriz.jpg\"><img loading=\"lazy\" class=\"alignright size-medium wp-image-33555\" src=\"https:\/\/www.enerjigazetesi.ist\/wp-content\/uploads\/2014\/11\/bakan-yildiz-ne-zeytinlikten-ne-de-enerji-santrallerinden-vazgeceriz-300x200.jpg\" alt=\"bakan-yildiz-ne-zeytinlikten-ne-de-enerji-santrallerinden-vazgeceriz\" width=\"300\" height=\"200\" srcset=\"https:\/\/www.enerjigazetesi.ist\/wp-content\/uploads\/2014\/11\/bakan-yildiz-ne-zeytinlikten-ne-de-enerji-santrallerinden-vazgeceriz-300x200.jpg 300w, https:\/\/www.enerjigazetesi.ist\/wp-content\/uploads\/2014\/11\/bakan-yildiz-ne-zeytinlikten-ne-de-enerji-santrallerinden-vazgeceriz-500x333.jpg 500w, https:\/\/www.enerjigazetesi.ist\/wp-content\/uploads\/2014\/11\/bakan-yildiz-ne-zeytinlikten-ne-de-enerji-santrallerinden-vazgeceriz-75x50.jpg 75w, https:\/\/www.enerjigazetesi.ist\/wp-content\/uploads\/2014\/11\/bakan-yildiz-ne-zeytinlikten-ne-de-enerji-santrallerinden-vazgeceriz.jpg 870w\" sizes=\"(max-width: 300px) 100vw, 300px\" \/><\/a>eli\u015fmesine, b\u00fcy\u00fcmesine katk\u0131 sa\u011flayacak, cari a\u00e7\u0131\u011f\u0131 azaltacak her t\u00fcrl\u00fc projeyi ger\u00e7ekle\u015ftireceklerini s\u00f6yledi.<\/p>\n<p style=\"color: #3c3c3c;\">AK Parti h\u00fck\u00fcmetleri \u00fclkenin idaresini ele ald\u0131\u011f\u0131nda T\u00fcrkiye\u2019de 100 milyonun alt\u0131nda (92-95 milyon) zeytin a\u011fac\u0131 bulundu\u011funu, \u015fu anki zeytin a\u011fa\u00e7lar\u0131n\u0131n 170 milyona ula\u015ft\u0131\u011f\u0131na dikkati \u00e7eken Y\u0131ld\u0131z, \u201cHani biz zeytin a\u011fac\u0131n\u0131 kesiyorduk. Hay\u0131r, zeytin a\u011fac\u0131n\u0131n art\u0131\u015f\u0131n\u0131 b\u00fct\u00fcn iklim \u015fartlar\u0131 uygun olan yerlerde ger\u00e7ekle\u015ftirdik. G\u0131da, Tar\u0131m ve Hayvanc\u0131l\u0131k Bakanl\u0131\u011f\u0131m\u0131z\u0131n bu manada \u00e7ok \u00f6nemli hizmetleri oldu\u201d ifadesini kulland\u0131.<\/p>\n<p style=\"color: #3c3c3c;\">Bu \u00fclkenin tek kayna\u011f\u0131n\u0131n, tek zenginli\u011finin zeytin a\u011fa\u00e7lar\u0131 olmad\u0131\u011f\u0131n\u0131, yer alt\u0131 kaynaklar\u0131 bulundu\u011funu belirten y\u0131ld\u0131z, Eti Holding\u2019in yakla\u015f\u0131k 685 milyon dolar ciro, 685 milyon lira kar yapt\u0131\u011f\u0131n\u0131, yer alt\u0131ndaki topra\u011f\u0131 \u00e7\u0131kart\u0131p i\u015flediklerini ve satt\u0131klar\u0131n\u0131 kaydetti.<\/p>\n<p style=\"color: #3c3c3c;\">\u201cO y\u00fczden ne yer alt\u0131ndan ne de \u00fcst\u00fcnden vazge\u00e7elim. Bunu ba\u015farabiliriz\u201d diyen Y\u0131ld\u0131z, \u015f\u00f6yle devam etti:<\/p>\n<p style=\"color: #3c3c3c;\">\u201cO sahada 153 milyon ton k\u00f6m\u00fcr var. Bunun piyasa de\u011feri yakla\u015f\u0131k 7,5 milyar dolar. Bu para hepimizin. 77 milyonun. Santralde yakla\u015f\u0131k 4 bin ki\u015fi \u00e7al\u0131\u015facak. Zeytin a\u011fac\u0131 say\u0131m\u0131z\u0131n 170 milyona ula\u015ft\u0131\u011f\u0131n\u0131 g\u00f6rd\u00fcm. Orada ne kadar eksilirse en az 10 kat\u0131n\u0131 da dikme zorunlulu\u011fu getiriyoruz. Yapt\u0131\u011f\u0131m\u0131z anla\u015fma gere\u011fi her \u00fcretilen elektrikten 150 milyon lira y\u0131ll\u0131k bedel alaca\u011f\u0131z. Bu parayla her y\u0131l 9 milyon zeytin a\u011fac\u0131 dikebiliyoruz. Oraya kurulacak santralle 230 milyon dolarl\u0131k her y\u0131l daha az do\u011falgaz ithalat\u0131 yapaca\u011f\u0131z. Akl\u0131n yolu bir.\u201d<\/p>\n<p style=\"color: #3c3c3c;\">Zeytin a\u011fa\u00e7lar\u0131n\u0131n hoyrat\u00e7a s\u00f6k\u00fclmesinden yana olmad\u0131klar\u0131n\u0131, \u00fcslup hatalar\u0131n\u0131n, bir k\u0131s\u0131m yanl\u0131\u015fl\u0131klar\u0131n\u0131n yan\u0131nda olmad\u0131klar\u0131n\u0131 vurgulayan Y\u0131ld\u0131z, \u201cAma ne zeytin a\u011fac\u0131ndan vazge\u00e7eriz ne de elektrik santralinden. Her birisini de bu \u00fclkeye kazand\u0131rmak durumunday\u0131z\u201d diye konu\u015ftu.<\/p>\n<p style=\"color: #3c3c3c;\">Haberin Devam\u0131 i\u00e7in\u00a0<a style=\"color: #c75615;\" href=\"http:\/\/www.yenisafak.com.tr\/gundem\/ikisinden-de-vazgecmeyiz-2025971\" target=\"_blank\" rel=\"nofollow\">t\u0131klay\u0131n\u0131z&gt;&gt;&gt;<\/a><\/p>\n<p style=\"color: #3c3c3c;\">Kaynak: Yeni \u015eafak<\/p>\n<p><\/p>","protected":false},"excerpt":{"rendered":"<p>Sorry, this entry is only available in Turkish. For the sake of viewer convenience, the content is shown below in the alternative language. You may click the link to switch the active language. Enerji ve Tabii Kaynaklar Bakan\u0131 Taner Y\u0131ld\u0131z, Soma\u2019da kurulmas\u0131 planlanan termik santrale ili\u015fkin, \u201cBize soruyorlar, \u2018zeytinlikten mi vazge\u00e7iyorsunuz, santralden mi\u2019 diye. \u015eunu [&hellip;]<\/p>\n","protected":false},"author":1,"featured_media":33555,"comment_status":"open","ping_status":"open","sticky":false,"template":"","format":"standard","meta":[],"categories":[53],"tags":[710,19590,2495,63,67,3136,1009,3458,165,1719,19591,667,438,19589],"views":554,"_links":{"self":[{"href":"https:\/\/www.enerjigazetesi.ist\/en\/wp-json\/wp\/v2\/posts\/33554"}],"collection":[{"href":"https:\/\/www.enerjigazetesi.ist\/en\/wp-json\/wp\/v2\/posts"}],"about":[{"href":"https:\/\/www.enerjigazetesi.ist\/en\/wp-json\/wp\/v2\/types\/post"}],"author":[{"embeddable":true,"href":"https:\/\/www.enerjigazetesi.ist\/en\/wp-json\/wp\/v2\/users\/1"}],"replies":[{"embeddable":true,"href":"https:\/\/www.enerjigazetesi.ist\/en\/wp-json\/wp\/v2\/comments?post=33554"}],"version-history":[{"count":3,"href":"https:\/\/www.enerjigazetesi.ist\/en\/wp-json\/wp\/v2\/posts\/33554\/revisions"}],"predecessor-version":[{"id":33558,"href":"https:\/\/www.enerjigazetesi.ist\/en\/wp-json\/wp\/v2\/posts\/33554\/revisions\/33558"}],"wp:featuredmedia":[{"embeddable":true,"href":"https:\/\/www.enerjigazetesi.ist\/en\/wp-json\/wp\/v2\/media\/33555"}],"wp:attachment":[{"href":"https:\/\/www.enerjigazetesi.ist\/en\/wp-json\/wp\/v2\/media?parent=33554"}],"wp:term":[{"taxonomy":"category","embeddable":true,"href":"https:\/\/www.enerjigazetesi.ist\/en\/wp-json\/wp\/v2\/categories?post=33554"},{"taxonomy":"post_tag","embeddable":true,"href":"https:\/\/www.enerjigazetesi.ist\/en\/wp-json\/wp\/v2\/tags?post=33554"}],"curies":[{"name":"wp","href":"https:\/\/api.w.org\/{rel}","templated":true}]}}