{"id":33457,"date":"2014-11-14T09:52:06","date_gmt":"2014-11-14T06:52:06","guid":{"rendered":"https:\/\/www.enerjigazetesi.ist\/?p=33457"},"modified":"2014-11-14T09:52:06","modified_gmt":"2014-11-14T06:52:06","slug":"enerji-bakanligi-musavirligine-alaattin-unuvar-atandi","status":"publish","type":"post","link":"https:\/\/www.enerjigazetesi.ist\/en\/enerji-bakanligi-musavirligine-alaattin-unuvar-atandi\/","title":{"rendered":"(Turkish) Enerji Bakanl\u0131\u011f\u0131 M\u00fc\u015favirli\u011fi\u2019ne Alaattin \u00dcn\u00fcvar Atand\u0131&#8230;"},"content":{"rendered":"<p class=\"qtranxs-available-languages-message qtranxs-available-languages-message-en\">Sorry, this entry is only available in <a href=\"https:\/\/www.enerjigazetesi.ist\/tr\/wp-json\/wp\/v2\/posts\/33457\" class=\"qtranxs-available-language-link qtranxs-available-language-link-tr\" title=\"Turkish\">Turkish<\/a>. For the sake of viewer convenience, the content is shown below in the alternative language. You may click the link to switch the active language.<\/p><p><\/p>\n<p style=\"color: #3c3c3c;\"><strong>Enerji ve Tabii Kaynaklar Bakanl\u0131\u011f\u0131na ait atama kararlar\u0131 Resmi Gazete\u2019de yay\u0131mland\u0131.<\/strong><span id=\"more-67967\"><\/span><\/p>\n<p style=\"color: #3c3c3c;\">Enerji ve Tabii Kaynaklar Bakanl\u0131\u011f\u0131na ba\u011fl\u0131 Elektrik \u00dcretim A.\u015e Genel M\u00fcd\u00fcrl\u00fc\u011f\u00fc\u2019nde a\u00e7\u0131k bulunan Y\u00f6netim Kurulu \u00dcyeli\u011fine, ayn\u0131 yer Genel M\u00fcd\u00fcr <a href=\"https:\/\/www.enerjigazetesi.ist\/wp-content\/uploads\/2014\/11\/enerji-bakanligi-musavirligi-alaattin-unuvar.jpg\"><img loading=\"lazy\" class=\"alignleft size-medium wp-image-33458\" src=\"https:\/\/www.enerjigazetesi.ist\/wp-content\/uploads\/2014\/11\/enerji-bakanligi-musavirligi-alaattin-unuvar-300x185.jpg\" alt=\"enerji-bakanligi-musavirligi-alaattin-unuvar\" width=\"300\" height=\"185\" srcset=\"https:\/\/www.enerjigazetesi.ist\/wp-content\/uploads\/2014\/11\/enerji-bakanligi-musavirligi-alaattin-unuvar-300x185.jpg 300w, https:\/\/www.enerjigazetesi.ist\/wp-content\/uploads\/2014\/11\/enerji-bakanligi-musavirligi-alaattin-unuvar-500x309.jpg 500w, https:\/\/www.enerjigazetesi.ist\/wp-content\/uploads\/2014\/11\/enerji-bakanligi-musavirligi-alaattin-unuvar-80x50.jpg 80w, https:\/\/www.enerjigazetesi.ist\/wp-content\/uploads\/2014\/11\/enerji-bakanligi-musavirligi-alaattin-unuvar.jpg 870w\" sizes=\"(max-width: 300px) 100vw, 300px\" \/><\/a>Yard\u0131mc\u0131s\u0131 Nurettin Kulal\u0131, Bakanl\u0131k M\u00fc\u015favirli\u011fine de Alaattin \u00dcn\u00fcvar getirildi.<\/p>\n<p style=\"color: #3c3c3c;\">Enerji ve Tabii Kaynaklar\u0131 Bakanl\u0131\u011f\u0131 m\u00fc\u015favirleri Ahmet Muhtaro\u011flu ve \u0130mad Erdo\u011fan ba\u015fka g\u00f6revlere atanmak \u00fczere bu g\u00f6revlerinden al\u0131nd\u0131.<\/p>\n<p style=\"color: #3c3c3c;\">\u00d6te yandan, Boru Hatlar\u0131 ile Petrol Ta\u015f\u0131ma A\u015e (BOTA\u015e) Genel M\u00fcd\u00fcrl\u00fc\u011f\u00fcnde bo\u015f bulunan y\u00f6netim kurulu \u00fcyeli\u011fine (Hazine) Sefa Sad\u0131k Aytekin atand\u0131.<\/p>\n<blockquote><p>Karar Say\u0131s\u0131 : 2014\/1080<br \/>\n1 \u2013 A\u00e7\u0131k bulunan 1 inci derece kadrolu ve +3600 ek g\u00f6stergeli Bakanl\u0131k M\u00fc\u015favirli\u011fine Alaattin \u00dcN\u00dcVAR\u2019\u0131n atanmas\u0131, 657 say\u0131l\u0131 Kanunun 59 ve 60 \u0131nc\u0131 maddeleri ile 2451 say\u0131l\u0131 Kanunun 2 nci maddesi gere\u011fince uygun g\u00f6r\u00fclm\u00fc\u015ft\u00fcr.<\/p><\/blockquote>\n<p>&nbsp;<\/p>\n<blockquote><p>Karar Say\u0131s\u0131 : 2014\/1111<br \/>\n1 \u2013 Bakanl\u0131k M\u00fc\u015faviri Ahmet MUHTARO\u011eLU\u2019nun ba\u015fka bir g\u00f6reve atanmak \u00fczere bu g\u00f6revinden al\u0131nmas\u0131, 2451 say\u0131l\u0131 Kanunun 2 nci maddesi gere\u011fince uygun g\u00f6r\u00fclm\u00fc\u015ft\u00fcr.<\/p><\/blockquote>\n<p>&nbsp;<\/p>\n<blockquote><p>Karar Say\u0131s\u0131 : 2014\/1112<br \/>\n1 \u2013 Bakanl\u0131k M\u00fc\u015faviri \u0130mad ERDO\u011eAN\u2019\u0131n ba\u015fka bir g\u00f6reve atanmak \u00fczere bu g\u00f6revinden al\u0131nmas\u0131, 2451 say\u0131l\u0131 Kanunun 2 nci maddesi gere\u011fince uygun g\u00f6r\u00fclm\u00fc\u015ft\u00fcr.<\/p><\/blockquote>\n<p>&nbsp;<\/p>\n<blockquote><p>1 \u2013 Boru Hatlar\u0131 ile Petrol Ta\u015f\u0131ma A.\u015e. (BOTA\u015e) Genel M\u00fcd\u00fcrl\u00fc\u011f\u00fcnde bo\u015f bulunan Y\u00f6netim Kurulu \u00dcyeli\u011fine (Hazine) Sefa Sad\u0131k AYTEK\u0130N\u2019in atanmas\u0131, 2477 say\u0131l\u0131 Kanunun 2 nci maddesi ile 233 say\u0131l\u0131 Kanun H\u00fckm\u00fcnde Kararnamenin 6 nc\u0131 ve 8 inci maddeleri gere\u011fince uygun g\u00f6r\u00fclm\u00fc\u015ft\u00fcr.<\/p>\n<p>Kaynak: Enerji Enstit\u00fcs\u00fc<\/p><\/blockquote>\n<p><\/p>","protected":false},"excerpt":{"rendered":"<p>Sorry, this entry is only available in Turkish. For the sake of viewer convenience, the content is shown below in the alternative language. You may click the link to switch the active language. Enerji ve Tabii Kaynaklar Bakanl\u0131\u011f\u0131na ait atama kararlar\u0131 Resmi Gazete\u2019de yay\u0131mland\u0131. Enerji ve Tabii Kaynaklar Bakanl\u0131\u011f\u0131na ba\u011fl\u0131 Elektrik \u00dcretim A.\u015e Genel M\u00fcd\u00fcrl\u00fc\u011f\u00fc\u2019nde [&hellip;]<\/p>\n","protected":false},"author":1,"featured_media":33458,"comment_status":"open","ping_status":"open","sticky":false,"template":"","format":"standard","meta":[],"categories":[53],"tags":[19535,19536,963,19537,19538],"views":1608,"_links":{"self":[{"href":"https:\/\/www.enerjigazetesi.ist\/en\/wp-json\/wp\/v2\/posts\/33457"}],"collection":[{"href":"https:\/\/www.enerjigazetesi.ist\/en\/wp-json\/wp\/v2\/posts"}],"about":[{"href":"https:\/\/www.enerjigazetesi.ist\/en\/wp-json\/wp\/v2\/types\/post"}],"author":[{"embeddable":true,"href":"https:\/\/www.enerjigazetesi.ist\/en\/wp-json\/wp\/v2\/users\/1"}],"replies":[{"embeddable":true,"href":"https:\/\/www.enerjigazetesi.ist\/en\/wp-json\/wp\/v2\/comments?post=33457"}],"version-history":[{"count":1,"href":"https:\/\/www.enerjigazetesi.ist\/en\/wp-json\/wp\/v2\/posts\/33457\/revisions"}],"predecessor-version":[{"id":33459,"href":"https:\/\/www.enerjigazetesi.ist\/en\/wp-json\/wp\/v2\/posts\/33457\/revisions\/33459"}],"wp:featuredmedia":[{"embeddable":true,"href":"https:\/\/www.enerjigazetesi.ist\/en\/wp-json\/wp\/v2\/media\/33458"}],"wp:attachment":[{"href":"https:\/\/www.enerjigazetesi.ist\/en\/wp-json\/wp\/v2\/media?parent=33457"}],"wp:term":[{"taxonomy":"category","embeddable":true,"href":"https:\/\/www.enerjigazetesi.ist\/en\/wp-json\/wp\/v2\/categories?post=33457"},{"taxonomy":"post_tag","embeddable":true,"href":"https:\/\/www.enerjigazetesi.ist\/en\/wp-json\/wp\/v2\/tags?post=33457"}],"curies":[{"name":"wp","href":"https:\/\/api.w.org\/{rel}","templated":true}]}}