{"id":33451,"date":"2014-11-13T15:41:35","date_gmt":"2014-11-13T12:41:35","guid":{"rendered":"https:\/\/www.enerjigazetesi.ist\/?p=33451"},"modified":"2014-11-13T15:45:55","modified_gmt":"2014-11-13T12:45:55","slug":"iea-kuresel-enerji-talebi-2040a-kadar-yuzde-37-artacak","status":"publish","type":"post","link":"https:\/\/www.enerjigazetesi.ist\/en\/iea-kuresel-enerji-talebi-2040a-kadar-yuzde-37-artacak\/","title":{"rendered":"(Turkish) IEA: K\u00fcresel Enerji Talebi 2040\u2019a Kadar Y\u00fczde 37 Artacak&#8230;"},"content":{"rendered":"<p class=\"qtranxs-available-languages-message qtranxs-available-languages-message-en\">Sorry, this entry is only available in <a href=\"https:\/\/www.enerjigazetesi.ist\/tr\/wp-json\/wp\/v2\/posts\/33451\" class=\"qtranxs-available-language-link qtranxs-available-language-link-tr\" title=\"Turkish\">Turkish<\/a>. For the sake of viewer convenience, the content is shown below in the alternative language. You may click the link to switch the active language.<\/p><p><\/p>\n<p style=\"color: #3c3c3c;\"><strong>Uluslararas\u0131 Enerji Ajans\u0131 (IEA) taraf\u0131ndan yay\u0131mlanan \u201c2014 D\u00fcnya Enerji G\u00f6r\u00fcn\u00fcm\u00fc\u201d raporuna g\u00f6re, enerji talebindeki art\u0131\u015f, 2025\u2019ten sonra y\u00fczde 2\u2019den y\u00fczde 1\u2019e d\u00fc\u015fecek ve talep art\u0131\u015f\u0131 y\u00fczde 37 olacak.<\/strong><span id=\"more-67950\"><\/span><\/p>\n<p style=\"color: #3c3c3c;\">K\u00fcresel enerji arz ve talebini etkileyebilecek unsurlar\u0131 de\u011ferlendiren ve enerji gelece\u011fine dair tahminler i\u00e7eren rapora g\u00f6re, Avrupa, Japonya, Kore ve Kuzey Amerika\u2019da enerji t\u00fcketimi azal\u0131rken, <img loading=\"lazy\" class=\"alignleft size-medium wp-image-33452\" src=\"https:\/\/www.enerjigazetesi.ist\/wp-content\/uploads\/2014\/11\/rafiner-petrol-rpp23789978323-300x201.jpg\" alt=\"rafiner-petrol-rpp23789978323\" width=\"300\" height=\"201\" srcset=\"https:\/\/www.enerjigazetesi.ist\/wp-content\/uploads\/2014\/11\/rafiner-petrol-rpp23789978323-300x201.jpg 300w, https:\/\/www.enerjigazetesi.ist\/wp-content\/uploads\/2014\/11\/rafiner-petrol-rpp23789978323-500x335.jpg 500w, https:\/\/www.enerjigazetesi.ist\/wp-content\/uploads\/2014\/11\/rafiner-petrol-rpp23789978323-74x50.jpg 74w, https:\/\/www.enerjigazetesi.ist\/wp-content\/uploads\/2014\/11\/rafiner-petrol-rpp23789978323.jpg 870w\" sizes=\"(max-width: 300px) 100vw, 300px\" \/>Asya\u2019n\u0131n geri kalan\u0131nda, Afrika\u2019da, Ortado\u011fu\u2019da ve Latin Amerika\u2019da artacak.<\/p>\n<p style=\"color: #3c3c3c;\">Rapora g\u00f6re, k\u00fcresel enerji talebini kar\u015f\u0131layabilmek i\u00e7in petrol ve gaz arama ve \u00e7\u0131karma faaliyetleri i\u00e7in 2030\u2019a kadar her y\u0131l 900 milyar dolar yat\u0131r\u0131m gerekiyor.<\/p>\n<p style=\"color: #3c3c3c;\">Ula\u015f\u0131m ve petrokimya sekt\u00f6r\u00fcnde petrol kullan\u0131m\u0131n\u0131n artmas\u0131ndan dolay\u0131 petrol talebi y\u00fczde 15,5 art\u0131\u015fla, g\u00fcnl\u00fck 90 milyon varilden 2040\u2019ta 104 milyon varile y\u00fckselecek.<\/p>\n<p style=\"color: #3c3c3c;\">Amerika\u2019da kaya gaz\u0131n\u0131n artmas\u0131yla petrol t\u00fcketimi azalacak ve \u00c7in, 2030\u2019lar\u0131n ba\u015f\u0131nda petrol t\u00fcketen \u00fclkeler aras\u0131nda ilk s\u0131rada yer alacak.<\/p>\n<p style=\"color: #3c3c3c;\">Asya\u2019daki \u00fclkeler 2040\u2019a kadar d\u00fcnyada \u00fcretilen her \u00fc\u00e7 varil petrolden ikisini ithal edecek.<\/p>\n<p style=\"color: #3c3c3c;\">\u00c7in ve Ortado\u011fu\u2019nun da katk\u0131lar\u0131yla 2040\u2019a kadar do\u011falgaz talebi, fosil yak\u0131tlar i\u00e7erisinde en h\u0131zl\u0131 art\u0131\u015f\u0131 g\u00f6sterecek.<\/p>\n<p style=\"color: #3c3c3c;\">D\u00fcnyada do\u011falgaz \u00fcretimi artarken, ankonvansiyonel gaz k\u00fcresel arz art\u0131\u015f\u0131n\u0131n y\u00fczde 60\u2019\u0131n\u0131 olu\u015fturacak.<\/p>\n<p style=\"color: #3c3c3c;\">K\u00f6m\u00fcr talebindeki art\u0131\u015fa ra\u011fmen, k\u00fcresel karbon emisyonu hedeflerinden dolay\u0131 k\u00f6m\u00fcr\u00fcn kullan\u0131m\u0131n\u0131n s\u0131n\u0131rland\u0131r\u0131ld\u0131\u011f\u0131 belirtilen raporda, k\u00fcresel k\u00f6m\u00fcr talebinin 2040\u2019a kadar y\u00fczde 15 artaca\u011f\u0131 \u00f6ng\u00f6r\u00fcl\u00fcyor.<\/p>\n<p style=\"color: #3c3c3c;\">2020\u2019ye kadar Hindistan ABD\u2019yi geride b\u0131rakarak en \u00e7ok k\u00f6m\u00fcr kullanan ikinci \u00fclke, \u00c7in\u2019i ge\u00e7erek de en \u00e7ok k\u00f6m\u00fcr ithal eden \u00fclke olacak.<\/p>\n<p style=\"color: #3c3c3c;\">D\u00fc\u015f\u00fck fiyatlar ve devlet te\u015fviklerinin artmas\u0131yla 2040\u2019a kadarki k\u00fcresel elektrik \u00fcretimi i\u00e7erisinde yenilenebilir kaynaklar\u0131n pay\u0131n\u0131n yakla\u015f\u0131k y\u00fczde 50 olaca\u011f\u0131 \u00f6ng\u00f6r\u00fclen raporda, elektrik talebini kar\u015f\u0131lamak i\u00e7in 7 bin 200 gigavatl\u0131k kapasite art\u0131\u015f\u0131 gerekiyor.<\/p>\n<p style=\"color: #3c3c3c;\">Is\u0131nmak i\u00e7in kullan\u0131lan yenilenebilir kaynaklar\u0131n pay\u0131 2040\u2019a kadar iki kat\u0131na \u00e7\u0131karken, biyoenerji kullan\u0131m\u0131 g\u00fcnl\u00fck 4,6 milyon varille art\u0131\u015fla \u00fc\u00e7 kat \u00e7o\u011falacak.<\/p>\n<p style=\"color: #3c3c3c;\">Yenilenebilir kaynaklar i\u00e7erisinde en \u00e7ok art\u0131\u015f pay\u0131na r\u00fczgar sahip olurken, hidroelektrik ikinci s\u0131rada, g\u00fcne\u015f enerjisi de \u00fc\u00e7\u00fcnc\u00fc s\u0131rada yer alacak.<\/p>\n<p style=\"color: #3c3c3c;\">N\u00fckleer enerji kapasitesinin 2040\u2019a kadar y\u00fczde 60 artaca\u011f\u0131 belirtilen rapora g\u00f6re, k\u00fcresel n\u00fckleer kapasitesi 392 gigavattan 620 gigavata y\u00fckselecek.<\/p>\n<p style=\"color: #3c3c3c;\">Bu kapasite art\u0131\u015f\u0131n\u0131n y\u00fczde 45\u2019ini \u00c7in, y\u00fczde 30\u2019unu Hindistan, Kore ve Rusya olu\u015fturacak.<\/p>\n<p style=\"color: #3c3c3c;\">Kaynak:\u00a0<a style=\"color: #c75615;\" href=\"http:\/\/www.cnnturk.com\/haber\/ekonomi\/dunya\/enerji-talebi-2040a-kadar-yuzde-37-artacak\" target=\"_blank\" rel=\"nofollow\">CNN<\/a><\/p>\n<p><\/p>","protected":false},"excerpt":{"rendered":"<p>Sorry, this entry is only available in Turkish. For the sake of viewer convenience, the content is shown below in the alternative language. You may click the link to switch the active language. Uluslararas\u0131 Enerji Ajans\u0131 (IEA) taraf\u0131ndan yay\u0131mlanan \u201c2014 D\u00fcnya Enerji G\u00f6r\u00fcn\u00fcm\u00fc\u201d raporuna g\u00f6re, enerji talebindeki art\u0131\u015f, 2025\u2019ten sonra y\u00fczde 2\u2019den y\u00fczde 1\u2019e d\u00fc\u015fecek [&hellip;]<\/p>\n","protected":false},"author":1,"featured_media":33452,"comment_status":"open","ping_status":"open","sticky":false,"template":"","format":"standard","meta":[],"categories":[53,44],"tags":[19534,1198,886,92,1800,1023,168,19400,1022,1534],"views":828,"_links":{"self":[{"href":"https:\/\/www.enerjigazetesi.ist\/en\/wp-json\/wp\/v2\/posts\/33451"}],"collection":[{"href":"https:\/\/www.enerjigazetesi.ist\/en\/wp-json\/wp\/v2\/posts"}],"about":[{"href":"https:\/\/www.enerjigazetesi.ist\/en\/wp-json\/wp\/v2\/types\/post"}],"author":[{"embeddable":true,"href":"https:\/\/www.enerjigazetesi.ist\/en\/wp-json\/wp\/v2\/users\/1"}],"replies":[{"embeddable":true,"href":"https:\/\/www.enerjigazetesi.ist\/en\/wp-json\/wp\/v2\/comments?post=33451"}],"version-history":[{"count":1,"href":"https:\/\/www.enerjigazetesi.ist\/en\/wp-json\/wp\/v2\/posts\/33451\/revisions"}],"predecessor-version":[{"id":33453,"href":"https:\/\/www.enerjigazetesi.ist\/en\/wp-json\/wp\/v2\/posts\/33451\/revisions\/33453"}],"wp:featuredmedia":[{"embeddable":true,"href":"https:\/\/www.enerjigazetesi.ist\/en\/wp-json\/wp\/v2\/media\/33452"}],"wp:attachment":[{"href":"https:\/\/www.enerjigazetesi.ist\/en\/wp-json\/wp\/v2\/media?parent=33451"}],"wp:term":[{"taxonomy":"category","embeddable":true,"href":"https:\/\/www.enerjigazetesi.ist\/en\/wp-json\/wp\/v2\/categories?post=33451"},{"taxonomy":"post_tag","embeddable":true,"href":"https:\/\/www.enerjigazetesi.ist\/en\/wp-json\/wp\/v2\/tags?post=33451"}],"curies":[{"name":"wp","href":"https:\/\/api.w.org\/{rel}","templated":true}]}}