{"id":33434,"date":"2014-11-13T10:08:16","date_gmt":"2014-11-13T07:08:16","guid":{"rendered":"https:\/\/www.enerjigazetesi.ist\/?p=33434"},"modified":"2014-11-13T10:08:16","modified_gmt":"2014-11-13T07:08:16","slug":"ueabirol-petrol-fiyatlarindaki-dusus-uzun-surmeyecek","status":"publish","type":"post","link":"https:\/\/www.enerjigazetesi.ist\/en\/ueabirol-petrol-fiyatlarindaki-dusus-uzun-surmeyecek\/","title":{"rendered":"(Turkish) UEA\/Birol: \u201cPetrol Fiyatlar\u0131ndaki D\u00fc\u015f\u00fc\u015f Uzun S\u00fcrmeyecek\u201d"},"content":{"rendered":"<p class=\"qtranxs-available-languages-message qtranxs-available-languages-message-en\">Sorry, this entry is only available in <a href=\"https:\/\/www.enerjigazetesi.ist\/tr\/wp-json\/wp\/v2\/posts\/33434\" class=\"qtranxs-available-language-link qtranxs-available-language-link-tr\" title=\"Turkish\">Turkish<\/a>. For the sake of viewer convenience, the content is shown below in the alternative language. You may click the link to switch the active language.<\/p><p><\/p>\n<p style=\"color: #3c3c3c;\"><strong>Uluslararas\u0131 Enerji Ajans\u0131 Ba\u015fekonomisti Fatih Birol, Bloomberg HT\u2019nin sorular\u0131n\u0131 yan\u0131tlad\u0131. Birol, \u201c\u201dPetrol fiyatlar\u0131ndaki d\u00fc\u015f\u00fc\u015f\u00fcn uzun soluklu olaca\u011f\u0131n\u0131 sanm\u0131yorum\u201d dedi.<a href=\"https:\/\/www.enerjigazetesi.ist\/wp-content\/uploads\/2014\/11\/fatih-birol-2398239833.jpg\"><img loading=\"lazy\" class=\"alignright size-medium wp-image-33435\" src=\"https:\/\/www.enerjigazetesi.ist\/wp-content\/uploads\/2014\/11\/fatih-birol-2398239833-300x199.jpg\" alt=\"fatih-birol-2398239833\" width=\"300\" height=\"199\" srcset=\"https:\/\/www.enerjigazetesi.ist\/wp-content\/uploads\/2014\/11\/fatih-birol-2398239833-300x199.jpg 300w, https:\/\/www.enerjigazetesi.ist\/wp-content\/uploads\/2014\/11\/fatih-birol-2398239833-500x332.jpg 500w, https:\/\/www.enerjigazetesi.ist\/wp-content\/uploads\/2014\/11\/fatih-birol-2398239833-75x50.jpg 75w, https:\/\/www.enerjigazetesi.ist\/wp-content\/uploads\/2014\/11\/fatih-birol-2398239833.jpg 870w\" sizes=\"(max-width: 300px) 100vw, 300px\" \/><\/a><\/strong><span id=\"more-67945\"><\/span><\/p>\n<p style=\"color: #3c3c3c;\">Sa\u011fl\u0131kl\u0131 bir enerji talebi b\u00fcy\u00fcmesi oldu\u011funun g\u00f6zlendi\u011fini belirten Birol, petrol talebinin Asya \u00fclkeleri kaynakl\u0131 olarak b\u00fcy\u00fcyece\u011fini s\u00f6yledi.<\/p>\n<p style=\"color: #3c3c3c;\">D\u00fcnya petrol \u00fcretim art\u0131\u015f\u0131n\u0131n y\u00fczde 50\u2019sinin Irak\u2019tan gelmek zorunda oldu\u011funu kaydeden Birol, Irak\u2019a her y\u0131l 15 milyar dolar enerji yat\u0131r\u0131m\u0131 yap\u0131lmas\u0131 gerekti\u011fini dile getirdi. Birol jeopolitik gerginlik nedeniyle Irak\u2019a enerji yat\u0131r\u0131m\u0131 yap\u0131lamad\u0131\u011f\u0131n\u0131 ifade etti.<\/p>\n<p style=\"color: #3c3c3c;\">Birol kaya gaz\u0131 yat\u0131r\u0131mlar\u0131 ile ilgili olarak, \u201cPetrol fiyat\u0131 bu d\u00fczeyde kal\u0131rsa kaya gaz\u0131 yat\u0131r\u0131mlar\u0131 azalabilir. Petrol fiyat\u0131 80 dolarda kal\u0131rsa kaya gaz\u0131 yat\u0131r\u0131mlar\u0131 y\u00fczde 10 azalabilir\u201d \u015feklinde konu\u015ftu.<\/p>\n<p style=\"color: #3c3c3c;\">\u00dcretimdeki yava\u015flama petrol fiyatlar\u0131nda yeniden y\u00fckseli\u015fe neden olabilece\u011fini ifade eden Birol, \u201cAvrupa\u2019daki gaz talebi k\u0131\u015f uykusunda, 2030\u2019da 2010 y\u0131l\u0131ndaki talep yakalan\u0131r\u201d dedi.<\/p>\n<p style=\"color: #3c3c3c;\">Enerji arz g\u00fcvenli\u011finin \u00fclkelerin g\u00fcndemindeki yerini koruyaca\u011f\u0131n\u0131 vurgulayan Birol, T\u00fcrkiye\u2019de a\u00e7\u0131klanan pakette enerji ile ilgili yakla\u015f\u0131m\u0131n do\u011fru oldu\u011funu s\u00f6yledi. Birol, 20-25 y\u0131l i\u00e7inde gaz\u0131n petrol\u00fc ge\u00e7erek ilk s\u0131rada yer almas\u0131n\u0131n beklendi\u011fini belirtti.<\/p>\n<p style=\"color: #3c3c3c;\">Kaynak:\u00a0<a style=\"color: #c75615;\" href=\"http:\/\/www.bloomberght.com\/haberler\/haber\/1662625-ueabirol-petroldeki-dusus-uzun-surmeyecek\" target=\"_blank\" rel=\"nofollow\">Bloomberg HT<\/a><\/p>\n<p><\/p>","protected":false},"excerpt":{"rendered":"<p>Sorry, this entry is only available in Turkish. For the sake of viewer convenience, the content is shown below in the alternative language. You may click the link to switch the active language. Uluslararas\u0131 Enerji Ajans\u0131 Ba\u015fekonomisti Fatih Birol, Bloomberg HT\u2019nin sorular\u0131n\u0131 yan\u0131tlad\u0131. Birol, \u201c\u201dPetrol fiyatlar\u0131ndaki d\u00fc\u015f\u00fc\u015f\u00fcn uzun soluklu olaca\u011f\u0131n\u0131 sanm\u0131yorum\u201d dedi. Sa\u011fl\u0131kl\u0131 bir enerji [&hellip;]<\/p>\n","protected":false},"author":1,"featured_media":33435,"comment_status":"open","ping_status":"open","sticky":false,"template":"","format":"standard","meta":[],"categories":[53,44],"tags":[9809,818,19525,347,18929,1022],"views":626,"_links":{"self":[{"href":"https:\/\/www.enerjigazetesi.ist\/en\/wp-json\/wp\/v2\/posts\/33434"}],"collection":[{"href":"https:\/\/www.enerjigazetesi.ist\/en\/wp-json\/wp\/v2\/posts"}],"about":[{"href":"https:\/\/www.enerjigazetesi.ist\/en\/wp-json\/wp\/v2\/types\/post"}],"author":[{"embeddable":true,"href":"https:\/\/www.enerjigazetesi.ist\/en\/wp-json\/wp\/v2\/users\/1"}],"replies":[{"embeddable":true,"href":"https:\/\/www.enerjigazetesi.ist\/en\/wp-json\/wp\/v2\/comments?post=33434"}],"version-history":[{"count":1,"href":"https:\/\/www.enerjigazetesi.ist\/en\/wp-json\/wp\/v2\/posts\/33434\/revisions"}],"predecessor-version":[{"id":33436,"href":"https:\/\/www.enerjigazetesi.ist\/en\/wp-json\/wp\/v2\/posts\/33434\/revisions\/33436"}],"wp:featuredmedia":[{"embeddable":true,"href":"https:\/\/www.enerjigazetesi.ist\/en\/wp-json\/wp\/v2\/media\/33435"}],"wp:attachment":[{"href":"https:\/\/www.enerjigazetesi.ist\/en\/wp-json\/wp\/v2\/media?parent=33434"}],"wp:term":[{"taxonomy":"category","embeddable":true,"href":"https:\/\/www.enerjigazetesi.ist\/en\/wp-json\/wp\/v2\/categories?post=33434"},{"taxonomy":"post_tag","embeddable":true,"href":"https:\/\/www.enerjigazetesi.ist\/en\/wp-json\/wp\/v2\/tags?post=33434"}],"curies":[{"name":"wp","href":"https:\/\/api.w.org\/{rel}","templated":true}]}}