{"id":33422,"date":"2014-11-12T15:11:32","date_gmt":"2014-11-12T12:11:32","guid":{"rendered":"https:\/\/www.enerjigazetesi.ist\/?p=33422"},"modified":"2014-11-12T15:11:32","modified_gmt":"2014-11-12T12:11:32","slug":"bakan-yildiz-ermenekte-eski-ocaga-yaklasma-mesafesi-6-metreye-inmis","status":"publish","type":"post","link":"https:\/\/www.enerjigazetesi.ist\/en\/bakan-yildiz-ermenekte-eski-ocaga-yaklasma-mesafesi-6-metreye-inmis\/","title":{"rendered":"(Turkish) Bakan Y\u0131ld\u0131z: \u201cErmenek\u2019te Eski Oca\u011fa Yakla\u015fma Mesafesi 6 Metreye \u0130nmi\u015f\u201d"},"content":{"rendered":"<p class=\"qtranxs-available-languages-message qtranxs-available-languages-message-en\">Sorry, this entry is only available in <a href=\"https:\/\/www.enerjigazetesi.ist\/tr\/wp-json\/wp\/v2\/posts\/33422\" class=\"qtranxs-available-language-link qtranxs-available-language-link-tr\" title=\"Turkish\">Turkish<\/a>. For the sake of viewer convenience, the content is shown below in the alternative language. You may click the link to switch the active language.<\/p><p><\/p>\n<p style=\"color: #3c3c3c;\"><strong>Enerji ve Tabii Kaynaklar Bakan\u0131 Y\u0131ld\u0131z, Ermenek\u2019te kazan\u0131n oldu\u011fu ocakta hatalar g\u00f6rd\u00fcklerini belirterek, \u201cEski galeri ile yeni galeri aras\u0131ndaki mesafe 6-7 metreye inmi\u015f. As\u0131l hata bu. Bu karara kimler ortak olmu\u015fsa onlar su\u00e7ludurlar\u201d dedi.<\/strong><span id=\"more-67929\"><\/span><\/p>\n<p style=\"color: #3c3c3c;\">Enerjive Tabii Kaynaklar Bakan\u0131 Taner Y\u0131ld\u0131z, Ermenek\u2019teki maden kazas\u0131n\u0131n meydana geldi\u011fi ocakta 2015\u2019teki i\u015f program\u0131n\u0131n bir k\u0131sm\u0131n\u0131n 2014\u2019te ba\u015flamas\u0131yla <a href=\"https:\/\/www.enerjigazetesi.ist\/wp-content\/uploads\/2014\/11\/taner-y\u0131ld\u0131z-32988923333.jpg\"><img loading=\"lazy\" class=\"alignright size-medium wp-image-33423\" src=\"https:\/\/www.enerjigazetesi.ist\/wp-content\/uploads\/2014\/11\/taner-y\u0131ld\u0131z-32988923333-300x201.jpg\" alt=\"Ermenek'te k\u00f6m\u00fcr oca\u011f\u0131nda i\u015f\u00e7ilerin mahsur kalmas\u0131\" width=\"300\" height=\"201\" srcset=\"https:\/\/www.enerjigazetesi.ist\/wp-content\/uploads\/2014\/11\/taner-y\u0131ld\u0131z-32988923333-300x201.jpg 300w, https:\/\/www.enerjigazetesi.ist\/wp-content\/uploads\/2014\/11\/taner-y\u0131ld\u0131z-32988923333-500x335.jpg 500w, https:\/\/www.enerjigazetesi.ist\/wp-content\/uploads\/2014\/11\/taner-y\u0131ld\u0131z-32988923333-74x50.jpg 74w, https:\/\/www.enerjigazetesi.ist\/wp-content\/uploads\/2014\/11\/taner-y\u0131ld\u0131z-32988923333.jpg 870w\" sizes=\"(max-width: 300px) 100vw, 300px\" \/><\/a>ilgili baz\u0131 hatalar g\u00f6rd\u00fcklerini belirterek, \u201c\u015eu kesin ki, eski galeri ile yeni galeri aras\u0131ndaki yakla\u015fma mesafesi 6-7 metreye kadar inmi\u015f durumda. As\u0131l hatan\u0131n kaynakland\u0131\u011f\u0131 nokta oras\u0131d\u0131r. Bu karara kimler ortak olmu\u015fsa onlar su\u00e7ludurlar\u201d dedi. Hazar Strateji Enstit\u00fcs\u00fc\u2019n\u00fcn 2\u2019nci kurulu\u015f y\u0131ld\u00f6n\u00fcm\u00fc dolay\u0131s\u0131yla d\u00fczenlenen toplant\u0131n\u0131n ard\u0131ndan sorular\u0131 yan\u0131tlayan Y\u0131ld\u0131z, Ermenek\u2019le ilgili olarak Bakanlar Kurulu\u2019nu bilgilendirdiklerini belirterek \u015funlar\u0131 s\u00f6yledi: \u201c\u015eu anda desandrenin son d\u00f6neme\u00e7 dedi\u011fimiz noktas\u0131na, 325\u2019inci metreye gelinmi\u015f durumda. Nefeslik k\u0131sm\u0131ndan da yakla\u015f\u0131k 17 metre daha ilerlendi. Tahkimattaki bir k\u0131s\u0131m bozulman\u0131n ve yerdeki k\u00f6m\u00fcrle kar\u0131\u015f\u0131k \u015flam ve \u00e7amuru arkada\u015flar\u0131m bir kez daha teyit ettiler. Arkada\u015flar\u0131m\u0131za ula\u015fmaya y\u00f6nelik \u00e7al\u0131\u015fmalar 24 saat kesintisiz devam ediyor. Her a\u00e7\u0131lan metrede i\u015f\u00e7i karde\u015flerimizle kar\u015f\u0131la\u015fabiliriz. Ama suyun hareketlerinin onlar\u0131 nerelere kadar ta\u015f\u0131d\u0131\u011f\u0131n\u0131 ancak ula\u015ft\u0131ktan sonra s\u00f6yleyebilece\u011fiz.<\/p>\n<p style=\"color: #3c3c3c;\">Soma\u2019daki maden kazas\u0131 sonras\u0131 94 maden oca\u011f\u0131n\u0131n kapat\u0131ld\u0131\u011f\u0131n\u0131 da belirten Enerji ve Tabii Kaynaklar Bakan Y\u0131ld\u0131z, \u2018Sekt\u00f6r\u00fcn bulundu\u011fu noktadan daha iyi bir noktaya getirmemiz laz\u0131m. Soma\u2019dan bu yana 94 tane oca\u011f\u0131n, k\u00f6m\u00fcr oca\u011f\u0131n\u0131n \u00c7al\u0131\u015fma ve Sosyal G\u00fcvenlik Bakanl\u0131\u011f\u0131 ve Enerji veTabiKaynaklar Bakanl\u0131\u011f\u0131\u2019n\u0131n yapt\u0131\u011f\u0131 tefti\u015f ve denetimlerde kapat\u0131ld\u0131\u011f\u0131n\u0131 s\u00f6ylemem laz\u0131m. Bunlar\u0131n bir k\u0131sm\u0131 eksikleklerini gidermediler. Eksikliklerini gidermeyenler a\u00e7\u0131lmad\u0131lar. \u0130\u015f sa\u011f\u0131l\u0131\u011f\u0131 ve hayat\u0131 ile alakal\u0131 g\u00fcvenilir bir \u00e7al\u0131\u015fma ortam\u0131n\u0131n olu\u015fmas\u0131 i\u00e7in bir\u00e7ok a\u00e7\u0131dan bu konunun \u00fczerinde durdu\u011funumuzun bilinmesini isterim. Ba\u015fbakan\u0131m\u0131z bunlar\u0131n bir k\u0131s\u0131m\u0131n\u0131 sizlerle payla\u015facak\u2019 diye konu\u015ftu. Soma\u2019daki zeytin a\u011fa\u00e7lar\u0131n\u0131n kesilmesi konusuna da de\u011finen Y\u0131ld\u0131z, T\u00fcrkiye\u2019nin yer alt\u0131 ve \u00fcst\u00fc kaynaklar\u0131ndan birinin se\u00e7ilmesinin di\u011ferinden vazge\u00e7mek anlam\u0131na gelmedi\u011fini s\u00f6yledi. Y\u0131ld\u0131z, 12 y\u0131l \u00f6nce 92 milyon olan zeytin a\u011fac\u0131 say\u0131s\u0131n\u0131n G\u0131da, Tar\u0131m ve Hayvanc\u0131l\u0131k Bakanl\u0131\u011f\u0131n\u0131n \u00e7al\u0131\u015fmalar\u0131yla 170 milyonu ge\u00e7ti\u011fini a\u00e7\u0131klad\u0131.<\/p>\n<p style=\"color: #3c3c3c;\">Kaynak:<\/p>\n<p><\/p>","protected":false},"excerpt":{"rendered":"<p>Sorry, this entry is only available in Turkish. For the sake of viewer convenience, the content is shown below in the alternative language. You may click the link to switch the active language. Enerji ve Tabii Kaynaklar Bakan\u0131 Y\u0131ld\u0131z, Ermenek\u2019te kazan\u0131n oldu\u011fu ocakta hatalar g\u00f6rd\u00fcklerini belirterek, \u201cEski galeri ile yeni galeri aras\u0131ndaki mesafe 6-7 metreye [&hellip;]<\/p>\n","protected":false},"author":1,"featured_media":33423,"comment_status":"open","ping_status":"open","sticky":false,"template":"","format":"standard","meta":[],"categories":[53],"tags":[19508,19509,19510,1816,667],"views":677,"_links":{"self":[{"href":"https:\/\/www.enerjigazetesi.ist\/en\/wp-json\/wp\/v2\/posts\/33422"}],"collection":[{"href":"https:\/\/www.enerjigazetesi.ist\/en\/wp-json\/wp\/v2\/posts"}],"about":[{"href":"https:\/\/www.enerjigazetesi.ist\/en\/wp-json\/wp\/v2\/types\/post"}],"author":[{"embeddable":true,"href":"https:\/\/www.enerjigazetesi.ist\/en\/wp-json\/wp\/v2\/users\/1"}],"replies":[{"embeddable":true,"href":"https:\/\/www.enerjigazetesi.ist\/en\/wp-json\/wp\/v2\/comments?post=33422"}],"version-history":[{"count":1,"href":"https:\/\/www.enerjigazetesi.ist\/en\/wp-json\/wp\/v2\/posts\/33422\/revisions"}],"predecessor-version":[{"id":33424,"href":"https:\/\/www.enerjigazetesi.ist\/en\/wp-json\/wp\/v2\/posts\/33422\/revisions\/33424"}],"wp:featuredmedia":[{"embeddable":true,"href":"https:\/\/www.enerjigazetesi.ist\/en\/wp-json\/wp\/v2\/media\/33423"}],"wp:attachment":[{"href":"https:\/\/www.enerjigazetesi.ist\/en\/wp-json\/wp\/v2\/media?parent=33422"}],"wp:term":[{"taxonomy":"category","embeddable":true,"href":"https:\/\/www.enerjigazetesi.ist\/en\/wp-json\/wp\/v2\/categories?post=33422"},{"taxonomy":"post_tag","embeddable":true,"href":"https:\/\/www.enerjigazetesi.ist\/en\/wp-json\/wp\/v2\/tags?post=33422"}],"curies":[{"name":"wp","href":"https:\/\/api.w.org\/{rel}","templated":true}]}}